{"id":1080,"date":"2020-11-04T18:21:39","date_gmt":"2020-11-04T15:21:39","guid":{"rendered":"http:\/\/mersinekonomipolitikagazetesi.com\/?p=1080"},"modified":"2020-11-04T18:21:39","modified_gmt":"2020-11-04T15:21:39","slug":"baskan-tarhan-avrupa-bisiklet-yarismasina-katilarak-pedal-cevirdi","status":"publish","type":"post","link":"https:\/\/akdenizolaygazetesi.com\/?p=1080","title":{"rendered":"Ba\u015fkan Tarhan, Avrupa Bisiklet Yar\u0131\u015fmas\u0131na kat\u0131larak pedal \u00e7evirdi"},"content":{"rendered":"<p>T\u00fcrkiye\u2019den sadece Mersin ve \u0130zmir\u2019in yer ald\u0131\u011f\u0131, May\u0131s ay\u0131 boyunca bir\u00e7ok Avrupa kentinin sakinlerinin yar\u0131\u015ft\u0131\u011f\u0131 Avrupa Bisiklet Yar\u0131\u015fmas\u0131&#8217;na Mezitli Belediye Ba\u015fkan\u0131 Ne\u015fet Tarhan da kat\u0131larak bisiklet\u00e7ilerle birlikte pedal \u00e7evirdi.<\/p>\n<p>Mersin\u2019in 50 Avrupa kentinde tan\u0131t\u0131m\u0131na katk\u0131 sa\u011flayacak Avrupa Bisiklet Yar\u0131\u015fmas\u0131 b\u00fct\u00fcn h\u0131z\u0131yla devam ediyor. 31 May\u0131s 2017 tarihine kadar s\u00fcrecek olan yar\u0131\u015flar\u0131n Mezitli tan\u0131t\u0131m aya\u011f\u0131 ger\u00e7ekle\u015ftirildi. Soli Pompeiopolis S\u00fctunlu Cadde Bisiklet ve Y\u00fcr\u00fcy\u00fc\u015f Yolu\u2019nda ger\u00e7ekle\u015fen etkinlikte, Mezitli Belediyesi Spor Okullar\u0131 Zumba Kursu \u00f6\u011frencileri de bir g\u00f6steri yapt\u0131. Gen\u00e7lerin bisiklet ve akrobatik dans g\u00f6sterilerini ger\u00e7ekle\u015ftirdikleri etkinlikte \u00e7ok say\u0131da firma da stant a\u00e7arak etkinli\u011fe kat\u0131lan konuklara ikramlarda bulundu.<br \/>\nEtkinlikte Ba\u015fkan Tarhan da Mersin Bisiklet Derne\u011fi, Mersin Ticaret ve Sanayi Odas\u0131 Bisiklet Tak\u0131m\u0131 ve Mezitli Belediyesi Bisiklet Tak\u0131m\u0131yla birlikte bisiklet s\u00fcrerek, Mersin\u2019in yar\u0131\u015flardaki puan\u0131n\u0131 art\u0131rmaya \u00e7al\u0131\u015ft\u0131. Tarhan, bisiklet\u00e7ilerle birlikte Soli Pompeiopolis S\u00fctunlu Cadde\u2019den Bar\u0131\u015f Meydan\u0131\u2019na kadar g\u00f6n\u00fcll\u00fc bisiklet\u00e7ilerle birlikte bisiklete bindi.<br \/>\nMezitli\u2019yi bisiklet kenti yapmak i\u00e7in b\u00fcy\u00fck bir \u00e7aba sarf ettiklerini ifade eden Tarhan, Mersin\u2019de ya\u015fayanlar\u0131n indirdikleri bir uygulama ile yar\u0131\u015fabildikleri yar\u0131\u015fmaya Mezitli Belediyesi olarak kendisinin de aktif bir \u015fekilde kat\u0131ld\u0131\u011f\u0131n\u0131 s\u00f6yledi. Tarhan, \u201cBisikleti daha \u00e7ok cazip k\u0131lmak ve g\u00fcndemde tutmak i\u00e7in t\u00fcm f\u0131rsatlar\u0131 de\u011ferlendirmek istiyoruz. Yapt\u0131\u011f\u0131m\u0131z bisiklet yollar\u0131 sonras\u0131 Sa\u011fl\u0131k Bakanl\u0131\u011f\u0131m\u0131z\u0131n deste\u011fi ile y\u00fczlerce bisikleti vatanda\u015flar\u0131m\u0131za ula\u015ft\u0131rd\u0131k. Yollarda bu bisikletleri g\u00f6rd\u00fck\u00e7e mutlulu\u011fumuz ve heyecan\u0131m\u0131z katlan\u0131yor. Avrupa Bisiklet Yar\u0131\u015fmas\u0131 da kendimizi ve kentimizi tan\u0131tmak i\u00e7in b\u00fcy\u00fck bir f\u0131rsatt\u0131r\u201d dedi.<br \/>\n\u201cBu yar\u0131\u015flara t\u00fcm halk\u0131m\u0131z kat\u0131lmal\u0131d\u0131r\u201d<br \/>\nG\u00fcn i\u00e7erisinde bisiklet kullanmaya \u00f6zen g\u00f6sterdi\u011fini belirten Tarhan, \u201c\u00c7evreci ve sa\u011fl\u0131kl\u0131 bir ula\u015f\u0131m fark\u0131ndal\u0131\u011f\u0131 yaratmay\u0131 hedefleyen, kent sakinlerinin bisiklet kullan\u0131m al\u0131\u015fkanl\u0131klar\u0131n\u0131n artt\u0131r\u0131lmas\u0131 amac\u0131yla d\u00fczenlenen bu yar\u0131\u015fmaya ben de kat\u0131l\u0131yorum. Bu yolla Mezitli\u2019nin uluslararas\u0131 platformlarda tan\u0131t\u0131m\u0131 sa\u011flanm\u0131\u015f olacak. Mezitli Kart arac\u0131l\u0131\u011f\u0131 ile 19 May\u0131s\u2019ta 119 bisiklet daha da\u011f\u0131taca\u011f\u0131z. T\u00fcm vatanda\u015flar\u0131m\u0131z\u0131n bu yar\u0131\u015fmaya kat\u0131larak kentimizin tan\u0131t\u0131lmas\u0131na katk\u0131 sa\u011flamalar\u0131n\u0131 istiyorum. Naviki ad\u0131 verilen ve cep telefonlar\u0131na \u00fccretsiz indirilen bu uygulaman\u0131n \u00e7al\u0131\u015ft\u0131r\u0131lmas\u0131 ile Mersin\u2019e yar\u0131\u015flarda destek sa\u011flanacak. Bu yar\u0131\u015fma t\u00fcm Avrupa\u2019ya bisiklet kenti oldu\u011fumuzu g\u00f6stermenin bir f\u0131rsat\u0131 olacakt\u0131r\u201d diye konu\u015ftu.<\/p>\n","protected":false},"excerpt":{"rendered":"<p>T\u00fcrkiye\u2019den sadece Mersin ve \u0130zmir\u2019in yer ald\u0131\u011f\u0131, May\u0131s ay\u0131 boyunca bir\u00e7ok Avrupa kentinin sakinlerinin yar\u0131\u015ft\u0131\u011f\u0131 Avrupa Bisiklet Yar\u0131\u015fmas\u0131&#8217;na Mezitli Belediye Ba\u015fkan\u0131 Ne\u015fet Tarhan da kat\u0131larak bisiklet\u00e7ilerle birlikte pedal \u00e7evirdi. Mersin\u2019in &hellip; <a href=\"https:\/\/akdenizolaygazetesi.com\/?p=1080\" class=\"more-link\">Devam\u0131n\u0131 Oku&#8230;<\/a><\/p>\n","protected":false},"author":1,"featured_media":0,"comment_status":"open","ping_status":"open","sticky":false,"template":"","format":"standard","meta":[],"categories":[],"tags":[],"_links":{"self":[{"href":"https:\/\/akdenizolaygazetesi.com\/index.php?rest_route=\/wp\/v2\/posts\/1080"}],"collection":[{"href":"https:\/\/akdenizolaygazetesi.com\/index.php?rest_route=\/wp\/v2\/posts"}],"about":[{"href":"https:\/\/akdenizolaygazetesi.com\/index.php?rest_route=\/wp\/v2\/types\/post"}],"author":[{"embeddable":true,"href":"https:\/\/akdenizolaygazetesi.com\/index.php?rest_route=\/wp\/v2\/users\/1"}],"replies":[{"embeddable":true,"href":"https:\/\/akdenizolaygazetesi.com\/index.php?rest_route=%2Fwp%2Fv2%2Fcomments&post=1080"}],"version-history":[{"count":0,"href":"https:\/\/akdenizolaygazetesi.com\/index.php?rest_route=\/wp\/v2\/posts\/1080\/revisions"}],"wp:attachment":[{"href":"https:\/\/akdenizolaygazetesi.com\/index.php?rest_route=%2Fwp%2Fv2%2Fmedia&parent=1080"}],"wp:term":[{"taxonomy":"category","embeddable":true,"href":"https:\/\/akdenizolaygazetesi.com\/index.php?rest_route=%2Fwp%2Fv2%2Fcategories&post=1080"},{"taxonomy":"post_tag","embeddable":true,"href":"https:\/\/akdenizolaygazetesi.com\/index.php?rest_route=%2Fwp%2Fv2%2Ftags&post=1080"}],"curies":[{"name":"wp","href":"https:\/\/api.w.org\/{rel}","templated":true}]}}