{"id":1081,"date":"2020-11-04T18:21:39","date_gmt":"2020-11-04T15:21:39","guid":{"rendered":"http:\/\/mersinekonomipolitikagazetesi.com\/?p=1081"},"modified":"2020-11-04T18:21:39","modified_gmt":"2020-11-04T15:21:39","slug":"erdemli-belediyesi-mazide-erdemli-kitabi-icin-imza-gunu-duzenledi","status":"publish","type":"post","link":"https:\/\/akdenizolaygazetesi.com\/?p=1081","title":{"rendered":"Erdemli Belediyesi, \u2018Mazide Erdemli\u2019 kitab\u0131 i\u00e7in imza g\u00fcn\u00fc d\u00fczenledi"},"content":{"rendered":"<p>Mersin\u2019in Erdemli Belediyesi, emekli \u00f6\u011fretmen, ara\u015ft\u0131rmac\u0131, yazar Ahmet Refik Erdem\u2019in kaleme ald\u0131\u011f\u0131 \u2018Mazide Erdemli\u2019 kitab\u0131n\u0131n bas\u0131m\u0131n\u0131 yapt\u0131rarak imza g\u00fcn\u00fc d\u00fczenledi.<\/p>\n<p>M\u00fckerrem Tollu, Erdemli\u2019yi k\u00fclt\u00fcr ve sanat \u015fehrine d\u00f6n\u00fc\u015ft\u00fcrmek i\u00e7in \u00e7al\u0131\u015ft\u0131klar\u0131n\u0131 ve bunun i\u00e7in \u00e7al\u0131\u015fan herkese destek olmaya devam edeceklerini s\u00f6yledi.<br \/>\n\u2018Mazide Erdemli\u2019 kitab\u0131 i\u00e7in Erdemli Belediyesi K\u00fclt\u00fcr Merkezinde d\u00fczenlenen programda bir konu\u015fma yapan emekli \u00f6\u011fretmen ve ara\u015ft\u0131rmac\u0131, yazar Erdem, kitab\u0131n imza g\u00fcn\u00fcn\u00fcn Erdemli Akademisi 2017 \u00c7al\u0131\u015ftay\u0131 ile i\u00e7 i\u00e7e olmas\u0131n\u0131n kendisi a\u00e7\u0131s\u0131ndan ayr\u0131 bir gurur kayna\u011f\u0131 oldu\u011funu belirtti. Kitab\u0131yla ilgili bilgi veren Erdem, \u201cBu kitab\u0131 yazarken, Erdemli\u2019nin \u015fimdiye kadar ge\u00e7mi\u015fiyle ilgili bilgi veren, topyekun Erdemli&#8217;nin ge\u00e7mi\u015fini anlatan eser yoktu. Allah k\u0131smet etti ve bu kitab\u0131 yazmak nasip oldu. Bu kitab\u0131n yaz\u0131lmas\u0131n\u0131n as\u0131l sebebi Erdemli\u2019yi anlatan bir kaynak olmay\u0131\u015f\u0131yd\u0131. Bu konuda ge\u00e7 kalm\u0131\u015ft\u0131k. Amac\u0131m, \u00e7ocuklar\u0131m\u0131za, gen\u00e7lerimize yerel k\u00fclt\u00fcr\u00fc, mahalli tarih bilincini kazand\u0131rmak, kendi y\u00f6resel tarihlerine ve milli tarihlerine ilgi duymalar\u0131n\u0131 sa\u011flamakt\u0131r\u201d dedi.<br \/>\nBu kitapla memleketine olan borcunu bir nebze \u00f6dedi\u011fini dile getiren Erdem, \u201cErdemli bizi okuttu, yeti\u015ftirdi. Erdemli\u2019ye bu kitab\u0131 hediye ediyorum. Tam anlam\u0131yla tarih kitab\u0131 diyemeyiz, i\u00e7inde folklorik bilgiler de var. Bilimsel bir kitap olmaktan ziyade herkesin okuyabilece\u011fi bir kitap olmas\u0131 gerekti\u011fini d\u00fc\u015f\u00fcnd\u00fcm. Yazd\u0131\u011f\u0131m kitab\u0131n i\u00e7eri\u011fi ger\u00e7ek bilgilere dayanmaktad\u0131r\u201d diye konu\u015ftu.<br \/>\nBelediye Ba\u015fkan\u0131 Tollu da yazar\u0131n Erdemli\u2019nin yeti\u015ftirdi\u011fi \u00f6nemli de\u011ferlerden oldu\u011funu ifade etti. \u015eimdiye kadar her y\u00f6n\u00fcyle Erdemli\u2019yi anlatan bir yaz\u0131l\u0131 belgenin olmay\u0131\u015f\u0131n\u0131n, Erdemli\u2019yi k\u00fclt\u00fcr ve sanat y\u00f6n\u00fcnden zay\u0131f durumda b\u0131rakt\u0131\u011f\u0131n\u0131 vurgulayan Tollu, \u201cErdemli Belediyesi olarak Erdemlimizin gelece\u011fine dair ciddi bir \u00e7al\u0131\u015fman\u0131n i\u00e7indeyiz. Belediyemizde kurdu\u011fumuz bir\u00e7ok birim vas\u0131tas\u0131yla Erdemlimizin bir k\u00fclt\u00fcr ar\u015fivinin olu\u015fturulmas\u0131 gayretindeyiz. Erdemlimizin in\u015fallah ge\u00e7mi\u015finden gelece\u011fine umut tutan bu kitab\u0131n\u0131n da v\u00fccuda gelmesinde belediyemizin gayreti var. As\u0131l gayreti olan Ahmet Refik hocam\u0131z\u0131n kaleme ald\u0131\u011f\u0131 bu kitab\u0131n Erdemlimize katk\u0131s\u0131 olaca\u011f\u0131n\u0131 d\u00fc\u015f\u00fcn\u00fcyorum. Kendisine te\u015fekk\u00fcr ediyorum\u201d ifadelerini kulland\u0131.<\/p>\n","protected":false},"excerpt":{"rendered":"<p>Mersin\u2019in Erdemli Belediyesi, emekli \u00f6\u011fretmen, ara\u015ft\u0131rmac\u0131, yazar Ahmet Refik Erdem\u2019in kaleme ald\u0131\u011f\u0131 \u2018Mazide Erdemli\u2019 kitab\u0131n\u0131n bas\u0131m\u0131n\u0131 yapt\u0131rarak imza g\u00fcn\u00fc d\u00fczenledi. M\u00fckerrem Tollu, Erdemli\u2019yi k\u00fclt\u00fcr ve sanat \u015fehrine d\u00f6n\u00fc\u015ft\u00fcrmek i\u00e7in \u00e7al\u0131\u015ft\u0131klar\u0131n\u0131 &hellip; <a href=\"https:\/\/akdenizolaygazetesi.com\/?p=1081\" class=\"more-link\">Devam\u0131n\u0131 Oku&#8230;<\/a><\/p>\n","protected":false},"author":1,"featured_media":0,"comment_status":"open","ping_status":"open","sticky":false,"template":"","format":"standard","meta":[],"categories":[],"tags":[],"_links":{"self":[{"href":"https:\/\/akdenizolaygazetesi.com\/index.php?rest_route=\/wp\/v2\/posts\/1081"}],"collection":[{"href":"https:\/\/akdenizolaygazetesi.com\/index.php?rest_route=\/wp\/v2\/posts"}],"about":[{"href":"https:\/\/akdenizolaygazetesi.com\/index.php?rest_route=\/wp\/v2\/types\/post"}],"author":[{"embeddable":true,"href":"https:\/\/akdenizolaygazetesi.com\/index.php?rest_route=\/wp\/v2\/users\/1"}],"replies":[{"embeddable":true,"href":"https:\/\/akdenizolaygazetesi.com\/index.php?rest_route=%2Fwp%2Fv2%2Fcomments&post=1081"}],"version-history":[{"count":0,"href":"https:\/\/akdenizolaygazetesi.com\/index.php?rest_route=\/wp\/v2\/posts\/1081\/revisions"}],"wp:attachment":[{"href":"https:\/\/akdenizolaygazetesi.com\/index.php?rest_route=%2Fwp%2Fv2%2Fmedia&parent=1081"}],"wp:term":[{"taxonomy":"category","embeddable":true,"href":"https:\/\/akdenizolaygazetesi.com\/index.php?rest_route=%2Fwp%2Fv2%2Fcategories&post=1081"},{"taxonomy":"post_tag","embeddable":true,"href":"https:\/\/akdenizolaygazetesi.com\/index.php?rest_route=%2Fwp%2Fv2%2Ftags&post=1081"}],"curies":[{"name":"wp","href":"https:\/\/api.w.org\/{rel}","templated":true}]}}