{"id":10810,"date":"2021-02-17T14:55:06","date_gmt":"2021-02-17T11:55:06","guid":{"rendered":"http:\/\/akdenizolaygazetesi.com\/?p=10810"},"modified":"2021-02-17T14:55:06","modified_gmt":"2021-02-17T11:55:06","slug":"buyuksehirden-yuksek-kesimlerde-karla-mucadele-calismasi","status":"publish","type":"post","link":"https:\/\/akdenizolaygazetesi.com\/?p=10810","title":{"rendered":"B\u00dcY\u00dcK\u015eEH\u0130R\u2019DEN Y\u00dcKSEK KES\u0130MLERDE KARLA M\u00dcCADELE \u00c7ALI\u015eMASI"},"content":{"rendered":"<p>B\u00fcy\u00fck\u015fehir Belediyesi Tarsus-\u00c7aml\u0131yayla \u015eube M\u00fcd\u00fcrl\u00fc\u011f\u00fc\u2019ne ba\u011fl\u0131 ekipler, \u00f6zellikle d\u00fcn gece saatlerinde etkisini art\u0131ran kar ya\u011f\u0131\u015f\u0131ndan dolay\u0131 yollar\u0131n kapanmamas\u0131 i\u00e7in sabah saatlerine kadar greyderlerle \u00e7al\u0131\u015fma y\u00fcr\u00fctt\u00fc. Ekipler \u00c7aml\u0131yayla merkez, \u00c7aml\u0131yayla-Fak\u0131lar, Bel\u00e7\u0131nar-Fak\u0131lar, Sebil ve K\u00f6rmenlik yollar\u0131nda toplam 35 kilometre, Tarsus\u2019a ba\u011fl\u0131 G\u00fclek merkez ile \u00c7amalan, Ard\u0131\u00e7l\u0131, \u0130nk\u00f6y\u00fc, Olukkoya\u011f\u0131 grup yolu ile yine Ard\u0131\u00e7l\u0131-G\u00fclek grup yolunda da toplam 30 kilometre kar temizli\u011fi yapt\u0131.<\/p>\n<p> So\u011fuk ve ya\u011f\u0131\u015fl\u0131 hava \u00fclke genelinde oldu\u011fu gibi Mersin\u2019de de etkisini s\u00fcrd\u00fcr\u00fcrken, B\u00fcy\u00fck\u015fehir Belediyesi \u00f6zellikle y\u00fcksek kesimlerdeki kar ya\u011f\u0131\u015f\u0131n\u0131n olumsuzluk yaratmamas\u0131 i\u00e7in yo\u011fun mesai harc\u0131yor. D\u00fcn gece saatlerinden itibaren etkisini art\u0131ran kar ya\u011f\u0131\u015f\u0131na kar\u015f\u0131 teyakkuzda olan ekipler kapanan yollar\u0131 a\u00e7arak, tuzlama \u00e7al\u0131\u015fmas\u0131 yap\u0131yor.<\/p>\n<p>K\u0131rsal mahallelerde karlar temizleniyor, yollar a\u00e7\u0131l\u0131yor<\/p>\n<p>B\u00fcy\u00fck\u015fehir Belediyesi Tarsus-\u00c7aml\u0131yayla \u015eube M\u00fcd\u00fcrl\u00fc\u011f\u00fc ekipleri, d\u00fcn gece saatlerinde etkisini art\u0131ran kar ya\u011f\u0131\u015f\u0131 dolay\u0131s\u0131yla, k\u0131rsal mahalle grup yollar\u0131nda kapanma ya\u015fanmamas\u0131 i\u00e7in geceden sabaha kadar \u00e7al\u0131\u015fma y\u00fcr\u00fctt\u00fc. \u00c7al\u0131\u015fmalar kapsam\u0131nda \u00c7aml\u0131yayla il\u00e7esi, G\u00fclek ve di\u011fer ba\u011fl\u0131 mahalle yollar\u0131nda kar temizlik faaliyeti ger\u00e7ekle\u015ftirildi. 3 greyderin kullan\u0131ld\u0131\u011f\u0131 \u00e7al\u0131\u015fmalarda \u00c7aml\u0131yayla merkez, \u00c7aml\u0131yayla-Fak\u0131lar, Bel\u00e7\u0131nar-Fak\u0131lar, Sebil ve K\u00f6rmenlik yollar\u0131nda toplam 35 kilometre kar temizli\u011fi yap\u0131ld\u0131.<\/p>\n<p>Tuzlama \u00e7al\u0131\u015fmalar\u0131 s\u00fcr\u00fcyor<\/p>\n<p>Tarsus\u2019a ba\u011fl\u0131 k\u0131rsaldaki en b\u00fcy\u00fck yerle\u015fim yerlerinden olan G\u00fclek merkez ile \u00c7amalan, Ard\u0131\u00e7l\u0131, \u0130nk\u00f6y\u00fc, Olukkoya\u011f\u0131 grup yolu ile yine Ard\u0131\u00e7l\u0131-G\u00fclek grup yolunda kar temizli\u011fi ger\u00e7ekle\u015ftirildi. Toplam 30 kilometrelik yolda kar k\u00fcremesinin yap\u0131ld\u0131\u011f\u0131 bu b\u00f6lgede ekipler g\u00fcnd\u00fcz saatlerinde de \u00e7al\u0131\u015fma y\u00fcr\u00fct\u00fcyor. Tarsus\u2019a ba\u011fl\u0131 k\u0131rsal mahalleler olan Pir\u00f6merli, Dorak, Boztepe ve B\u00f6\u011fr\u00fce\u011fri grup yolunda da ekipler hummal\u0131 \u015fekilde mesai harcad\u0131. Kar k\u00fcreme \u00e7al\u0131\u015fmalar\u0131n\u0131n yap\u0131ld\u0131\u011f\u0131 t\u00fcm yollarda olas\u0131 don \u00f6ncesi tuzlama \u00e7al\u0131\u015fmalar\u0131 da yap\u0131l\u0131yor.<\/p>\n","protected":false},"excerpt":{"rendered":"<p>B\u00fcy\u00fck\u015fehir Belediyesi Tarsus-\u00c7aml\u0131yayla \u015eube M\u00fcd\u00fcrl\u00fc\u011f\u00fc\u2019ne ba\u011fl\u0131 ekipler, \u00f6zellikle d\u00fcn gece saatlerinde etkisini art\u0131ran kar ya\u011f\u0131\u015f\u0131ndan dolay\u0131 yollar\u0131n kapanmamas\u0131 i\u00e7in sabah saatlerine kadar greyderlerle \u00e7al\u0131\u015fma y\u00fcr\u00fctt\u00fc. Ekipler \u00c7aml\u0131yayla merkez, \u00c7aml\u0131yayla-Fak\u0131lar, Bel\u00e7\u0131nar-Fak\u0131lar, &hellip; <a href=\"https:\/\/akdenizolaygazetesi.com\/?p=10810\" class=\"more-link\">Devam\u0131n\u0131 Oku&#8230;<\/a><\/p>\n","protected":false},"author":2,"featured_media":10811,"comment_status":"open","ping_status":"open","sticky":false,"template":"","format":"standard","meta":[],"categories":[34,1,2,3,5],"tags":[],"_links":{"self":[{"href":"https:\/\/akdenizolaygazetesi.com\/index.php?rest_route=\/wp\/v2\/posts\/10810"}],"collection":[{"href":"https:\/\/akdenizolaygazetesi.com\/index.php?rest_route=\/wp\/v2\/posts"}],"about":[{"href":"https:\/\/akdenizolaygazetesi.com\/index.php?rest_route=\/wp\/v2\/types\/post"}],"author":[{"embeddable":true,"href":"https:\/\/akdenizolaygazetesi.com\/index.php?rest_route=\/wp\/v2\/users\/2"}],"replies":[{"embeddable":true,"href":"https:\/\/akdenizolaygazetesi.com\/index.php?rest_route=%2Fwp%2Fv2%2Fcomments&post=10810"}],"version-history":[{"count":1,"href":"https:\/\/akdenizolaygazetesi.com\/index.php?rest_route=\/wp\/v2\/posts\/10810\/revisions"}],"predecessor-version":[{"id":10812,"href":"https:\/\/akdenizolaygazetesi.com\/index.php?rest_route=\/wp\/v2\/posts\/10810\/revisions\/10812"}],"wp:featuredmedia":[{"embeddable":true,"href":"https:\/\/akdenizolaygazetesi.com\/index.php?rest_route=\/wp\/v2\/media\/10811"}],"wp:attachment":[{"href":"https:\/\/akdenizolaygazetesi.com\/index.php?rest_route=%2Fwp%2Fv2%2Fmedia&parent=10810"}],"wp:term":[{"taxonomy":"category","embeddable":true,"href":"https:\/\/akdenizolaygazetesi.com\/index.php?rest_route=%2Fwp%2Fv2%2Fcategories&post=10810"},{"taxonomy":"post_tag","embeddable":true,"href":"https:\/\/akdenizolaygazetesi.com\/index.php?rest_route=%2Fwp%2Fv2%2Ftags&post=10810"}],"curies":[{"name":"wp","href":"https:\/\/api.w.org\/{rel}","templated":true}]}}