{"id":10813,"date":"2021-02-18T12:08:24","date_gmt":"2021-02-18T09:08:24","guid":{"rendered":"http:\/\/akdenizolaygazetesi.com\/?p=10813"},"modified":"2021-02-18T12:08:24","modified_gmt":"2021-02-18T09:08:24","slug":"baskan-yilmaz-regaip-kandilini-kutladi","status":"publish","type":"post","link":"https:\/\/akdenizolaygazetesi.com\/?p=10813","title":{"rendered":"BA\u015eKAN YILMAZ, REGA\u0130P KAND\u0130L\u0130&#8217;N\u0130 KUTLADI"},"content":{"rendered":"<p>Toroslar Belediye Ba\u015fkan\u0131 Ats\u0131z Af\u015f\u0131n Y\u0131lmaz, m\u00fcbarek \u00fc\u00e7 aylar\u0131n m\u00fcjdecisi Regaip Kandili&#8217;nin t\u00fcm \u0130slam alemine hay\u0131rlar getirmesini diledi.<\/p>\n<p>&#8220;Rahmet, ma\u011ffiret ve bereket kap\u0131lar\u0131n\u0131n ard\u0131na kadar a\u00e7\u0131ld\u0131\u011f\u0131 m\u00fcbarek \u00fc\u00e7 aylara bir kez daha kavu\u015fmu\u015f olman\u0131n mutlulu\u011funu ya\u015f\u0131yoruz&#8221; diyen  Ba\u015fkan Y\u0131lmaz; &#8220;Regaip Kandili ile birlikte bereket ve maneviyat mevsimi olarak nitelendirdi\u011fimiz m\u00fcbarek \u00fc\u00e7 aylara ula\u015f\u0131rken, on bir ay\u0131n sultan\u0131 Ramazan ay\u0131n\u0131n g\u00f6lgesini de \u00fczerimizde hissetmi\u015f bulunuyoruz. Birlik ve beraberli\u011fe en \u00e7ok ihtiya\u00e7 duydu\u011fumuz bu g\u00fcnlerde manevi iklimi f\u0131rsat bilmeliyiz. Bu m\u00fcbarek gecenin feyz ve bereketinden en g\u00fczel \u015fekilde istifade etmeliyiz. Bu vesileyle t\u00fcm hem\u015fehrilerimin ve \u0130slam aleminin Regaip Kandili&#8217;ni kutluyor, ba\u015fta sa\u011fl\u0131k, bar\u0131\u015f, huzur ve mutluluk getirmesini Y\u00fcce Allah&#8217;tan niyaz ediyorum&#8221; ifadelerini kulland\u0131.<\/p>\n","protected":false},"excerpt":{"rendered":"<p>Toroslar Belediye Ba\u015fkan\u0131 Ats\u0131z Af\u015f\u0131n Y\u0131lmaz, m\u00fcbarek \u00fc\u00e7 aylar\u0131n m\u00fcjdecisi Regaip Kandili&#8217;nin t\u00fcm \u0130slam alemine hay\u0131rlar getirmesini diledi. &#8220;Rahmet, ma\u011ffiret ve bereket kap\u0131lar\u0131n\u0131n ard\u0131na kadar a\u00e7\u0131ld\u0131\u011f\u0131 m\u00fcbarek \u00fc\u00e7 aylara bir &hellip; <a href=\"https:\/\/akdenizolaygazetesi.com\/?p=10813\" class=\"more-link\">Devam\u0131n\u0131 Oku&#8230;<\/a><\/p>\n","protected":false},"author":2,"featured_media":10816,"comment_status":"open","ping_status":"open","sticky":false,"template":"","format":"standard","meta":[],"categories":[34,1,2,3,5],"tags":[],"_links":{"self":[{"href":"https:\/\/akdenizolaygazetesi.com\/index.php?rest_route=\/wp\/v2\/posts\/10813"}],"collection":[{"href":"https:\/\/akdenizolaygazetesi.com\/index.php?rest_route=\/wp\/v2\/posts"}],"about":[{"href":"https:\/\/akdenizolaygazetesi.com\/index.php?rest_route=\/wp\/v2\/types\/post"}],"author":[{"embeddable":true,"href":"https:\/\/akdenizolaygazetesi.com\/index.php?rest_route=\/wp\/v2\/users\/2"}],"replies":[{"embeddable":true,"href":"https:\/\/akdenizolaygazetesi.com\/index.php?rest_route=%2Fwp%2Fv2%2Fcomments&post=10813"}],"version-history":[{"count":1,"href":"https:\/\/akdenizolaygazetesi.com\/index.php?rest_route=\/wp\/v2\/posts\/10813\/revisions"}],"predecessor-version":[{"id":10817,"href":"https:\/\/akdenizolaygazetesi.com\/index.php?rest_route=\/wp\/v2\/posts\/10813\/revisions\/10817"}],"wp:featuredmedia":[{"embeddable":true,"href":"https:\/\/akdenizolaygazetesi.com\/index.php?rest_route=\/wp\/v2\/media\/10816"}],"wp:attachment":[{"href":"https:\/\/akdenizolaygazetesi.com\/index.php?rest_route=%2Fwp%2Fv2%2Fmedia&parent=10813"}],"wp:term":[{"taxonomy":"category","embeddable":true,"href":"https:\/\/akdenizolaygazetesi.com\/index.php?rest_route=%2Fwp%2Fv2%2Fcategories&post=10813"},{"taxonomy":"post_tag","embeddable":true,"href":"https:\/\/akdenizolaygazetesi.com\/index.php?rest_route=%2Fwp%2Fv2%2Ftags&post=10813"}],"curies":[{"name":"wp","href":"https:\/\/api.w.org\/{rel}","templated":true}]}}