{"id":1082,"date":"2020-11-04T18:21:39","date_gmt":"2020-11-04T15:21:39","guid":{"rendered":"http:\/\/mersinekonomipolitikagazetesi.com\/?p=1082"},"modified":"2020-11-04T18:21:39","modified_gmt":"2020-11-04T15:21:39","slug":"baskan-gultekin-abd-yanlistan-donmeli","status":"publish","type":"post","link":"https:\/\/akdenizolaygazetesi.com\/?p=1082","title":{"rendered":"Ba\u015fkan G\u00fcltekin: \u201cABD yanl\u0131\u015ftan d\u00f6nmeli\u201d"},"content":{"rendered":"<p>AK Parti Mezitli \u0130l\u00e7e Ba\u015fkan\u0131 \u0130hsan G\u00fcltekin, YPG\u2019ye silah verme karar\u0131 alan ABD y\u00f6netimine tepki g\u00f6stererek, \u201cBir an \u00f6nce ald\u0131klar\u0131 yanl\u0131\u015f karardan d\u00f6nmeliler\u201d dedi.<\/p>\n<p>Ba\u015fkan G\u00fcltekin yapt\u0131\u011f\u0131 yaz\u0131l\u0131 a\u00e7\u0131klamada, T\u00fcrkiye\u2019nin, ter\u00f6r \u00f6rg\u00fct\u00fc DEA\u015e ile m\u00fccadelede birlikte hareket etti\u011fi ABD y\u00f6netiminin bu tutumunun olduk\u00e7a yanl\u0131\u015f bir karar oldu\u011funu belirterek, \u201cH\u00fck\u00fcmetimiz konuyla ilgili sert tepki vermi\u015ftir. YPG\u2019ye a\u011f\u0131r silahlar\u0131n, hatta z\u0131rhl\u0131 ara\u00e7lar\u0131n verilece\u011fi konu\u015fuluyor. Bir ter\u00f6r \u00f6rg\u00fct\u00fc ile m\u00fccadele ederken ba\u015fka bir ter\u00f6r \u00f6rg\u00fct\u00fcnden destek almak gelecek a\u00e7\u0131s\u0131ndan intihard\u0131r. Washington\u2019un bu karar\u0131n\u0131 kabul etmemiz m\u00fcmk\u00fcn de\u011fil. NATO\u2019da \u00f6nemli bir orta\u011f\u0131m\u0131z olan ABD\u2019nin, T\u00fcrkiye\u2019nin PKK ter\u00f6r \u00f6rg\u00fct\u00fc konusundaki hassasiyetini ciddiye alaca\u011f\u0131 g\u00f6r\u00fc\u015f\u00fcndeyiz. YPG ile PKK aras\u0131nda hi\u00e7bir fark yoktur. Sadece isimleri farkl\u0131d\u0131r. Bu ter\u00f6r \u00f6rg\u00fctlerinin eline ge\u00e7ecek her silah T\u00fcrkiye\u2019ye y\u00f6nelik bir tehdit niteli\u011findedir. Rakka operasyonunda SDG i\u00e7inde YPG\u2019liler ile Arap g\u00fc\u00e7lerinin ayr\u0131lmas\u0131 gerekmektedir. YPG\u2019ye bug\u00fcn verilecek silahlar\u0131n sadece ABD ve T\u00fcrkiye\u2019yi etkileyece\u011fini d\u00fc\u015f\u00fcnmek yanl\u0131\u015ft\u0131r. Bu, uzun vadede t\u00fcm d\u00fcnyay\u0131 etkileyecektir bir geli\u015fmedir\u201d ifadelerini kulland\u0131.<\/p>\n","protected":false},"excerpt":{"rendered":"<p>AK Parti Mezitli \u0130l\u00e7e Ba\u015fkan\u0131 \u0130hsan G\u00fcltekin, YPG\u2019ye silah verme karar\u0131 alan ABD y\u00f6netimine tepki g\u00f6stererek, \u201cBir an \u00f6nce ald\u0131klar\u0131 yanl\u0131\u015f karardan d\u00f6nmeliler\u201d dedi. Ba\u015fkan G\u00fcltekin yapt\u0131\u011f\u0131 yaz\u0131l\u0131 a\u00e7\u0131klamada, T\u00fcrkiye\u2019nin, &hellip; <a href=\"https:\/\/akdenizolaygazetesi.com\/?p=1082\" class=\"more-link\">Devam\u0131n\u0131 Oku&#8230;<\/a><\/p>\n","protected":false},"author":1,"featured_media":0,"comment_status":"open","ping_status":"open","sticky":false,"template":"","format":"standard","meta":[],"categories":[],"tags":[],"_links":{"self":[{"href":"https:\/\/akdenizolaygazetesi.com\/index.php?rest_route=\/wp\/v2\/posts\/1082"}],"collection":[{"href":"https:\/\/akdenizolaygazetesi.com\/index.php?rest_route=\/wp\/v2\/posts"}],"about":[{"href":"https:\/\/akdenizolaygazetesi.com\/index.php?rest_route=\/wp\/v2\/types\/post"}],"author":[{"embeddable":true,"href":"https:\/\/akdenizolaygazetesi.com\/index.php?rest_route=\/wp\/v2\/users\/1"}],"replies":[{"embeddable":true,"href":"https:\/\/akdenizolaygazetesi.com\/index.php?rest_route=%2Fwp%2Fv2%2Fcomments&post=1082"}],"version-history":[{"count":0,"href":"https:\/\/akdenizolaygazetesi.com\/index.php?rest_route=\/wp\/v2\/posts\/1082\/revisions"}],"wp:attachment":[{"href":"https:\/\/akdenizolaygazetesi.com\/index.php?rest_route=%2Fwp%2Fv2%2Fmedia&parent=1082"}],"wp:term":[{"taxonomy":"category","embeddable":true,"href":"https:\/\/akdenizolaygazetesi.com\/index.php?rest_route=%2Fwp%2Fv2%2Fcategories&post=1082"},{"taxonomy":"post_tag","embeddable":true,"href":"https:\/\/akdenizolaygazetesi.com\/index.php?rest_route=%2Fwp%2Fv2%2Ftags&post=1082"}],"curies":[{"name":"wp","href":"https:\/\/api.w.org\/{rel}","templated":true}]}}