{"id":10821,"date":"2021-02-18T12:14:00","date_gmt":"2021-02-18T09:14:00","guid":{"rendered":"http:\/\/akdenizolaygazetesi.com\/?p=10821"},"modified":"2021-02-18T12:14:00","modified_gmt":"2021-02-18T09:14:00","slug":"buyuksehir-itfaiyesi-once-martiyi-sonra-tekneyi-kurtardi","status":"publish","type":"post","link":"https:\/\/akdenizolaygazetesi.com\/?p=10821","title":{"rendered":"B\u00dcY\u00dcK\u015eEH\u0130R \u0130TFA\u0130YES\u0130 \u00d6NCE MARTIYI, SONRA TEKNEY\u0130 KURTARDI"},"content":{"rendered":"<p>Mersin B\u00fcy\u00fck\u015fehir Belediyesi \u0130tfaiye Dairesi Ba\u015fkanl\u0131\u011f\u0131\u2019nda g\u00f6revli dalg\u0131\u00e7 adamlar, aya\u011f\u0131na misina doland\u0131\u011f\u0131 i\u00e7in u\u00e7amayan ve denizin y\u00fczeyinde \u00e7\u0131rp\u0131nan mart\u0131y\u0131 kurtard\u0131. Mart\u0131y\u0131 karaya b\u0131rakmak i\u00e7in \u00e7\u0131kan dalg\u0131\u00e7lar, mart\u0131y\u0131 kurtarmak amac\u0131yla yard\u0131ma gelen ve motoruna misina doland\u0131\u011f\u0131 i\u00e7in karaya vurma tehlikesi ya\u015fayan tekneyi ve sahiplerini de kurtard\u0131.<\/p>\n<p>Mersin B\u00fcy\u00fck\u015fehir Belediyesi \u0130tfaiye Dairesi Ba\u015fkanl\u0131\u011f\u0131\u2019nda g\u00f6revli dalg\u0131\u00e7 adamlar, iki kurtarma operasyonuna imza att\u0131. \u00d6nce aya\u011f\u0131na misina dolanan mart\u0131y\u0131 kurtaran ekipler, ard\u0131ndan da mart\u0131 i\u00e7in yard\u0131ma gelen ancak motoruna misina dolanan tekneyi karaya vurmaktan kurtard\u0131. <\/p>\n<p>Aya\u011f\u0131na misina dolanan mart\u0131n\u0131n imdad\u0131na B\u00fcy\u00fck\u015fehir \u0130tfaiyesi yeti\u015fti<\/p>\n<p>Sahilde bir mart\u0131n\u0131n denizin y\u00fczeyinde \u00e7\u0131rp\u0131nd\u0131\u011f\u0131n\u0131 fark eden vatanda\u015flar, durumu B\u00fcy\u00fck\u015fehir Belediyesi \u0130tfaiye Dairesi Ba\u015fkanl\u0131\u011f\u0131 ekiplerine bildirdi. Olay yerine gelen \u0130tfaiye Dairesi Ba\u015fkanl\u0131\u011f\u0131\u2019nda g\u00f6revli dalg\u0131\u00e7 adamlar denizin ortas\u0131ndaki mart\u0131ya y\u00fczerek ula\u015ft\u0131. \u00c7\u0131rp\u0131nmaktan bitkin d\u00fc\u015fen mart\u0131y\u0131 k\u0131sa s\u00fcrede aya\u011f\u0131na dolanan misinadan kurtaran ekipler, yaras\u0131 olmayan mart\u0131y\u0131 dinlenmesi i\u00e7in karaya \u00e7\u0131kard\u0131.<\/p>\n<p>Kurtarmak i\u00e7in yard\u0131ma gelen teknenin motoruna da misina dola\u015ft\u0131<\/p>\n<p>Ekipler, mart\u0131y\u0131 karaya \u00e7\u0131kar\u0131p olay yerinden ayr\u0131laca\u011f\u0131 s\u0131rada denizden gelen yard\u0131m \u00e7\u0131\u011fl\u0131klar\u0131n\u0131 duyunca geri d\u00f6nd\u00fc. Mart\u0131n\u0131n kurtar\u0131lmas\u0131 i\u00e7in yard\u0131ma gelen bir tekne de denizdeki ba\u015fka bir misinan\u0131n azizli\u011fine u\u011frad\u0131. Motoruna misina tak\u0131ld\u0131\u011f\u0131 i\u00e7in \u00e7al\u0131\u015fmayan ve karaya vurma tehlikesi bulunan tekne ve sahipleri de itfaiye ekipleri taraf\u0131ndan kurtar\u0131ld\u0131.<\/p>\n","protected":false},"excerpt":{"rendered":"<p>Mersin B\u00fcy\u00fck\u015fehir Belediyesi \u0130tfaiye Dairesi Ba\u015fkanl\u0131\u011f\u0131\u2019nda g\u00f6revli dalg\u0131\u00e7 adamlar, aya\u011f\u0131na misina doland\u0131\u011f\u0131 i\u00e7in u\u00e7amayan ve denizin y\u00fczeyinde \u00e7\u0131rp\u0131nan mart\u0131y\u0131 kurtard\u0131. Mart\u0131y\u0131 karaya b\u0131rakmak i\u00e7in \u00e7\u0131kan dalg\u0131\u00e7lar, mart\u0131y\u0131 kurtarmak amac\u0131yla yard\u0131ma &hellip; <a href=\"https:\/\/akdenizolaygazetesi.com\/?p=10821\" class=\"more-link\">Devam\u0131n\u0131 Oku&#8230;<\/a><\/p>\n","protected":false},"author":2,"featured_media":10822,"comment_status":"open","ping_status":"open","sticky":false,"template":"","format":"standard","meta":[],"categories":[34,1,2,3,5],"tags":[],"_links":{"self":[{"href":"https:\/\/akdenizolaygazetesi.com\/index.php?rest_route=\/wp\/v2\/posts\/10821"}],"collection":[{"href":"https:\/\/akdenizolaygazetesi.com\/index.php?rest_route=\/wp\/v2\/posts"}],"about":[{"href":"https:\/\/akdenizolaygazetesi.com\/index.php?rest_route=\/wp\/v2\/types\/post"}],"author":[{"embeddable":true,"href":"https:\/\/akdenizolaygazetesi.com\/index.php?rest_route=\/wp\/v2\/users\/2"}],"replies":[{"embeddable":true,"href":"https:\/\/akdenizolaygazetesi.com\/index.php?rest_route=%2Fwp%2Fv2%2Fcomments&post=10821"}],"version-history":[{"count":1,"href":"https:\/\/akdenizolaygazetesi.com\/index.php?rest_route=\/wp\/v2\/posts\/10821\/revisions"}],"predecessor-version":[{"id":10823,"href":"https:\/\/akdenizolaygazetesi.com\/index.php?rest_route=\/wp\/v2\/posts\/10821\/revisions\/10823"}],"wp:featuredmedia":[{"embeddable":true,"href":"https:\/\/akdenizolaygazetesi.com\/index.php?rest_route=\/wp\/v2\/media\/10822"}],"wp:attachment":[{"href":"https:\/\/akdenizolaygazetesi.com\/index.php?rest_route=%2Fwp%2Fv2%2Fmedia&parent=10821"}],"wp:term":[{"taxonomy":"category","embeddable":true,"href":"https:\/\/akdenizolaygazetesi.com\/index.php?rest_route=%2Fwp%2Fv2%2Fcategories&post=10821"},{"taxonomy":"post_tag","embeddable":true,"href":"https:\/\/akdenizolaygazetesi.com\/index.php?rest_route=%2Fwp%2Fv2%2Ftags&post=10821"}],"curies":[{"name":"wp","href":"https:\/\/api.w.org\/{rel}","templated":true}]}}