{"id":10824,"date":"2021-02-18T12:16:45","date_gmt":"2021-02-18T09:16:45","guid":{"rendered":"http:\/\/akdenizolaygazetesi.com\/?p=10824"},"modified":"2021-02-18T12:16:45","modified_gmt":"2021-02-18T09:16:45","slug":"baskan-secer-mersin-ikk-temsilcileriyle-bir-araya-geldi","status":"publish","type":"post","link":"https:\/\/akdenizolaygazetesi.com\/?p=10824","title":{"rendered":"BA\u015eKAN SE\u00c7ER, MERS\u0130N \u0130KK TEMS\u0130LC\u0130LER\u0130YLE B\u0130R ARAYA GELD\u0130"},"content":{"rendered":"<p>TMMOB Mersin \u0130l Koordinasyon Kurulu\u2019na (\u0130KK) ba\u011fl\u0131 16 odan\u0131n \u015fube ba\u015fkanlar\u0131 ve il temsilcileri, Ba\u015fkan Se\u00e7er\u2019i ziyaret ederek, kent g\u00fcndemindeki projeler \u00fczerine g\u00f6r\u00fc\u015f al\u0131\u015fveri\u015finde bulundu. Ba\u015fkan Se\u00e7er, kent akt\u00f6rleri ile bir araya gelmenin \u00f6nemine de\u011finerek, \u201cSivil toplumla i\u015f birli\u011fi, karar alma noktas\u0131nda beni rahatlat\u0131yor\u201d dedi.<\/p>\n<p>2021 y\u0131l\u0131nda toplam 199 projeyi hayata ge\u00e7irmeyi planlad\u0131klar\u0131n\u0131 kaydeden Se\u00e7er, \u201cBaz\u0131 d\u00f6nemlerde bor\u00e7lanma yetkisini alamad\u0131k diye projelerimizde iptal yoluna gitmedik ya da herhangi bir \u2018aman, of\u2019 demedik. \u00c7al\u0131\u015fmalar\u0131m\u0131z s\u00fcr\u00fcyor ve s\u00fcrecek. \u2018Ama\u2019, \u2018lakin\u2019, \u2018fakat\u2019 demeden, \u015fik\u00e2yet etmeden biz g\u00f6revimizi yapaca\u011f\u0131z\u201d diye konu\u015ftu.<\/p>\n<p>Se\u00e7er, liman\u0131n geni\u015flemesi yerine ikinci liman yap\u0131lmas\u0131n\u0131 do\u011fru buldu\u011funu belirterek, \u201cTek liman\u0131n olmas\u0131 baz\u0131 y\u00fcklerin di\u011fer b\u00f6lgelere kaymas\u0131na neden oluyor. Yoksa buras\u0131 d\u00f6kme y\u00fck kabul etmiyor, tek konteyn\u0131r kabul ediyor, d\u00f6kme y\u00fckler \u0130skenderun\u2019a gidiyor. Burada bir gelir, vergi, i\u015f kayb\u0131 s\u00f6z konusu oluyor. \u0130ki ayr\u0131 \u015firket \u00e7al\u0131\u015fs\u0131n, ikisi farkl\u0131 g\u00f6zl\u00fckle \u00e7al\u0131\u015fmalar\u0131n\u0131 yapar. Benim kentim rekabetten kazans\u0131n, ben bunu arzu ediyorum\u201d dedi.<\/p>\n<p>TMMOB Mersin \u0130l Koordinasyon Kurulu\u2019na (\u0130KK) ba\u011fl\u0131 16 odan\u0131n \u015fube ba\u015fkanlar\u0131 ve il temsilcileri, Mersin B\u00fcy\u00fck\u015fehir Belediye Ba\u015fkan\u0131 Vahap Se\u00e7er\u2019i ziyaret ederek, kent g\u00fcndemindeki projeler \u00fczerine g\u00f6r\u00fc\u015f al\u0131\u015fveri\u015finde bulundu. Se\u00e7er, ziyarette kent akt\u00f6rlerinin Mersin\u2019i ilgilendiren projeler hakk\u0131ndaki fikirlerini dinlerken, B\u00fcy\u00fck\u015fehir Belediyesi\u2019nin projelerini de anlatt\u0131. Ba\u015fkan Se\u00e7er, kent akt\u00f6rleri ile bir araya gelmenin \u00f6nemine de\u011finerek, \u201cSivil toplumla i\u015f birli\u011fi, karar alma noktas\u0131nda beni rahatlat\u0131yor\u201d dedi.<\/p>\n<p>Ziyarette, B\u00fcy\u00fck\u015fehir Belediyesi Ba\u015fkan Vekili G\u00fclcan K\u0131\u015f ve TMMOB Mersin \u0130l Koordinasyon Kurulu Sekreteri ve Elektrik M\u00fchendisleri Odas\u0131 Mersin \u015eube Ba\u015fkan\u0131 Seyfettin Atar ile Mersin \u0130KK\u2019ya ba\u011fl\u0131 16 odan\u0131n \u015fube ba\u015fkanlar\u0131 ve il temsilcileri yer ald\u0131. Ba\u015fkan Se\u00e7er, meslek odalar\u0131yla bir araya gelmekten dolay\u0131 duydu\u011fu mutlulu\u011fu ve bu toplant\u0131lar\u0131n faydal\u0131 oldu\u011funu ifade ederek, di\u011fer alanlarda faaliyet g\u00f6steren sendikalar, sivil toplum \u00f6rg\u00fctleri, meslek odalar\u0131 ve t\u00fcm kent akt\u00f6rleri ile yine bir araya geleceklerini s\u00f6yledi. Se\u00e7er, bu toplant\u0131lar\u0131n rutin bir \u015fekilde devam edece\u011fini kaydederek, \u201cYakla\u015f\u0131k 2 y\u0131ld\u0131r belediye y\u00f6netimindeyiz. \u015eunu \u00e7ok net g\u00f6rd\u00fcm ki sivil toplumla i\u015f birli\u011fi, karar alma noktas\u0131nda beni rahatlat\u0131yor. Di\u011fer taraftan tabi ki ald\u0131\u011f\u0131m kararlar\u0131n kamuoyu a\u00e7\u0131s\u0131ndan sindirilmesi de daha rahat oluyor \u00e7\u00fcnk\u00fc sizlerin de \u00fczerinde hemfikir oldu\u011fu kararlar kamuoyuna daha rahat aktar\u0131l\u0131yor\u201d dedi.<\/p>\n<p>\u201cBor\u00e7lanma yetkisini alamad\u0131k diye projelerimizde iptal yoluna gitmedik\u201d<\/p>\n<p>2021 y\u0131l\u0131 projelerini ve b\u00fct\u00e7esini \u015fube ba\u015fkanlar\u0131 ve il temsilcileri ile payla\u015fan Ba\u015fkan Se\u00e7er, bu y\u0131l 1 milyar 477.2 milyon lira bedelli 199 projeyi hayata ge\u00e7ireceklerini s\u00f6yledi. Se\u00e7er, \u015f\u00f6yle devam etti:<\/p>\n<p>\u201cTabii ki bizi engelleyecek ya da \u00f6n\u00fcm\u00fcze set olacak baz\u0131 geli\u015fmeler olmamas\u0131n\u0131 diliyoruz, umuyoruz. Bunlar belirli b\u00fct\u00e7eleri isteyen konular. Ancak meclis \u00e7al\u0131\u015fmalar\u0131nda baz\u0131 s\u0131k\u0131nt\u0131larla kar\u015f\u0131la\u015f\u0131yoruz ve bu projelerin hayata ge\u00e7irilmesinde zorlan\u0131yoruz ama ge\u00e7iriyoruz. Yani bug\u00fcne kadar biz baz\u0131 d\u00f6nemlerde bor\u00e7lanma yetkisini alamad\u0131k diye projelerimizde iptal yoluna gitmedik ya da herhangi bir \u2018aman, of\u2019 demedik. \u00c7al\u0131\u015fmalar\u0131m\u0131z s\u00fcr\u00fcyor ve s\u00fcrecek. Ne yazm\u0131\u015fsak, ne yapaca\u011f\u0131m\u0131z\u0131 s\u00f6ylemi\u015fsek bunlar harfiyen yerine getirilecek. \u2018Bunu ne kadar g\u00fcvenle s\u00f6yl\u00fcyorsunuz?\u2019 diyorsan\u0131z \u00f6n\u00fcmde bir tablo var, devrald\u0131\u011f\u0131m bir kasa var. \u00dczerinden yakla\u015f\u0131k olarak 22.5 ay ge\u00e7mi\u015f ve \u015fu anki kasay\u0131 sizlere s\u00f6yleyeyim; bir kere mali disiplini sa\u011flam\u0131\u015f bir belediye var. 2 milyar 247 milyon lira devrald\u0131\u011f\u0131m\u0131z bir bor\u00e7 stoku vard\u0131 B\u00fcy\u00fck\u015fehir Belediyesi\u2019nin. \u015eu anda bu 1 milyar 560 milyon 320 bin TL, yeni y\u0131l rakamlar\u0131 itibari ile ve son 1.5 ayl\u0131k s\u00fcre i\u00e7erisinde k\u00fc\u00e7\u00fck sapmalarla bu rakam bu seviyelerde \u00e7\u0131kar. Yine di\u011fer birimlerimizi de ba\u015fta MESK\u0130 olmak \u00fczere orada da sa\u011flad\u0131\u011f\u0131m\u0131z mali disiplin yakla\u015f\u0131k g\u00f6reve geldi\u011fimiz g\u00fcnden bug\u00fcne kadar % 30\u2019luk bir bor\u00e7 stoku azalmas\u0131na tekab\u00fcl ediyor. Bir ekonomik d\u00f6ng\u00fc i\u00e7erisinde \u2018ama\u2019 demeden, \u2018lakin\u2019 demeden, \u2018fakat\u2019 demeden, kimseye hayk\u0131rmadan, ba\u011f\u0131rmadan, \u00e7emkirmeden, \u015fik\u00e2yet etmeden biz g\u00f6revimizi yapaca\u011f\u0131z\u201d dedi.<\/p>\n<p>\u201cTar\u0131m alanlar\u0131n\u0131 \u00f6nemsiyoruz ve korumak istiyoruz\u201d<\/p>\n<p>Se\u00e7er, son g\u00fcnlerin en \u00e7ok konu\u015fulan konular\u0131n\u0131n ba\u015f\u0131nda gelen tar\u0131m alanlar\u0131n\u0131n imara a\u00e7\u0131lmas\u0131 konusunu de\u011ferlendirirken, \u201cBiz bunlara dikkat ediyoruz, tar\u0131m\u0131n ve tar\u0131msal \u00fcretimin de\u011ferini biliyoruz. Gelecek ku\u015faklar\u0131n sa\u011fl\u0131kl\u0131 olabilmesi i\u00e7in, sa\u011fl\u0131kl\u0131 yeti\u015febilmesi i\u00e7in, g\u0131daya eri\u015fimin olmas\u0131 gerekiyor, bunun bir g\u00fcvencesinin olmas\u0131 gerekiyor. Bu da tar\u0131msal \u00fcretimden ge\u00e7er. Bu de\u011ferlendirmeler \u0131\u015f\u0131\u011f\u0131nda tar\u0131m alanlar\u0131n\u0131 \u00f6nemsiyoruz ve korumak istiyoruz. Yoksa kli\u015fe bir s\u00f6z olarak bakmamak gerekiyor\u201d ifadelerine yer verdi. Davultepe\u2019ye yap\u0131lmak istenen K\u00fc\u00e7\u00fck Sanayi Sitesi ile ilgili g\u00f6r\u00fc\u015flerini yineleyen Ba\u015fkan Se\u00e7er, \u201cDaha \u00f6nce de s\u00f6yledim, yineleyeyim. Ortada bir yanl\u0131\u015f varsa d\u00f6n\u00fcl\u00fcr; ki bunu da g\u00f6rd\u00fck\u201d dedi.<\/p>\n<p>\u201c\u0130kinci liman olsun, kentim rekabetten kazans\u0131n\u201d<\/p>\n<p>Liman\u0131n geni\u015flemesi yerine ikinci liman yap\u0131lmas\u0131n\u0131 do\u011fru buldu\u011funu, mevcut liman\u0131n geni\u015flemesi konusunda a\u00e7\u0131lan davan\u0131n devam etti\u011fini belirten Se\u00e7er, \u201cTek liman\u0131n olmas\u0131 baz\u0131 y\u00fcklerin di\u011fer b\u00f6lgelere kaymas\u0131na neden oluyor. Yoksa buras\u0131 d\u00f6kme y\u00fck kabul etmiyor, tek konteyn\u0131r kabul ediyor, d\u00f6kme y\u00fckler \u0130skenderun\u2019a gidiyor. Burada bir gelir, vergi, i\u015f kayb\u0131 s\u00f6z konusu oluyor. B\u00f6ylece bir rekabet ortam\u0131 sa\u011fl\u0131yorsunuz. Niye ben bir \u015firkete teslim edeyim? \u0130ki ayr\u0131 \u015firket \u00e7al\u0131\u015fs\u0131n, ikisi farkl\u0131 g\u00f6zl\u00fckle \u00e7al\u0131\u015fmalar\u0131n\u0131 yapar. Benim kentim rekabetten kazans\u0131n, ben bunu arzu ediyorum. Onun kazanc\u0131 benim i\u00e7in de\u011ferli de\u011fil, onu kimin i\u015fletti\u011fi de \u00f6nemli de\u011fil, Ahmet i\u015fletir, Mehmet i\u015fletir. Benim i\u00e7in liman \u00f6nemli. Liman Mersin\u2019in. Neticede \u015fu anda belirli bir s\u00fcre zarf\u0131nda kira \u00f6deniyor. Oras\u0131 Mersin\u2019in. Tabi dava devam ediyor, arkada\u015flar\u0131m\u0131z da takip ediyorlar ama sivil toplumun da buna \u00f6nem vermesi gerekiyor\u201d dedi.<\/p>\n<p>Bug\u00fcn ikinci a\u015fama ihalesi yap\u0131lacak olan metro projesinin kentin gelece\u011fi ad\u0131na \u00f6nemli bir yat\u0131r\u0131m oldu\u011fundan s\u00f6z eden Se\u00e7er, \u015funlar\u0131 kaydetti:<\/p>\n<p>\u201cBir bak\u0131n d\u00fcnyada toplu ta\u015f\u0131ma sistemleri, rayl\u0131 sistem, Paris ne yapm\u0131\u015f, Londra ne yapm\u0131\u015f, Tokyo ne yapm\u0131\u015f? Bunlar\u0131 bir g\u00f6r\u00fcn. Amsterdam ne yapm\u0131\u015f ya da bir ba\u015fka yer ne yapm\u0131\u015f? Kentime gelecek ad\u0131na \u00f6nemli bir yat\u0131r\u0131m, toplu ta\u015f\u0131ma sistemi olarak, konforlu, s\u00fcratli, temiz, l\u00fcks ve ucuz bir toplu ta\u015f\u0131ma arac\u0131 ve \u00e7evre dostu asl\u0131nda. Yani g\u00fcr\u00fclt\u00fcs\u00fcnden hava kirlili\u011fine kadar baz\u0131 \u015feyleri de \u00e7\u00f6z\u00fcyorsunuz. Bunu yapaca\u011f\u0131z. Yani ne diyelim? \u0130n\u015fallah bir engelle kar\u015f\u0131la\u015fmay\u0131z. Art\u0131k son d\u00fczl\u00fckteyiz ve daha sonra da di\u011fer 2. etap var. \u015eu anda zaten proje \u00e7al\u0131\u015fmalar\u0131n\u0131 ba\u015flatt\u0131k. Metro\u2019nun durumu bu. Bir toplant\u0131 organize edebilirsiniz. Arkada\u015flar\u0131m\u0131zla g\u00f6r\u00fc\u015f\u00fcp. \u0130KK, odalar, y\u00f6netim, temsilciler kimleri istiyorsan\u0131z davet ederiz.\u201d<\/p>\n<p>\u201cPlanlar hi\u00e7 olmad\u0131\u011f\u0131 kadar \u015feffaf, a\u00e7\u0131k\u201d<\/p>\n<p>Kent planlar\u0131 hakk\u0131ndaki konuya da a\u00e7\u0131kl\u0131k getiren Se\u00e7er, \u201cPlanlar bug\u00fcne kadar olmad\u0131\u011f\u0131 kadar \u015feffaf, a\u00e7\u0131k. \u00c7ok net ve a\u00e7\u0131k s\u00f6yl\u00fcyorum, alt\u0131n\u0131 \u00e7izerek s\u00f6yl\u00fcyorum. Rant sevdal\u0131lar\u0131n\u0131n \u00fcrkerek, titreyerek, korkarak baz\u0131 taleplerde bulundu\u011fu d\u00f6nemi ya\u015f\u0131yor Mersin B\u00fcy\u00fck\u015fehir Belediyesi. \u00c7ok net s\u00f6yl\u00fcyorum. Bizimle \u00e7al\u0131\u015fan arkada\u015flar var ve noktay\u0131 koyuyorum. Ben kentimin planlar\u0131n\u0131n 10, 20, 30, 50 sene sonra insanlar\u0131n bizi sitayi\u015fle anaca\u011f\u0131, s\u00f6vg\u00fcyle, intizarla de\u011fil, hakikaten \u015f\u00fckranla anaca\u011f\u0131 bir kent b\u0131rakma ad\u0131na yapt\u0131r\u0131yorum. Bu konuda Mersinliler\u2019in de rahat olmas\u0131n\u0131 istiyorum\u201d ifadelerini kulland\u0131.<\/p>\n<p>Seyfettin Atar: \u201cBu kent ilkleri ya\u015f\u0131yor\u201d<\/p>\n<p>TMMOB Mersin \u0130l Koordinasyon Kurulu Sekreteri ve Elektrik M\u00fchendisleri Odas\u0131 Mersin \u015eube Ba\u015fkan\u0131 Seyfettin Atar ise, kentte bir de\u011fi\u015fim r\u00fczgar\u0131 esti\u011fini ifade ederek, \u201cBu kent ilkleri ya\u015f\u0131yor. Pandemi s\u00fcreci i\u00e7erisinde zor \u015fartlarda sorunlara m\u00fcdahale etmek, hakikaten bu fark\u0131ndal\u0131\u011f\u0131 yaratmak \u00e7ok \u00f6nem arz ediyor.  De\u011fi\u015fim ba\u015flad\u0131 kentte, \u015fu anda b\u00fct\u00fcn kentli bu de\u011fi\u015fimi fark etmi\u015f durumda\u201d diye konu\u015ftu.<\/p>\n","protected":false},"excerpt":{"rendered":"<p>TMMOB Mersin \u0130l Koordinasyon Kurulu\u2019na (\u0130KK) ba\u011fl\u0131 16 odan\u0131n \u015fube ba\u015fkanlar\u0131 ve il temsilcileri, Ba\u015fkan Se\u00e7er\u2019i ziyaret ederek, kent g\u00fcndemindeki projeler \u00fczerine g\u00f6r\u00fc\u015f al\u0131\u015fveri\u015finde bulundu. Ba\u015fkan Se\u00e7er, kent akt\u00f6rleri ile &hellip; <a href=\"https:\/\/akdenizolaygazetesi.com\/?p=10824\" class=\"more-link\">Devam\u0131n\u0131 Oku&#8230;<\/a><\/p>\n","protected":false},"author":2,"featured_media":10825,"comment_status":"open","ping_status":"open","sticky":false,"template":"","format":"standard","meta":[],"categories":[34,1,2,3,5],"tags":[],"_links":{"self":[{"href":"https:\/\/akdenizolaygazetesi.com\/index.php?rest_route=\/wp\/v2\/posts\/10824"}],"collection":[{"href":"https:\/\/akdenizolaygazetesi.com\/index.php?rest_route=\/wp\/v2\/posts"}],"about":[{"href":"https:\/\/akdenizolaygazetesi.com\/index.php?rest_route=\/wp\/v2\/types\/post"}],"author":[{"embeddable":true,"href":"https:\/\/akdenizolaygazetesi.com\/index.php?rest_route=\/wp\/v2\/users\/2"}],"replies":[{"embeddable":true,"href":"https:\/\/akdenizolaygazetesi.com\/index.php?rest_route=%2Fwp%2Fv2%2Fcomments&post=10824"}],"version-history":[{"count":1,"href":"https:\/\/akdenizolaygazetesi.com\/index.php?rest_route=\/wp\/v2\/posts\/10824\/revisions"}],"predecessor-version":[{"id":10826,"href":"https:\/\/akdenizolaygazetesi.com\/index.php?rest_route=\/wp\/v2\/posts\/10824\/revisions\/10826"}],"wp:featuredmedia":[{"embeddable":true,"href":"https:\/\/akdenizolaygazetesi.com\/index.php?rest_route=\/wp\/v2\/media\/10825"}],"wp:attachment":[{"href":"https:\/\/akdenizolaygazetesi.com\/index.php?rest_route=%2Fwp%2Fv2%2Fmedia&parent=10824"}],"wp:term":[{"taxonomy":"category","embeddable":true,"href":"https:\/\/akdenizolaygazetesi.com\/index.php?rest_route=%2Fwp%2Fv2%2Fcategories&post=10824"},{"taxonomy":"post_tag","embeddable":true,"href":"https:\/\/akdenizolaygazetesi.com\/index.php?rest_route=%2Fwp%2Fv2%2Ftags&post=10824"}],"curies":[{"name":"wp","href":"https:\/\/api.w.org\/{rel}","templated":true}]}}