{"id":10827,"date":"2021-02-18T15:45:41","date_gmt":"2021-02-18T12:45:41","guid":{"rendered":"http:\/\/akdenizolaygazetesi.com\/?p=10827"},"modified":"2021-02-18T15:45:41","modified_gmt":"2021-02-18T12:45:41","slug":"toroslarda-ureticiler-kazanacak","status":"publish","type":"post","link":"https:\/\/akdenizolaygazetesi.com\/?p=10827","title":{"rendered":"TOROSLAR&#8217;DA \u00dcRET\u0130C\u0130LER KAZANACAK"},"content":{"rendered":"<p>Toroslar Belediyesi, tar\u0131m\u0131n \u00f6n plana \u00e7\u0131kt\u0131\u011f\u0131 Toroslar&#8217;da haz\u0131rlad\u0131\u011f\u0131 yeni projelerle \u00fcretici ve \u00e7ift\u00e7ilere destek olmaya devam ediyor.<\/p>\n<p>Toroslar Belediye Ba\u015fkan\u0131 Ats\u0131z Af\u015f\u0131n Y\u0131lmaz&#8217;\u0131n, il\u00e7enin tar\u0131m alan\u0131nda kalk\u0131nmas\u0131 ve geli\u015fmesi amac\u0131yla hayata ge\u00e7irdi\u011fi ad\u0131mlardan bir tanesi olan Belediye b\u00fcnyesinde kurdu\u011fu K\u0131rsal Hizmetler M\u00fcd\u00fcrl\u00fc\u011f\u00fc, mahalle muhtarlar\u0131yla bir araya geldi.<\/p>\n<p>Ar-Ge ve Projelerden Sorumlu Ba\u015fkan Yard\u0131mc\u0131s\u0131 Fatih Men ve K\u0131rsal Hizmetler M\u00fcd\u00fcr\u00fc Sinan Taylan Berk&#8217;in haz\u0131r bulundu\u011fu isti\u015fare toplant\u0131s\u0131nda mahalle muhtarlar\u0131na, \u00fcreticilerin kalk\u0131nmas\u0131na ve gelirlerinin artmas\u0131na y\u00f6nelik \u00e7al\u0131\u015fmalarla ilgili bilgiler verildi.<\/p>\n<p>Tarladan sofraya kaliteli ve g\u00fcvenilir \u00fcr\u00fcnler \u00fcretilmesi i\u00e7in yap\u0131lacak planlama ve projelerin de anlat\u0131ld\u0131\u011f\u0131 toplant\u0131da, mahalle muhtarlar\u0131n\u0131n bu konudaki fikir ve d\u00fc\u015f\u00fcnceleri de al\u0131nd\u0131.<\/p>\n<p>Ba\u015fkan Y\u0131lmaz; &#8220;\u00dcreticilerimizin Her S\u00fcre\u00e7te Yan\u0131nday\u0131z&#8221;<\/p>\n<p>Toroslar Belediye Ba\u015fkan\u0131 Ats\u0131z Af\u015f\u0131n Y\u0131lmaz, Toroslar&#8217;da \u00fcretim kalitesinin daha da artmas\u0131n\u0131 hedeflediklerini ifade ederek; &#8220;\u0130l\u00e7emizin en \u00f6nemli ekonomik potansiyeli olan tar\u0131m ve hayvanc\u0131l\u0131\u011f\u0131, hayata ge\u00e7irece\u011fimiz \u00e7al\u0131\u015fmalarla en \u00fcst noktaya \u00e7\u0131karaca\u011f\u0131z. \u00dcreticilerimizin her zaman yan\u0131nday\u0131z&#8221; dedi.<\/p>\n<p>Belediye b\u00fcnyesinde kurduklar\u0131 K\u0131rsal Hizmetler M\u00fcd\u00fcrl\u00fc\u011f\u00fc&#8217;n\u00fcn bu anlamda \u00f6nemli ad\u0131mlar ataca\u011f\u0131n\u0131 kaydeden Ba\u015fkan Y\u0131lmaz; &#8220;Canla ba\u015fla \u00e7al\u0131\u015fan \u00fcreticilerimizin al\u0131n teri ve eme\u011fi \u00e7ok b\u00fcy\u00fck. Biz de Toroslar Belediyesi olarak tar\u0131msal ve hayvansal \u00fcretimi art\u0131rarak, \u00fcreticilerin daha fazla kazanmas\u0131n\u0131 istiyoruz. Bilimsel verilere dayanan sistemli bir \u00e7al\u0131\u015fmam\u0131z var. Tarladan sofraya \u00fcreticilerin yan\u0131nda olma anlay\u0131\u015fla \u00e7al\u0131\u015fmalar\u0131m\u0131z\u0131 s\u00fcrd\u00fcrece\u011fiz&#8221; \u015feklinde konu\u015ftu.<\/p>\n","protected":false},"excerpt":{"rendered":"<p>Toroslar Belediyesi, tar\u0131m\u0131n \u00f6n plana \u00e7\u0131kt\u0131\u011f\u0131 Toroslar&#8217;da haz\u0131rlad\u0131\u011f\u0131 yeni projelerle \u00fcretici ve \u00e7ift\u00e7ilere destek olmaya devam ediyor. Toroslar Belediye Ba\u015fkan\u0131 Ats\u0131z Af\u015f\u0131n Y\u0131lmaz&#8217;\u0131n, il\u00e7enin tar\u0131m alan\u0131nda kalk\u0131nmas\u0131 ve geli\u015fmesi amac\u0131yla &hellip; <a href=\"https:\/\/akdenizolaygazetesi.com\/?p=10827\" class=\"more-link\">Devam\u0131n\u0131 Oku&#8230;<\/a><\/p>\n","protected":false},"author":2,"featured_media":10828,"comment_status":"open","ping_status":"open","sticky":false,"template":"","format":"standard","meta":[],"categories":[34,1,2,3,5],"tags":[],"_links":{"self":[{"href":"https:\/\/akdenizolaygazetesi.com\/index.php?rest_route=\/wp\/v2\/posts\/10827"}],"collection":[{"href":"https:\/\/akdenizolaygazetesi.com\/index.php?rest_route=\/wp\/v2\/posts"}],"about":[{"href":"https:\/\/akdenizolaygazetesi.com\/index.php?rest_route=\/wp\/v2\/types\/post"}],"author":[{"embeddable":true,"href":"https:\/\/akdenizolaygazetesi.com\/index.php?rest_route=\/wp\/v2\/users\/2"}],"replies":[{"embeddable":true,"href":"https:\/\/akdenizolaygazetesi.com\/index.php?rest_route=%2Fwp%2Fv2%2Fcomments&post=10827"}],"version-history":[{"count":1,"href":"https:\/\/akdenizolaygazetesi.com\/index.php?rest_route=\/wp\/v2\/posts\/10827\/revisions"}],"predecessor-version":[{"id":10829,"href":"https:\/\/akdenizolaygazetesi.com\/index.php?rest_route=\/wp\/v2\/posts\/10827\/revisions\/10829"}],"wp:featuredmedia":[{"embeddable":true,"href":"https:\/\/akdenizolaygazetesi.com\/index.php?rest_route=\/wp\/v2\/media\/10828"}],"wp:attachment":[{"href":"https:\/\/akdenizolaygazetesi.com\/index.php?rest_route=%2Fwp%2Fv2%2Fmedia&parent=10827"}],"wp:term":[{"taxonomy":"category","embeddable":true,"href":"https:\/\/akdenizolaygazetesi.com\/index.php?rest_route=%2Fwp%2Fv2%2Fcategories&post=10827"},{"taxonomy":"post_tag","embeddable":true,"href":"https:\/\/akdenizolaygazetesi.com\/index.php?rest_route=%2Fwp%2Fv2%2Ftags&post=10827"}],"curies":[{"name":"wp","href":"https:\/\/api.w.org\/{rel}","templated":true}]}}