{"id":10830,"date":"2021-02-18T16:37:50","date_gmt":"2021-02-18T13:37:50","guid":{"rendered":"http:\/\/akdenizolaygazetesi.com\/?p=10830"},"modified":"2021-02-18T16:37:50","modified_gmt":"2021-02-18T13:37:50","slug":"baskan-secer-ab-turkiye-delegasyonu-baskani-buyukelci-nikolaus-meyer-landrutu-agirladi","status":"publish","type":"post","link":"https:\/\/akdenizolaygazetesi.com\/?p=10830","title":{"rendered":"BA\u015eKAN SE\u00c7ER, AB T\u00dcRK\u0130YE DELEGASYONU BA\u015eKANI B\u00dcY\u00dcKEL\u00c7\u0130 NIKOLAUS MEYER-LANDRUT\u2019U A\u011eIRLADI"},"content":{"rendered":"<p>Ba\u015fkan Se\u00e7er, AB T\u00fcrkiye Delegasyonu Ba\u015fkan\u0131 B\u00fcy\u00fckel\u00e7i Nikolaus Meyer-Landrut ve beraberindeki heyet ile bir araya geldi. Mersin\u2019in lokasyon olarak \u00e7ok stratejik bir yerde bulundu\u011funu, Suriyeli misafirlerin temel g\u00fcnl\u00fck ihtiya\u00e7lar\u0131n\u0131 kar\u015f\u0131lamak i\u00e7in merkezi h\u00fck\u00fcmetin ve yerel y\u00f6netimlerin ellerindeki imk\u00e2nlar\u0131 en iyi \u015fekilde kulland\u0131\u011f\u0131n\u0131 vurgulayan Se\u00e7er, \u201cKentimi tarafs\u0131z bir g\u00f6zle irdeledi\u011fim zaman bunu onurla, gururla ve mutlulukla s\u00f6yl\u00fcyorum ki kentte bir uyum, bir mutluluk havas\u0131 h\u00e2kim\u201d ifadelerini kulland\u0131.<\/p>\n<p>Mersin\u2019deki s\u0131\u011f\u0131nmac\u0131larla ilgili olarak Uyum Merkezi kurmak i\u00e7in Birle\u015fmi\u015f Milletler Uluslararas\u0131 G\u00f6\u00e7 \u00d6rg\u00fct\u00fc ile \u00e7al\u0131\u015fmalar\u0131n s\u00fcrd\u00fc\u011f\u00fcn\u00fc ifade eden Se\u00e7er,  \u201cBenim de \u00e7ocuklar\u0131m var, benim de bir ailem var. Empati yapt\u0131\u011f\u0131m zaman, kendimi onlar\u0131n yerine koydu\u011fum zaman \u00e7ok \u00fcz\u00fcl\u00fcyorum. Bu duygularla onlara yard\u0131mc\u0131 olma \u00e7abas\u0131 i\u00e7indeyim\u201d dedi.<\/p>\n<p>B\u00fcy\u00fckel\u00e7i Meyer-Landrut ise T\u00fcrkiye\u2019nin m\u00fcltecilere y\u00f6nelik \u00e7abalar\u0131n\u0131 takdir etti\u011fini ifade ederek, \u201cBen size, belediyenize ve T\u00fcrk toplumuna d\u00fcnyan\u0131n en b\u00fcy\u00fck m\u00fclteci n\u00fcfusunu a\u011f\u0131rlad\u0131klar\u0131 ve g\u00f6sterdikleri \u00e7abalardan dolay\u0131 takdirlerimi iletmek istiyorum\u201d diye konu\u015ftu.<\/p>\n<p>MERS\u0130N\/ (FOTO\u011eRAFLI-G\u00d6R\u00dcNT\u00dcL\u00dc)<\/p>\n<p>Mersin B\u00fcy\u00fck\u015fehir Belediye Ba\u015fkan\u0131 Vahap Se\u00e7er, Avrupa Birli\u011fi (AB) T\u00fcrkiye Delegasyonu Ba\u015fkan\u0131 B\u00fcy\u00fckel\u00e7i Nikolaus Meyer-Landrut ile bir araya geldi. Mersin\u2019in lokasyon olarak \u00e7ok stratejik bir konumda bulundu\u011funu, etraf\u0131ndaki b\u00f6lgelerde ya\u015fanan geli\u015fmelerden etkilendi\u011fini ifade eden Se\u00e7er, \u201cY\u00f6netime geldi\u011fim andan itibaren topluma verdi\u011fim mesajlar hep birle\u015ftirici, b\u00fct\u00fcnle\u015ftirici ve burada ya\u015fayan misafirlerin kendilerini iyi hissetmelerini sa\u011flay\u0131c\u0131 mesajlar oldu\u201d dedi.<\/p>\n<p>AB Delegasyonu Heyeti\u2019nin Ba\u015fkan Se\u00e7er\u2019i ziyaretinde, B\u00fcy\u00fckel\u00e7i\u2019nin e\u015fi Brigitte Meyer-Landrut ile T\u00fcrkiye\u2019deki M\u00fcltecilere Mali Yard\u0131m Arac\u0131 B\u00f6l\u00fcm Ba\u015fkan\u0131 Libor Chlad da yer ald\u0131. Ziyarette, Mersin\u2019de ya\u015fayan yakla\u015f\u0131k 400 bin civar\u0131ndaki Suriyeli misafirler ve kentin sahip oldu\u011fu potansiyeller hakk\u0131nda sohbet edildi. Se\u00e7er, sanayi, lojistik, turizm gibi \u015fehrin sahip oldu\u011fu potansiyeller hakk\u0131nda heyeti bilgilendirdi.<\/p>\n<p>\u201cM\u00fcltecilere y\u00f6nelik destek programlar\u0131m\u0131z\u0131n ne kadar etkili oldu\u011funu g\u00f6rmek i\u00e7in bu ziyaretleri d\u00fczenledik\u201d<\/p>\n<p>Ba\u015fkan Se\u00e7er, heyete kenti nas\u0131l bulduklar\u0131n\u0131 sorarak, \u201cD\u00fcnk\u00fc ya\u011fmurdan sonra bug\u00fcn g\u00fczel bir hava var. Akdeniz\u2019in k\u0131y\u0131s\u0131nda, Toros Da\u011flar\u0131\u2019n\u0131n eteklerinde, bu g\u00fczel \u015fehirde mutlu bir ya\u015fam s\u00fcr\u00fcyoruz. Umut ediyorum bu mutlulu\u011fu sizler de fark ediyorsunuz. Ancak do\u011fal olarak, b\u00f6lgede ya\u015fanan sorunlar\u0131n, d\u00fcnyada geli\u015fen olaylar\u0131n getirdi\u011fi birtak\u0131m g\u00fc\u00e7l\u00fckleri ve zorluklar\u0131 da y\u00fckleniyoruz\u201d dedi. Avrupa Birli\u011fi (AB) T\u00fcrkiye Delegasyonu Ba\u015fkan\u0131 B\u00fcy\u00fckel\u00e7i Nikolaus Meyer-Landrut da Ba\u015fkan Se\u00e7er\u2019e kendilerini makam\u0131nda kabul etti\u011fi i\u00e7in te\u015fekk\u00fcrlerini ileterek, \u201cBu benim Mersin\u2019e ger\u00e7ekle\u015ftirdi\u011fim ilk ziyaret. D\u00fcn gece ge\u00e7 vakitte geldik ilinize, o y\u00fczden daha yeni ilinizi ke\u015ffetmeye ba\u015fl\u0131yorum. \u015eimdi Ankara\u2019n\u0131n karl\u0131 ikliminden gelen ki\u015filer olarak iklim a\u00e7\u0131s\u0131ndan ne kadar ayr\u0131cal\u0131kl\u0131 oldu\u011funuzu zaten g\u00f6rd\u00fck. Sabah Say\u0131n Vali ile olan g\u00f6r\u00fc\u015fmede de ilinizin pek \u00e7ok a\u00e7\u0131dan ne kadar zengin oldu\u011funu \u00f6\u011frendik. Hem tar\u0131m hem liman olmas\u0131, end\u00fcstrinin, sanayinin burada olmas\u0131 a\u00e7\u0131s\u0131ndan bunlar\u0131 \u00f6\u011frenmek ve ayn\u0131 zamanda \u015fehrinizi ke\u015ffetmek bizim i\u00e7in \u00e7ok \u00f6nemli ve g\u00fczel olacak. Ayn\u0131 zamanda tarihte \u00f6nemli bir yere sahip oldu\u011funu ve \u00f6nemli bir turizm potansiyeli oldu\u011funu da duyduk. Dolay\u0131s\u0131yla pek \u00e7ok etken burada bir arada. Ben sizden daha fazla bilgi almak isterim bu konularda. Hem \u015fehrin potansiyeli hakk\u0131nda hem de ayn\u0131 zamanda kar\u015f\u0131la\u015ft\u0131\u011f\u0131n\u0131z zorluklar, g\u00fc\u00e7l\u00fckler nelerdir? Onlarla da ilgili de\u011ferlendirmelerinizi \u00f6\u011frenmek isterim\u201d diye konu\u015ftu. Pandemide herkesin zorlu ko\u015fullar alt\u0131nda ya\u015fad\u0131\u011f\u0131n\u0131, iklim de\u011fi\u015fikli\u011fi nedeniyle kayg\u0131l\u0131 oldu\u011funu da s\u00f6yleyen Meyer-Landrut, \u015f\u00f6yle devam etti:<\/p>\n<p>\u201cO sebepten dolay\u0131 da endi\u015felerimiz var. \u015eimdi bunun yan\u0131 s\u0131ra da sizin, T\u00fcrkiye\u2019nin, T\u00fcrkiye\u2019nin farkl\u0131 belediyelerinin ve T\u00fcrk halk\u0131n\u0131n nas\u0131l bir \u00e7abada bulunarak 4 milyon m\u00fclteciyi a\u011f\u0131rlad\u0131\u011f\u0131n\u0131 da biliyoruz. O \u00e7er\u00e7evede de asl\u0131nda \u015fehriniz \u00f6nemli say\u0131da m\u00fclteciye ev sahipli\u011fi yap\u0131yor ve m\u00fclteciyi a\u011f\u0131rl\u0131yor. \u00d6zellikle bizim m\u00fcltecilere y\u00f6nelik destek programlar\u0131m\u0131z\u0131n, size bu y\u00fck\u00fc kald\u0131rma konusunda destek olmak i\u00e7in y\u00fcr\u00fctt\u00fc\u011f\u00fcm\u00fcz programlar\u0131n ne kadar etkili oldu\u011funu g\u00f6rmek i\u00e7in bu ziyaretleri d\u00fczenledik. Bu \u00e7er\u00e7evede projelerimizi, programlar\u0131m\u0131z\u0131 g\u00f6r\u00fcp, ne derece etkili olmu\u015flar ona da bakmak istiyoruz. M\u00fcltecilerin a\u011f\u0131rlanmas\u0131 konusunda belediyelerin ne kadar etkileyici \u00e7al\u0131\u015fmalar y\u00fcr\u00fctt\u00fc\u011f\u00fcn\u00fc ifade etmek istiyorum. \u00c7\u00fcnk\u00fc \u00e7ok say\u0131da insan\u0131 a\u011f\u0131rl\u0131yorsunuz. Biz de programlar\u0131m\u0131z ile size nas\u0131l destek olabiliriz ona bak\u0131yoruz. Ayr\u0131ca bizim mali olarak destek verdi\u011fimiz programlar ne kadar etkili olmu\u015f onunla ilgili g\u00f6zlemlerde bulunmak istiyoruz. O sebepten dolay\u0131 ben \u00f6zellikle sizi dinlemek istiyorum. \u00c7\u00fcnk\u00fc sizi dinleyince durumu daha iyi anlayabilece\u011fiz, ondan sonra da en iyi \u015fekilde size nas\u0131l destek olabiliriz ona bakaca\u011f\u0131z.\u201d<\/p>\n<p>Se\u00e7er: \u201cMersin \u00f6zellikle Ortado\u011fu\u2019daki geli\u015fmelerden birinci derecede etkilenen bir lokasyona sahip\u201d<\/p>\n<p>Ba\u015fkan Se\u00e7er, Mersin\u2019in 1.9 milyon yerli n\u00fcfusa sahip oldu\u011funu belirterek, \u201cAncak yakla\u015f\u0131k olarak kay\u0131tl\u0131 g\u00f6r\u00fclen ya da kay\u0131t d\u0131\u015f\u0131 ya\u015fayan 400 bin civar\u0131nda bir Suriyeli misafir oldu\u011funu varsayarsak, ortalama olarak 2.3 milyona n\u00fcfusumuzun eri\u015fti\u011fini g\u00f6rebilirsiniz. Y\u00fcz\u00f6l\u00e7\u00fcm\u00fc olarak 16 bin kilometrekare bir alan ve Akdeniz sahiline bakt\u0131\u011f\u0131n\u0131z zaman olduk\u00e7a uzun oldu\u011funu g\u00f6r\u00fcrs\u00fcn\u00fcz. 320 kilometre ku\u015f u\u00e7u\u015fu sahil \u015feridine sahibiz, Akdeniz\u2019e k\u0131y\u0131m\u0131z var. Burada tar\u0131m \u00f6nemli bir \u00e7al\u0131\u015fma alan\u0131. \u00d6nemli potansiyel i\u00e7eren bir sekt\u00f6r. Yakla\u015f\u0131k olarak y\u00fcz\u00f6l\u00e7\u00fcm\u00fcm\u00fcz\u00fcn 4\u2019te 1\u2019i verimli tar\u0131m topraklar\u0131ndan olu\u015fuyor. Di\u011fer taraftan liman\u0131m\u0131z \u00e7ok \u00f6nemli, \u00e7ok de\u011ferli. T\u00fcrkiye\u2019nin en b\u00fcy\u00fck konteyner limanlar\u0131n\u0131n ba\u015f\u0131nda geliyor. Bunun yan\u0131nda sanayi ve lojistik sekt\u00f6rleri de son derece geli\u015fmi\u015f durumda. Ancak turizm sekt\u00f6r\u00fc \u00e7ok \u00f6nemli potansiyel i\u00e7ermesine ra\u011fmen istenilen d\u00fczeyde de\u011fil. Mersin lokasyon olarak \u00e7ok stratejik bir yer. \u00d6zellikle Ortado\u011fu\u2019daki geli\u015fmelerden birinci derecede etkilenen bir lokasyona sahip, Do\u011fu Akdeniz\u2019deki geli\u015fmelerden, Kuzey Afrika\u2019daki geli\u015fmelerden, yani bu b\u00f6lgedeki geli\u015fmelerden ilk etkilenen kentlerden bir tanesi\u201d dedi.<\/p>\n<p>Kentin \u00e7ok eski bir tarihe sahip oldu\u011funu ifade eden Se\u00e7er, b\u00fct\u00fcn semavi dinlerin sembollerini Mersin\u2019de g\u00f6rmenin m\u00fcmk\u00fcn oldu\u011funu anlatt\u0131.<\/p>\n<p>\u201cTopluma verdi\u011fim mesajlar hep birle\u015ftirici ve b\u00fct\u00fcnle\u015ftirici mesajlar oldu\u201d<\/p>\n<p>Belediye Ba\u015fkanl\u0131\u011f\u0131 g\u00f6revine gelmesinden bu yana ge\u00e7en yakla\u015f\u0131k 2 y\u0131ll\u0131k s\u00fcrede topluma birle\u015ftirici, b\u00fct\u00fcnle\u015ftirici mesajlar verdi\u011fini ifade eden Se\u00e7er, \u201cBurada ya\u015fayan misafirlerin de kendilerini iyi hissetmelerini sa\u011flay\u0131c\u0131 mesajlar oldu. \u00c7\u00fcnk\u00fc kentte ya\u015fayan insanlar\u0131n, hem yerli n\u00fcfusun hem burada ge\u00e7ici olarak ya\u015famak zorunda olan insanlar\u0131n bu hissiyata, bu duyguya ihtiyac\u0131 var. Elbette onlar\u0131n temel g\u00fcnl\u00fck ihtiya\u00e7lar\u0131n\u0131 kar\u015f\u0131lamak i\u00e7in hem merkezi h\u00fck\u00fcmet hem biz yerel y\u00f6netimler elimizdeki imkanlar\u0131 en iyi \u015fekilde kullanarak yard\u0131mc\u0131 olmaya \u00e7al\u0131\u015faca\u011f\u0131z. Ama \u00f6ncelikli olarak o motivasyonu, huzuru sa\u011flamam\u0131z gerekiyor. Kentimi tarafs\u0131z bir g\u00f6zle irdeledi\u011fim zaman bunu onurla, gururla ve mutlulukla s\u00f6yl\u00fcyorum ki kentte bir uyum, bir mutluluk havas\u0131 hakim\u201d dedi<\/p>\n<p>\u201cBirle\u015fmi\u015f Milletler G\u00f6\u00e7 \u00d6rg\u00fct\u00fc ile Uyum Merkezi \u00e7al\u0131\u015fmalar\u0131 s\u00fcr\u00fcyor\u201d<\/p>\n<p>Mersin\u2019de ya\u015fayan s\u0131\u011f\u0131nmac\u0131larla ilgili olarak Birle\u015fmi\u015f Milletler Uluslararas\u0131 G\u00f6\u00e7 \u00d6rg\u00fct\u00fc ile zaman zaman \u00e7al\u0131\u015fmalar\u0131n\u0131n da oldu\u011funu kaydeden Se\u00e7er, \u015fu anda Uyum Merkezi kurulmas\u0131 i\u00e7in \u00e7al\u0131\u015fmalar\u0131n devam etti\u011fini anlatt\u0131. Ba\u015fkan Se\u00e7er, B\u00fcy\u00fck\u015fehir Belediyesi, Mersinden Kad\u0131n Kooperatifi ve G\u00f6\u00e7 \u00d6rg\u00fct\u00fc\u2019n\u00fcn i\u015fbirli\u011fiyle ile Sebze-Meyve Kurutma Tesisi \u00e7al\u0131\u015fmalar\u0131n\u0131n s\u00fcrd\u00fc\u011f\u00fcn\u00fc, burada kad\u0131nlar\u0131n istihdam edilece\u011fini belirterek, tar\u0131m i\u015f\u00e7ilerinin ko\u015fullar\u0131n\u0131n iyile\u015ftirilmesi i\u00e7in de baz\u0131 faaliyetlerin y\u00fcr\u00fct\u00fcld\u00fc\u011f\u00fcne dikkat \u00e7ekti. Se\u00e7er, \u201c\u00c7\u00fcnk\u00fc bu insanlar\u0131n ya\u015fam ko\u015fullar\u0131 son derece g\u00fc\u00e7 ve olumsuz ortamlarda ya\u015f\u0131yorlar. En son yine Birle\u015fmi\u015f Milletler G\u00f6\u00e7 \u00d6rg\u00fct\u00fc ile beraber ortak bir proje kapsam\u0131nda bu insanlara \u00e7ad\u0131r, battaniye gibi ihtiya\u00e7lar\u0131n\u0131 giderecek baz\u0131 e\u015fyalar da\u011f\u0131tt\u0131k. Yine zaman zaman sa\u011fl\u0131k hizmetlerinden g\u0131da yard\u0131m\u0131na kadar, \u00e7ocuklara s\u00fct yard\u0131m\u0131na kadar bir\u00e7ok konuda katk\u0131 sa\u011fl\u0131yoruz. Her \u015feyden \u00f6nemlisi yeni olu\u015fturdu\u011fumuz Uyum Merkezi marifeti ile asl\u0131nda burada s\u0131\u011f\u0131nmac\u0131lar\u0131m\u0131z\u0131n, \u00f6zellikle gen\u00e7 ya\u015ftaki ya da k\u00fc\u00e7\u00fck ya\u015ftaki \u00e7ocuklar\u0131n\u0131n uyumunu sa\u011flayacak, e\u011fitimsel \u00e7al\u0131\u015fmalar \u00e7ok \u00f6nemli diye d\u00fc\u015f\u00fcn\u00fcyorum\u201d dedi.<\/p>\n<p>\u201cBen olaya bir belediye ba\u015fkan\u0131ndan ziyade, bir insan, bir baba olarak bak\u0131yorum\u201d<\/p>\n<p>\u00c7ok k\u0131sa s\u00fcrede 400 bin misafirin kente gelmesinin \u015fehirde baz\u0131 komplikasyonlar\u0131 da beraberinde getirdi\u011fini vurgulayan Se\u00e7er, \u015funlar\u0131 s\u00f6yledi:<\/p>\n<p>\u201c\u00d6zellikle temiz i\u00e7me suyunun temininde, temiz \u00e7evre yat\u0131r\u0131mlar\u0131nda \u00f6nemli s\u0131k\u0131nt\u0131lar ya\u015fad\u0131\u011f\u0131m\u0131z\u0131 s\u00f6yleyebilirim. Ancak ge\u00e7ti\u011fimiz g\u00fcnlerde de \u00e7ok faydal\u0131 bir toplant\u0131 yapt\u0131k AFD yetkilileri, Avrupa Birli\u011fi temsilcilerinin bir arada oldu\u011fu toplant\u0131da. Belediyemizin altyap\u0131 yat\u0131r\u0131mlar\u0131 i\u00e7in \u00f6nemli kaynaklar aktar\u0131lmas\u0131n\u0131 sa\u011flad\u0131k. Temiz i\u00e7me suyu \u015febeke hatlar\u0131, kanalizasyon hatlar\u0131, ar\u0131tma tesisleri konusunda 39 milyon avroluk bir hibe konusunda \u00f6n mutabakat sa\u011fland\u0131. Umut ediyorum bu \u00e7al\u0131\u015fmalar\u0131m\u0131z\u0131, bu i\u015fbirli\u011fimizi daha iyi noktalara getirebiliriz. Elbette ki bu ya\u015fanan sorun bize ait bir sorun de\u011fil. B\u00f6lgemizde ortaya \u00e7\u0131kan bir sorun ama b\u00f6lgeye yak\u0131n olmam\u0131zdan kaynakl\u0131 en \u00e7ok etkilenen b\u00f6lge ya da il olarak y\u00fczle\u015fti\u011fimiz bir sorun. Burada tabii ki duygular\u0131, d\u00fc\u015f\u00fcnceleri, insanl\u0131k, insanl\u0131\u011fa katk\u0131, sava\u015f kar\u015f\u0131tl\u0131\u011f\u0131, \u00e7ocuklar, kad\u0131nlar, onlar\u0131n daha huzurlu bir ortamda ya\u015famas\u0131n\u0131 sa\u011flamak olan her insan, her y\u00f6netici, her siyaset\u00e7i, her \u00fclke bu konuya el atmak zorundad\u0131r. Ben olaya bir belediye ba\u015fkan\u0131ndan ziyade, bir insan olarak, bir baba olarak bak\u0131yorum. Benim de \u00e7ocuklar\u0131m var, benim de bir ailem var. Empati yapt\u0131\u011f\u0131m zaman, kendimi onlar\u0131n yerine koydu\u011fum zaman \u00e7ok \u00fcz\u00fcl\u00fcyorum. Bu duygularla onlara yard\u0131mc\u0131 olma \u00e7abas\u0131 i\u00e7indeyim. Tabi olay\u0131n politik y\u00f6n\u00fcn\u00fc ayr\u0131 de\u011ferlendirmek laz\u0131m.\u201d<\/p>\n<p>\u201cT\u00fcrkiye\u2019nin tam \u00fcyelik ser\u00fcveni yakla\u015f\u0131k yar\u0131m as\u0131rdan fazla bir s\u00fcre\u201d<\/p>\n<p>Avrupa Birli\u011fi ili\u015fkileri hakk\u0131nda da baz\u0131 de\u011ferlendirmeler yapan Ba\u015fkan Se\u00e7er, \u201cAvrupa Birli\u011fi s\u00fcrecimiz, T\u00fcrkiye\u2019nin tam \u00fcyelik ser\u00fcveni yakla\u015f\u0131k yar\u0131m as\u0131rdan fazla bir s\u00fcre. Ki\u015fisel olarak Avrupa Birli\u011fi s\u00fcrecini destekleyen bir politikac\u0131yd\u0131m. Sadece Avrupa Birli\u011fi\u2019ne ortak bir pazar de\u011fil bir\u00e7ok y\u00f6n\u00fcyle ortakla\u015fabilece\u011fimiz bir medeniyet projesi olarak g\u00f6r\u00fcyordum. Ancak bug\u00fcn geldi\u011fimiz nokta, arzu etti\u011fim bir durum de\u011fildir. \u0130li\u015fkilerimizin tekrar ba\u015flamas\u0131, bu s\u00fcrecin tekrar canlanmas\u0131 dileklerimle bu konuyu da kapatmak istiyorum\u201d dedi.<\/p>\n<p>B\u00fcy\u00fckel\u00e7i Meyer-Landrut: \u201c\u0130li\u015fkilerimizi daha da geli\u015ftirebiliriz\u201d<\/p>\n<p>Ba\u015fkan Se\u00e7er\u2019in T\u00fcrkiye-AB ili\u015fkileriyle ilgili de\u011ferlendirmeleri \u00fczerine B\u00fcy\u00fckel\u00e7i Nikolaus Meyer-Landrut ise ili\u015fkilerin olmas\u0131 gereken noktada olmad\u0131\u011f\u0131n\u0131 belirterek, \u201cOnun da pek \u00e7ok sebebi var ama ben \u015fimdi o sebeplere girmeyece\u011fim \u00e7\u00fcnk\u00fc \u00e7ok fazla zaman\u0131m\u0131z\u0131 al\u0131r. Ama umut ediyorum ki \u00f6n\u00fcm\u00fczdeki haftalarda ve \u00f6n\u00fcm\u00fczdeki aylarda ili\u015fkilerimizi daha da geli\u015ftirebiliriz ve i\u015fbirli\u011fimizi de en az\u0131ndan belli bir tak\u0131m alanlarda daha g\u00fc\u00e7lendirebiliriz. Bu \u00e7er\u00e7evede de \u00f6ncelikle kar\u015f\u0131l\u0131kl\u0131 g\u00fcveni daha da geli\u015ftirirsek ondan sonra onun \u00fczerine ba\u015fka ad\u0131mlar\u0131 in\u015fa ederiz\u201d dedi.<\/p>\n<p>T\u00fcrkiye\u2019nin m\u00fcltecilere y\u00f6nelik \u00e7abalar\u0131n\u0131 takdir etti\u011fini ifade eden Meyer-Landrut, \u015funlar\u0131 s\u00f6yledi:<\/p>\n<p>\u201cBen size, belediyenize ve T\u00fcrk toplumuna d\u00fcnyan\u0131n en b\u00fcy\u00fck m\u00fclteci n\u00fcfusunu a\u011f\u0131rlad\u0131klar\u0131 ve g\u00f6sterdikleri \u00e7abalardan dolay\u0131 takdirlerimi iletmek istiyorum. Ama\u00e7lar\u0131n\u0131zdan bahsederken uyumdan bahsetmi\u015fsiniz. Bu son derece \u00f6nemli. Suriye\u2019deki \u00e7at\u0131\u015fman\u0131n patlak vermesinden bu yana 10 y\u0131l ge\u00e7ti, ilk ba\u015flang\u0131\u00e7 a\u015famas\u0131n\u0131 \u00e7ok net hat\u0131rl\u0131yorum ve uzak da de\u011fil bu olaylar\u0131n meydana geldi\u011fi yer. \u00c7ok \u00e7e\u015fitli ihtiya\u00e7lar var bu \u00e7er\u00e7evede. Biz de elimizden geldi\u011fince destek olmak istiyoruz ama tabii ki ana y\u00fck sizin \u00fczerinizde. Bunun yan\u0131 s\u0131ra tabii ki belediye altyap\u0131s\u0131 a\u00e7\u0131s\u0131ndan da size destek sa\u011flanmas\u0131, destek olmam\u0131z gerekiyor. \u00c7\u00fcnk\u00fc 1 milyon 900 binlik n\u00fcfusun \u00fczerine bir de 400 bin ki\u015fi geliyor bir anda. Dolay\u0131s\u0131yla su ar\u0131tma tesisi olsun, okullar olsun, t\u00fcm bu a\u00e7\u0131lardan belediye altyap\u0131s\u0131 bask\u0131 alt\u0131nda kal\u0131yor ve daha \u00e7ok g\u00fc\u00e7lendirilmeye ihtiya\u00e7 duyuyor. Temel ihtiya\u00e7lar \u00f6nem kazan\u0131yor bu noktada. Sa\u011fl\u0131k ihtiya\u00e7lar\u0131 son derece \u00f6nemli. Onunla ilgili olarak bizim zaten sizinle ve Sa\u011fl\u0131k Bakanl\u0131\u011f\u0131 ile planlar\u0131m\u0131z ve projelerimiz var. Ama ben \u00f6zellikle 2 alana de\u011finmek istiyorum. \u00c7\u00fcnk\u00fc bu iki alan, uyumun sa\u011flanmas\u0131, sizin de hedeflerinizden biri olan toplumsal uyumun sa\u011flanmas\u0131 a\u00e7\u0131s\u0131ndan \u00e7ok \u00f6nemli. Birincisi e\u011fitim. T\u00fcrkiye 700 bini a\u015fk\u0131n Suriyeli \u00e7ocu\u011fun T\u00fcrk e\u011fitim sistemine entegre edilmesi noktas\u0131nda \u00e7ok ba\u015far\u0131l\u0131 bir \u00e7al\u0131\u015fma sergiledi. Biz de T\u00fcrkiye\u2019nin bu \u00e7al\u0131\u015fmalar\u0131n\u0131 Milli E\u011fitim Bakanl\u0131\u011f\u0131 ile y\u00fcr\u00fctt\u00fc\u011f\u00fcm\u00fcz baz\u0131 programlar vas\u0131tas\u0131yla destek oluyoruz.\u201d<\/p>\n","protected":false},"excerpt":{"rendered":"<p>Ba\u015fkan Se\u00e7er, AB T\u00fcrkiye Delegasyonu Ba\u015fkan\u0131 B\u00fcy\u00fckel\u00e7i Nikolaus Meyer-Landrut ve beraberindeki heyet ile bir araya geldi. Mersin\u2019in lokasyon olarak \u00e7ok stratejik bir yerde bulundu\u011funu, Suriyeli misafirlerin temel g\u00fcnl\u00fck ihtiya\u00e7lar\u0131n\u0131 kar\u015f\u0131lamak &hellip; <a href=\"https:\/\/akdenizolaygazetesi.com\/?p=10830\" class=\"more-link\">Devam\u0131n\u0131 Oku&#8230;<\/a><\/p>\n","protected":false},"author":2,"featured_media":10831,"comment_status":"open","ping_status":"open","sticky":false,"template":"","format":"standard","meta":[],"categories":[7,34,1,2,3,5],"tags":[],"_links":{"self":[{"href":"https:\/\/akdenizolaygazetesi.com\/index.php?rest_route=\/wp\/v2\/posts\/10830"}],"collection":[{"href":"https:\/\/akdenizolaygazetesi.com\/index.php?rest_route=\/wp\/v2\/posts"}],"about":[{"href":"https:\/\/akdenizolaygazetesi.com\/index.php?rest_route=\/wp\/v2\/types\/post"}],"author":[{"embeddable":true,"href":"https:\/\/akdenizolaygazetesi.com\/index.php?rest_route=\/wp\/v2\/users\/2"}],"replies":[{"embeddable":true,"href":"https:\/\/akdenizolaygazetesi.com\/index.php?rest_route=%2Fwp%2Fv2%2Fcomments&post=10830"}],"version-history":[{"count":1,"href":"https:\/\/akdenizolaygazetesi.com\/index.php?rest_route=\/wp\/v2\/posts\/10830\/revisions"}],"predecessor-version":[{"id":10832,"href":"https:\/\/akdenizolaygazetesi.com\/index.php?rest_route=\/wp\/v2\/posts\/10830\/revisions\/10832"}],"wp:featuredmedia":[{"embeddable":true,"href":"https:\/\/akdenizolaygazetesi.com\/index.php?rest_route=\/wp\/v2\/media\/10831"}],"wp:attachment":[{"href":"https:\/\/akdenizolaygazetesi.com\/index.php?rest_route=%2Fwp%2Fv2%2Fmedia&parent=10830"}],"wp:term":[{"taxonomy":"category","embeddable":true,"href":"https:\/\/akdenizolaygazetesi.com\/index.php?rest_route=%2Fwp%2Fv2%2Fcategories&post=10830"},{"taxonomy":"post_tag","embeddable":true,"href":"https:\/\/akdenizolaygazetesi.com\/index.php?rest_route=%2Fwp%2Fv2%2Ftags&post=10830"}],"curies":[{"name":"wp","href":"https:\/\/api.w.org\/{rel}","templated":true}]}}