{"id":10833,"date":"2021-02-18T16:51:50","date_gmt":"2021-02-18T13:51:50","guid":{"rendered":"http:\/\/akdenizolaygazetesi.com\/?p=10833"},"modified":"2021-02-18T16:51:50","modified_gmt":"2021-02-18T13:51:50","slug":"akdeniz-belediyesi-ile-hizmet-is-sendikasi-arasinda-toplu-is-sozlesmesi-imzalandi","status":"publish","type":"post","link":"https:\/\/akdenizolaygazetesi.com\/?p=10833","title":{"rendered":"AKDEN\u0130Z BELED\u0130YES\u0130 \u0130LE H\u0130ZMET-\u0130\u015e SEND\u0130KASI ARASINDA TOPLU \u0130\u015e S\u00d6ZLE\u015eMES\u0130 \u0130MZALANDI"},"content":{"rendered":"<p>Toplu \u0130\u015f s\u00f6zle\u015fmesi ile belediye \u015firket i\u015f\u00e7ilerinin ge\u00e7en y\u0131l\u0131n (2020) Haziran ay\u0131 maa\u015f\u0131 ile bu y\u0131l\u0131n (2021) Ocak ay\u0131 maa\u015f\u0131 aras\u0131nda y\u00fczde 41\u2019lik bir \u00fccret art\u0131\u015f\u0131 sa\u011fland\u0131.<\/p>\n<p>Akdeniz Belediyesi ile Hizmet-\u0130\u015f Sendikas\u0131 Toplu \u0130\u015f S\u00f6zle\u015fmesi imza t\u00f6reninde konu\u015fan Ba\u015fkan Mustafa G\u00fcltak; \u201cGe\u00e7en y\u0131l Haziran ay\u0131nda en d\u00fc\u015f\u00fck maa\u015f\u0131 net 2 bin 400 lira olan \u015firket i\u015f\u00e7ilerimizin maa\u015f\u0131; bu art\u0131\u015fla birlikte net 3 bin 380 liraya \u00e7\u0131kacak. \u0130mk\u00e2nlar\u0131m\u0131z artt\u0131k\u00e7a rakamlar daha da artacakt\u0131r\u201d dedi.<\/p>\n<p>Akdeniz Belediyesi ile Hizmet-\u0130\u015f Sendikas\u0131 Toplu \u0130\u015f S\u00f6zle\u015fmesi imza t\u00f6reni belediye binas\u0131 \u00f6n\u00fcnde ger\u00e7ekle\u015fti. \u0130stiklal Mar\u015f\u0131 ve Sayg\u0131 Duru\u015funun ard\u0131ndan ba\u015flayan t\u00f6rene Akdeniz Belediye Ba\u015fkan\u0131 M. Mustafa G\u00fcltak, Hizmet-\u0130\u015f Sendikas\u0131 Genel Ba\u015fkan Yard\u0131mc\u0131s\u0131 Halil \u00d6zdemir, Hizmet-\u0130\u015f Sendikas\u0131 Mersin \u015eube Ba\u015fkan\u0131 H\u00fcseyin G\u00fcn, AK Parti Akdeniz \u0130l\u00e7e Ba\u015fkan\u0131 Emin Gen\u00e7, \u00e7ok say\u0131da b\u00fcrokrat ve i\u015f\u00e7i kat\u0131ld\u0131.<\/p>\n<p>\u00d6zdemir; \u201cBu noktaya G\u00fcltak\u2019\u0131n merhameti sayesinde gelindi\u201d<\/p>\n<p>Hizmet-\u0130\u015f Sendikas\u0131 Genel Ba\u015fkan Yard\u0131mc\u0131s\u0131 Halil \u00d6zdemir yapt\u0131\u011f\u0131 konu\u015fmada, Akdeniz Belediyesi ile g\u00f6r\u00fc\u015fmeler neticesinde \u00f6nemli bir noktaya geldiklerini dile getirerek, \u201cBu noktaya bar\u0131\u015f ve huzur i\u00e7erisinde gelindi. Bunun en \u00f6nemli ayaklar\u0131ndan birisi Belediye Ba\u015fkan\u0131m\u0131z Say\u0131n Mustafa G\u00fcltak\u2019\u0131n bize g\u00f6sterdi\u011fi iyi niyet ve merhametidir. Ba\u015fkan\u0131m\u0131z kimsenin burnunu kanatmad\u0131. Herkes i\u015finde \u00e7al\u0131\u015f\u0131yor. Bizler de i\u015f\u00e7iler olarak sizin ba\u015f\u0131n\u0131z\u0131 \u00f6n\u00fcn\u00fcze e\u011fdirmeyece\u011fiz. Toplu i\u015f s\u00f6zle\u015fmemiz hay\u0131rl\u0131 u\u011furlu olsun\u201d diye konu\u015ftu.<\/p>\n<p>G\u00fcltak; \u201c\u0130\u015fsiz kalma kayg\u0131s\u0131yla ya\u015fan\u0131r m\u0131?\u201d<\/p>\n<p>T\u00fcrkiye\u2019de i\u015f\u00e7i \u00e7\u0131kartmayan ender belediyelerin ba\u015f\u0131nda Akdeniz Belediyesi\u2019nin geldi\u011fine vurgu yapan Ba\u015fkan G\u00fcltak, \u201c\u0130\u015f\u00e7i karde\u015flerimizin hangi siyasi g\u00f6r\u00fc\u015ften, hangi \u0131rktan ya da mezhepten olduklar\u0131n\u0131n hi\u00e7bir \u00f6nemi yok. Hepsinin y\u00fcz\u00fc g\u00fcl\u00fcyor. \u00c7\u00fcnk\u00fc ak\u015fam eve gittiklerinde bir i\u015flerinin olduklar\u0131n\u0131 biliyor. Sabah geldi\u011finizde benim i\u015f sorunum yok diyorlar. \u00d6lmezsem 3 sene daha, bir dahaki d\u00f6nem se\u00e7ildi\u011fimde 5 sene daha i\u015f garanti ediyorum. Bu b\u00fcy\u00fck bir konfordur. Bug\u00fcn insanlar gece yar\u0131s\u0131 gelen bir mesajla ertesi g\u00fcn i\u015fsiz kald\u0131klar\u0131n\u0131 \u00f6\u011freniyorlar. Bu kayg\u0131yla ya\u015fan\u0131l\u0131r m\u0131?\u201d dedi.<\/p>\n<p>\u201cMersin\u2019deki en bor\u00e7lu belediyeyiz\u201d<\/p>\n<p>\u201c\u015eu an Mersin\u2019deki en bor\u00e7lu belediyeyiz\u201d diyen Ba\u015fkan G\u00fcltak, \u201c\u0130ller Bankas\u0131\u2019ndan gelen ve buradan toplad\u0131\u011f\u0131m\u0131z paralarla ancak sizlerin maa\u015flar\u0131n\u0131 \u00f6d\u00fcyoruz. Buna ra\u011fmen Akdeniz\u2019de bir de\u011fi\u015fim ba\u015flad\u0131. \u0130\u015f\u00e7imize de g\u00fcc\u00fcm\u00fcz\u00fcn yetti\u011finin \u00fcst\u00fcnde vermeye \u00e7al\u0131\u015fmak i\u00e7in kendimizi zorluyoruz\u201d ifadelerini kulland\u0131.<\/p>\n<p>\u201c\u015eirket i\u015f\u00e7ilerimizin maa\u015f\u0131 ortalama 3 bin 575 TL\u2019ye y\u00fckseldi\u201d<\/p>\n<p>Ba\u015fkan G\u00fcltak, \u201cBug\u00fcn imzalayaca\u011f\u0131m\u0131z toplu s\u00f6zle\u015fme sayesinde; ge\u00e7en y\u0131l Haziran ay\u0131nda end\u00fc\u015f\u00fck maa\u015f\u0131 net 2 bin 400 lira olan \u015firket i\u015f\u00e7ilerimizin maa\u015f\u0131; net 3 bin 380 liraya \u00e7\u0131kacakt\u0131r. Belediyemiz \u015firket i\u015f\u00e7ilerinin maa\u015f ortalamas\u0131 ise, net 3 bin 575 TL\u2019ye y\u00fckselmi\u015f olacakt\u0131r. Bu zam sonras\u0131; g\u00fcnl\u00fck \u00e7\u0131plak \u00fccreti, br\u00fct 123 liran\u0131n alt\u0131nda kalan i\u015f\u00e7ilerimizin g\u00fcnl\u00fck \u00e7\u0131plak \u00fccretleri de br\u00fct 123 liraya y\u00fckselecektir\u201d diye konu\u015ftu.<\/p>\n<p>\u201c\u0130\u015f\u00e7ilerimizin okuyan \u00e7ocuklar\u0131na da destek olaca\u011f\u0131z\u201d<\/p>\n<p>Ba\u015fkan G\u00fcltak, \u201c\u0130mza alt\u0131na alaca\u011f\u0131m\u0131z s\u00f6zle\u015fme ile y\u0131lda bir kez Eyl\u00fcl ay\u0131nda \u00f6denmek \u00fczere; \u00e7al\u0131\u015fanlar\u0131m\u0131z\u0131n; ilkokulda okuyan \u00e7ocuklar\u0131 i\u00e7in br\u00fct 100 (y\u00fcz) TL; Ortaokulda okuyan \u00e7ocu\u011fu i\u00e7in br\u00fct 110 TL; Lise ve dengi okullarda okuyan \u00e7ocu\u011fu i\u00e7in br\u00fct 120 TL; Y\u00fcksekokul ve \u00fcniversite i\u00e7in br\u00fct 140 TL tutar\u0131nda \u00f6\u011frenim yard\u0131m\u0131 yap\u0131lacakt\u0131r. \u0130mzalayaca\u011f\u0131m\u0131z s\u00f6zle\u015fme kapsam\u0131nda, belediyemiz \u015firket i\u015f\u00e7ilerine \u00f6denen g\u00fcnl\u00fck yemek paras\u0131 5 liradan 10 liraya; yakacak yard\u0131m\u0131 da 30 liradan 50 liraya \u00e7\u0131kacakt\u0131r\u201d \u015feklinde konu\u015ftu.<\/p>\n<p>\u201cD\u00fcnya evine girecek i\u015f\u00e7iye 500 TL evlilik yard\u0131m\u0131 yap\u0131lacak\u201d<\/p>\n<p>\u00c7ocu\u011funu s\u00fcnnet ettirecek i\u015f\u00e7iye de 250 lira katk\u0131 sunulaca\u011f\u0131n\u0131 s\u00f6yleyen Ba\u015fkan G\u00fcltak, \u201cD\u00fcnya evine girecek olan personelimize de 500 TL evlilik yard\u0131m\u0131 yap\u0131lacakt\u0131r. \u0130\u015f\u00e7ilerimize, y\u0131l i\u00e7erisinde<br \/>\ntoplam 22 ikramiye \u00f6denecektir. Bu rakam ge\u00e7en sene toplam 10 ikramiye idi. Belediyemiz \u015firket i\u015f\u00e7ilerine, \u00e7e\u015fitli sosyal harcamalar\u0131n\u0131 kar\u015f\u0131layabilmeleri i\u00e7in ayr\u0131ca 106 lira \u00f6deme yap\u0131lacakt\u0131r. S\u00f6zle\u015fme sayesinde,sendika \u00fcyesi i\u015f\u00e7ilerimize her y\u0131l Ramazan ve Kurban Bayramlar\u0131ndan bir hafta \u00f6nce br\u00fct 100\u2019er TL bayram yard\u0131m\u0131 verilecektir\u201d dedi.<\/p>\n<p>\u201cBiz sizlerle birlikte var\u0131z\u201d<\/p>\n<p>Toplu i\u015f s\u00f6zle\u015fmesinin y\u00fcr\u00fcrl\u00fck s\u00fcresinin 18 ay oldu\u011funun alt\u0131n\u0131 \u00e7izen Ba\u015fkan G\u00fcltak,\u201cS\u00f6zle\u015fmemiz; 1 Temmuz 2020 tarihinde y\u00fcr\u00fcrl\u00fc\u011fe girecek olup; 31 Aral\u0131k 2021 tarihi mesai bitiminde sona erecektir. Asl\u0131nda \u015fu an y\u00fczde 40\u2019\u0131n \u00fczerinde bir zam ger\u00e7ekle\u015fmi\u015f oluyor. \u0130mkan olsa sizler daha iyilerine lay\u0131ks\u0131n\u0131z. \u0130mk\u00e2nlar\u0131m\u0131z artt\u0131k\u00e7a rakamlar daha da artacakt\u0131r. Biz iyi bir aileyiz. Biz sizlerle birlikte var\u0131z. Benimle ya da \u00fcstteki birka\u00e7 b\u00fcrokratla bu belediye y\u00fcr\u00fcmez. Ciddi bir ekibiz. Ekibimiz de \u00e7al\u0131\u015f\u0131yor; inan\u0131yor ve mutlu. Bu da Akdeniz\u2019e yans\u0131yor. Bundan dolay\u0131 Hak-\u0130\u015f yetkililerine ve sizlere te\u015fekk\u00fcr ediyorum. Say\u0131n Cumhurba\u015fkan\u0131m\u0131z Recep Tayyip Erdo\u011fan\u2019dan, Hazine ve Maliye Bakan\u0131m\u0131z Say\u0131n L\u00fctfi Elvan\u2019dan ve de\u011ferli milletvekillerimizden ald\u0131\u011f\u0131m\u0131z destekle bunlar\u0131 yap\u0131yoruz. Onlara da ayr\u0131ca te\u015fekk\u00fcr ediyorum\u201d diye konu\u015ftu.<\/p>\n<p>Toplu i\u015f s\u00f6zle\u015fmesine dair protokol\u00fcn imzalanmas\u0131n\u0131n ard\u0131ndan Ba\u015fkan G\u00fcltak, i\u015f\u00e7ilerle \u00f6z \u00e7ekim ger\u00e7ekle\u015ftirdi.<\/p>\n","protected":false},"excerpt":{"rendered":"<p>Toplu \u0130\u015f s\u00f6zle\u015fmesi ile belediye \u015firket i\u015f\u00e7ilerinin ge\u00e7en y\u0131l\u0131n (2020) Haziran ay\u0131 maa\u015f\u0131 ile bu y\u0131l\u0131n (2021) Ocak ay\u0131 maa\u015f\u0131 aras\u0131nda y\u00fczde 41\u2019lik bir \u00fccret art\u0131\u015f\u0131 sa\u011fland\u0131. Akdeniz Belediyesi ile &hellip; <a href=\"https:\/\/akdenizolaygazetesi.com\/?p=10833\" class=\"more-link\">Devam\u0131n\u0131 Oku&#8230;<\/a><\/p>\n","protected":false},"author":2,"featured_media":10835,"comment_status":"open","ping_status":"open","sticky":false,"template":"","format":"standard","meta":[],"categories":[34,1,2,3,5],"tags":[],"_links":{"self":[{"href":"https:\/\/akdenizolaygazetesi.com\/index.php?rest_route=\/wp\/v2\/posts\/10833"}],"collection":[{"href":"https:\/\/akdenizolaygazetesi.com\/index.php?rest_route=\/wp\/v2\/posts"}],"about":[{"href":"https:\/\/akdenizolaygazetesi.com\/index.php?rest_route=\/wp\/v2\/types\/post"}],"author":[{"embeddable":true,"href":"https:\/\/akdenizolaygazetesi.com\/index.php?rest_route=\/wp\/v2\/users\/2"}],"replies":[{"embeddable":true,"href":"https:\/\/akdenizolaygazetesi.com\/index.php?rest_route=%2Fwp%2Fv2%2Fcomments&post=10833"}],"version-history":[{"count":1,"href":"https:\/\/akdenizolaygazetesi.com\/index.php?rest_route=\/wp\/v2\/posts\/10833\/revisions"}],"predecessor-version":[{"id":10836,"href":"https:\/\/akdenizolaygazetesi.com\/index.php?rest_route=\/wp\/v2\/posts\/10833\/revisions\/10836"}],"wp:featuredmedia":[{"embeddable":true,"href":"https:\/\/akdenizolaygazetesi.com\/index.php?rest_route=\/wp\/v2\/media\/10835"}],"wp:attachment":[{"href":"https:\/\/akdenizolaygazetesi.com\/index.php?rest_route=%2Fwp%2Fv2%2Fmedia&parent=10833"}],"wp:term":[{"taxonomy":"category","embeddable":true,"href":"https:\/\/akdenizolaygazetesi.com\/index.php?rest_route=%2Fwp%2Fv2%2Fcategories&post=10833"},{"taxonomy":"post_tag","embeddable":true,"href":"https:\/\/akdenizolaygazetesi.com\/index.php?rest_route=%2Fwp%2Fv2%2Ftags&post=10833"}],"curies":[{"name":"wp","href":"https:\/\/api.w.org\/{rel}","templated":true}]}}