{"id":10846,"date":"2021-02-19T12:18:51","date_gmt":"2021-02-19T09:18:51","guid":{"rendered":"http:\/\/akdenizolaygazetesi.com\/?p=10846"},"modified":"2021-02-19T12:18:51","modified_gmt":"2021-02-19T09:18:51","slug":"buyuksehir-mersinlilerin-regaip-kandilini-kutladi","status":"publish","type":"post","link":"https:\/\/akdenizolaygazetesi.com\/?p=10846","title":{"rendered":"B\u00dcY\u00dcK\u015eEH\u0130R, MERS\u0130NL\u0130LER\u2019\u0130N REGA\u0130P KAND\u0130L\u0130N\u0130 KUTLADI"},"content":{"rendered":"<p>B\u00fcy\u00fck\u015fehir Belediyesi, Regaip Kandili dolay\u0131s\u0131yla Mersinliler\u2019e kandil simidi da\u011f\u0131tt\u0131. Ekipler, kent merkezi ve Tarsus\u2019ta vatanda\u015flara 10 camide toplam 6 bin 750 kandil simidi ula\u015ft\u0131rd\u0131.<\/p>\n<p>Mersin B\u00fcy\u00fck\u015fehir Belediyesi, her kandil gecesinde oldu\u011fu gibi Regaip Kandili\u2019nde de yats\u0131 namaz\u0131n\u0131n ard\u0131ndan vatanda\u015flara kandil simidi da\u011f\u0131tt\u0131. Vatanda\u015flar\u0131n kandillerini kutlayan B\u00fcy\u00fck\u015fehir ekipleri, kent merkezi ve Tarsus\u2019ta 10 camide toplam 6 bin 750 adet kandil simidi da\u011f\u0131t\u0131m\u0131 ger\u00e7ekle\u015ftirdi.<\/p>\n<p>B\u00fcy\u00fck\u015fehir, kandil simitleriyle yurtta\u015flar\u0131n kandilini kutlad\u0131<\/p>\n<p>B\u00fcy\u00fck\u015fehir ekiplerinin cami \u00f6nlerine stant kurarak, yats\u0131 namaz\u0131n\u0131n ard\u0131ndan da\u011f\u0131tt\u0131\u011f\u0131 kandil simidi vatanda\u015flardan b\u00fcy\u00fck ilgi g\u00f6rd\u00fc. B\u00fcy\u00fck\u015fehir Belediyesi Sosyal Hizmetler Dairesi Ba\u015fkanl\u0131\u011f\u0131 koordinesinde, merkezde bulunan 5 camide 4 bin 250, Tarsus\u2019ta 5, \u00c7aml\u0131yayla merkez, Sar\u0131kavak, Dar\u0131p\u0131nar\u0131 ve Sebil camilerinde ise 2 bin 500 adet olmak \u00fczere toplam 6 bin 750 adet kandil simidi da\u011f\u0131t\u0131m\u0131 ger\u00e7ekle\u015ftirildi. Kandil simitlerini alan vatanda\u015flar, Mersin B\u00fcy\u00fck\u015fehir Belediye Ba\u015fkan\u0131 Vahap Se\u00e7er\u2019e ve belediye personeline hizmetlerinden dolay\u0131 te\u015fekk\u00fcrlerini iletti.<\/p>\n","protected":false},"excerpt":{"rendered":"<p>B\u00fcy\u00fck\u015fehir Belediyesi, Regaip Kandili dolay\u0131s\u0131yla Mersinliler\u2019e kandil simidi da\u011f\u0131tt\u0131. Ekipler, kent merkezi ve Tarsus\u2019ta vatanda\u015flara 10 camide toplam 6 bin 750 kandil simidi ula\u015ft\u0131rd\u0131. Mersin B\u00fcy\u00fck\u015fehir Belediyesi, her kandil gecesinde &hellip; <a href=\"https:\/\/akdenizolaygazetesi.com\/?p=10846\" class=\"more-link\">Devam\u0131n\u0131 Oku&#8230;<\/a><\/p>\n","protected":false},"author":2,"featured_media":10847,"comment_status":"open","ping_status":"open","sticky":false,"template":"","format":"standard","meta":[],"categories":[34,1,2,3,5],"tags":[],"_links":{"self":[{"href":"https:\/\/akdenizolaygazetesi.com\/index.php?rest_route=\/wp\/v2\/posts\/10846"}],"collection":[{"href":"https:\/\/akdenizolaygazetesi.com\/index.php?rest_route=\/wp\/v2\/posts"}],"about":[{"href":"https:\/\/akdenizolaygazetesi.com\/index.php?rest_route=\/wp\/v2\/types\/post"}],"author":[{"embeddable":true,"href":"https:\/\/akdenizolaygazetesi.com\/index.php?rest_route=\/wp\/v2\/users\/2"}],"replies":[{"embeddable":true,"href":"https:\/\/akdenizolaygazetesi.com\/index.php?rest_route=%2Fwp%2Fv2%2Fcomments&post=10846"}],"version-history":[{"count":1,"href":"https:\/\/akdenizolaygazetesi.com\/index.php?rest_route=\/wp\/v2\/posts\/10846\/revisions"}],"predecessor-version":[{"id":10848,"href":"https:\/\/akdenizolaygazetesi.com\/index.php?rest_route=\/wp\/v2\/posts\/10846\/revisions\/10848"}],"wp:featuredmedia":[{"embeddable":true,"href":"https:\/\/akdenizolaygazetesi.com\/index.php?rest_route=\/wp\/v2\/media\/10847"}],"wp:attachment":[{"href":"https:\/\/akdenizolaygazetesi.com\/index.php?rest_route=%2Fwp%2Fv2%2Fmedia&parent=10846"}],"wp:term":[{"taxonomy":"category","embeddable":true,"href":"https:\/\/akdenizolaygazetesi.com\/index.php?rest_route=%2Fwp%2Fv2%2Fcategories&post=10846"},{"taxonomy":"post_tag","embeddable":true,"href":"https:\/\/akdenizolaygazetesi.com\/index.php?rest_route=%2Fwp%2Fv2%2Ftags&post=10846"}],"curies":[{"name":"wp","href":"https:\/\/api.w.org\/{rel}","templated":true}]}}