{"id":10852,"date":"2021-02-19T17:43:47","date_gmt":"2021-02-19T14:43:47","guid":{"rendered":"http:\/\/akdenizolaygazetesi.com\/?p=10852"},"modified":"2021-02-19T17:43:47","modified_gmt":"2021-02-19T14:43:47","slug":"baskan-secer-cuma-mesaisini-tarsusa-ayirdi","status":"publish","type":"post","link":"https:\/\/akdenizolaygazetesi.com\/?p=10852","title":{"rendered":"BA\u015eKAN SE\u00c7ER, CUMA MESA\u0130S\u0130N\u0130 TARSUS\u2019A AYIRDI"},"content":{"rendered":"<p>Ba\u015fkan Se\u00e7er, Cuma g\u00fcn\u00fcn\u00fc Tarsus il\u00e7esine ay\u0131rd\u0131. \u0130l\u00e7edeki gezisine esnaf ziyaretiyle ba\u015flayan Ba\u015fkan Se\u00e7er, ard\u0131ndan farkl\u0131 noktalarda incelemelerde bulundu. Se\u00e7er, esnaf ziyaretinden sonra Tarsus Otogar\u0131 ve \u015eelale Otel\u2019de bir tak\u0131m incelemelerde bulunurken; Tarsus Gen\u00e7lik Kamp\u0131\u2019na getirilen \u00e7ocuklar ve aileleriyle de bir araya gelip onlarla keyifli bir vakit ge\u00e7irdi.<\/p>\n<p>Mersin B\u00fcy\u00fck\u015fehir Belediye Ba\u015fkan\u0131 Vahap Se\u00e7er, Cuma g\u00fcn\u00fc mesaisini Tarsus il\u00e7esine ay\u0131rd\u0131. Tarsus il\u00e7esinde ilk olarak esnaf\u0131 ziyaret eden Ba\u015fkan Se\u00e7er, ard\u0131ndan il\u00e7ede farkl\u0131 noktalarda incelemelerde bulundu.<\/p>\n<p>Tarsus gezisi esnaf ziyareti ile ba\u015flad\u0131<\/p>\n<p>Ger\u00e7ekle\u015ftirilen ziyarette Ba\u015fkan Se\u00e7er\u2019e, B\u00fcy\u00fck\u015fehir Belediyesi Genel Sekreter Vekili Olcay Tok, B\u00fcy\u00fck\u015fehir Belediyesi ve Tarsus Belediyesi Meclis \u00dcyeleri, CHP Tarsus \u0130l\u00e7e Ba\u015fkan\u0131 Ozan Varal ile B\u00fcy\u00fck\u015fehir Belediyesi b\u00fcrokratlar\u0131 ve daire ba\u015fkanlar\u0131 e\u015flik etti.<\/p>\n<p>Ba\u015fkan Se\u00e7er\u2019in Tarsus gezisi ilk olarak il\u00e7edeki esnaf\u0131 ziyaretle ba\u015flad\u0131. K\u00fc\u00e7\u00fck Minare Camii\u2019nin bulundu\u011fu sokaktaki esnaf\u0131n d\u00fckk\u00e2nlar\u0131n\u0131 ziyaret eden Se\u00e7er, ard\u0131ndan Eski Hal Caddesi ile 100. Y\u0131l \u00c7ar\u015f\u0131s\u0131 esnaf\u0131n\u0131 selamlad\u0131. Esnafa hay\u0131rl\u0131 i\u015fler dileyip, onlarla sohbet eden Se\u00e7er, daha sonra Tarsus Cumhuriyet Meydan\u0131\u2019ndaki Tarsus Belediyesi Emek\u00e7i Kad\u0131nlar Stantlar\u0131n\u0131 da ziyaret edip, el eme\u011fi g\u00f6z nuru \u00fcr\u00fcnlerini sergileyen kad\u0131nlarla sohbet etti.<\/p>\n<p>Ba\u015fkan Se\u00e7er\u2019in esnaf gezisi, Cengiz Topel Caddesi, Mersin Caddesi ve Makam Camii civar\u0131ndaki esnaf ziyaretleri ile sona erdi. Se\u00e7er, esnaf ziyareti s\u0131ras\u0131nda vatanda\u015flarla da selamla\u015f\u0131p, sohbet etti.<\/p>\n<p>Tarsus Otogar esnaf\u0131, Ba\u015fkan Se\u00e7er\u2019i \u00e7i\u00e7eklerle kar\u015f\u0131lad\u0131<\/p>\n<p>Ard\u0131ndan Tarsus Otogar\u0131\u2019na giden Ba\u015fkan Se\u00e7er\u2019i otogar esnaf\u0131 ellerinde \u00e7i\u00e7eklerle kar\u015f\u0131lad\u0131. Otogar esnaf\u0131 ile beraber Tarsus Otogar\u0131\u2019n\u0131 inceleyen Se\u00e7er, esnaf ile bir araya gelip onlar\u0131n sorunlar\u0131n\u0131 dinledi.<\/p>\n<p>Otogar incelemesinin ard\u0131ndan \u015eelale Otel\u2019de de incelemeler yapan Ba\u015fkan Se\u00e7er, son olarak Fatih Mahallesi\u2019nden Tarsus Gen\u00e7lik Kamp\u0131\u2019na getirilen \u00e7ocuklar ile bir araya geldi. \u00c7ocuklar Ba\u015fkan Se\u00e7er\u2019i \u2018Vahap Ba\u015fkan \u00c7ok Ya\u015fa\u2019 sloganlar\u0131 ve alk\u0131\u015flarla kar\u015f\u0131lad\u0131. Gen\u00e7lik Kamp\u0131\u2019nda yer alan oyun parkurlar\u0131nda e\u011flenceli bir g\u00fcn ge\u00e7iren \u00e7ocuklar ve aileleri ile bir araya gelen Se\u00e7er, ayr\u0131ca orada bulunan Tarsus\u2019a \u00f6zg\u00fc \u00c7atalburun k\u00f6peklerini de sevdi.<\/p>\n","protected":false},"excerpt":{"rendered":"<p>Ba\u015fkan Se\u00e7er, Cuma g\u00fcn\u00fcn\u00fc Tarsus il\u00e7esine ay\u0131rd\u0131. \u0130l\u00e7edeki gezisine esnaf ziyaretiyle ba\u015flayan Ba\u015fkan Se\u00e7er, ard\u0131ndan farkl\u0131 noktalarda incelemelerde bulundu. Se\u00e7er, esnaf ziyaretinden sonra Tarsus Otogar\u0131 ve \u015eelale Otel\u2019de bir tak\u0131m &hellip; <a href=\"https:\/\/akdenizolaygazetesi.com\/?p=10852\" class=\"more-link\">Devam\u0131n\u0131 Oku&#8230;<\/a><\/p>\n","protected":false},"author":2,"featured_media":10853,"comment_status":"open","ping_status":"open","sticky":false,"template":"","format":"standard","meta":[],"categories":[34,1,2,3,5],"tags":[],"_links":{"self":[{"href":"https:\/\/akdenizolaygazetesi.com\/index.php?rest_route=\/wp\/v2\/posts\/10852"}],"collection":[{"href":"https:\/\/akdenizolaygazetesi.com\/index.php?rest_route=\/wp\/v2\/posts"}],"about":[{"href":"https:\/\/akdenizolaygazetesi.com\/index.php?rest_route=\/wp\/v2\/types\/post"}],"author":[{"embeddable":true,"href":"https:\/\/akdenizolaygazetesi.com\/index.php?rest_route=\/wp\/v2\/users\/2"}],"replies":[{"embeddable":true,"href":"https:\/\/akdenizolaygazetesi.com\/index.php?rest_route=%2Fwp%2Fv2%2Fcomments&post=10852"}],"version-history":[{"count":1,"href":"https:\/\/akdenizolaygazetesi.com\/index.php?rest_route=\/wp\/v2\/posts\/10852\/revisions"}],"predecessor-version":[{"id":10854,"href":"https:\/\/akdenizolaygazetesi.com\/index.php?rest_route=\/wp\/v2\/posts\/10852\/revisions\/10854"}],"wp:featuredmedia":[{"embeddable":true,"href":"https:\/\/akdenizolaygazetesi.com\/index.php?rest_route=\/wp\/v2\/media\/10853"}],"wp:attachment":[{"href":"https:\/\/akdenizolaygazetesi.com\/index.php?rest_route=%2Fwp%2Fv2%2Fmedia&parent=10852"}],"wp:term":[{"taxonomy":"category","embeddable":true,"href":"https:\/\/akdenizolaygazetesi.com\/index.php?rest_route=%2Fwp%2Fv2%2Fcategories&post=10852"},{"taxonomy":"post_tag","embeddable":true,"href":"https:\/\/akdenizolaygazetesi.com\/index.php?rest_route=%2Fwp%2Fv2%2Ftags&post=10852"}],"curies":[{"name":"wp","href":"https:\/\/api.w.org\/{rel}","templated":true}]}}