{"id":10855,"date":"2021-02-19T17:47:25","date_gmt":"2021-02-19T14:47:25","guid":{"rendered":"http:\/\/akdenizolaygazetesi.com\/?p=10855"},"modified":"2021-02-19T17:47:25","modified_gmt":"2021-02-19T14:47:25","slug":"kent-dinamikleri-mersin-turizm-potansiyelleri-icin-harekete-gecti","status":"publish","type":"post","link":"https:\/\/akdenizolaygazetesi.com\/?p=10855","title":{"rendered":"KENT D\u0130NAM\u0130KLER\u0130, MERS\u0130N TUR\u0130ZM POTANS\u0130YELLER\u0130 \u0130\u00c7\u0130N HAREKETE GE\u00c7T\u0130"},"content":{"rendered":"<p>Mersin&#8217;de turizmin geli\u015fmesi ad\u0131na valilik, belediyeler, odalar ve Mersinli yat\u0131r\u0131mc\u0131lar bir turizm \u015firketi kurmak i\u00e7in Mersin Ticaret ve Sanayi Odas\u0131 Konferans salonunda Vali Ali \u0130hsan SU Ba\u015fkanl\u0131\u011f\u0131nda bir araya geldiler.<\/p>\n<p>&#8221;MERS\u0130N&#8217;\u0130N VE MERS\u0130NE \u0130NANAN HERKES\u0130N PROJES\u0130&#8221;<\/p>\n<p>Vali Su Ba\u015fkanl\u0131\u011f\u0131nda, Mersin turizmini geli\u015ftirmek i\u00e7in yap\u0131lan toplant\u0131ya; B\u00fcy\u00fck\u015fehir Belediye Ba\u015fkan\u0131 Vahap Se\u00e7er, Akdeniz Belediye Ba\u015fkan\u0131 Mustafa G\u00fcltak, Toroslar Belediye Ba\u015fkan\u0131 Ats\u0131z Af\u015fin Y\u0131lmaz,Mezitli Belediye Ba\u015fkan\u0131 Ne\u015fet Tarhan, Mersin K\u00fclt\u00fcr ve Turizm \u0130l M\u00fcd\u00fcr\u00fc Emre Duru ,MTSO Ba\u015fkan\u0131 Ayhan K\u0131z\u0131ltan , MTSO Meclis Ba\u015fkan\u0131 Hamit \u0130zol ve MTSO meclis \u00fcyeleri kat\u0131ld\u0131.Toplant\u0131da proje alan\u0131 ve taslaklar kat\u0131l\u0131mc\u0131lara sunularken \u015firketin as\u0131l ortaklar\u0131n\u0131n Mersinli yat\u0131r\u0131mc\u0131lar olaca\u011f\u0131 vurgulanarak, projenin \u201cMersin\u2019in ve Mersin&#8217;e inanan herkesin projesi&#8221; oldu\u011fu mesaj\u0131 verildi.<\/p>\n<p>VAL\u0130L\u0130K H\u0130MAYES\u0130NDE, MERS\u0130N&#8217;L\u0130 YATIRIMCILAR TARAFINDAN \u015e\u0130RKET KURULACAK<\/p>\n<p>Vali SU, Karg\u0131c\u0131k Turizm B\u00f6lgesi\u2019ne Valilik himayesinde Mersin\u2019li yat\u0131r\u0131mc\u0131lar taraf\u0131ndan kurulacak \u015firket eliyle yap\u0131lmas\u0131 planlanan yat\u0131r\u0131m\u0131n, ilimizin turizm potansiyelinin de\u011ferlendirilmesine \u00e7ok \u00f6nemli bir katk\u0131 sa\u011flayaca\u011f\u0131n\u0131 ifade etti. Vali Ali \u0130hsan SU, toplant\u0131ya kat\u0131lan ve yat\u0131r\u0131ma destek veren i\u015f insanlar\u0131na te\u015fekk\u00fcr etti.<\/p>\n<p>&#8221;KARGICAK TUR\u0130ZM B\u00d6LGES\u0130, T\u00dcRK\u0130YE&#8217;YE \u00d6RNEK OLACAK VE \u015eEHR\u0130N TUR\u0130ZM CAZ\u0130BES\u0130NE DE\u011eER KATACAK&#8221;<\/p>\n<p>Karg\u0131cak Turizm B\u00f6lgesi genel co\u011frafi yap\u0131s\u0131 ve nitelikleriyle ilgili sunum yapan Mersin \u0130l K\u00fclt\u00fcr ve Turizm M\u00fcd\u00fcr\u00fc Emre DURU; \u201cBu alanda k\u00fc\u00e7\u00fck ve butik \u00fcnitelerden olu\u015fan, orman alanlar\u0131, spor alanlar\u0131, y\u00fcr\u00fcy\u00fc\u015f alanlar\u0131, y\u00fczme havuzlar\u0131yla ve \u00e7ar\u015f\u0131s\u0131yla bir Akdeniz kasabas\u0131 yarat\u0131lmas\u0131 hedefleniyor. Bakanl\u0131\u011f\u0131m\u0131z da tesisin yap\u0131m\u0131nda teknik olarak her t\u00fcrl\u00fc deste\u011fi verecek. Tesis tamamland\u0131\u011f\u0131nda T\u00fcrkiye&#8217;ye \u00f6rnek olacak ve ilimizin turistik cazibesine de\u011fer katacak. Kurulmas\u0131 planlanan Mersin Turizm A.\u015e ise kentimiz turizm tan\u0131t\u0131m ve yat\u0131r\u0131mlar\u0131nda ortak bir platform haline gelecek. T\u00fcm i\u015f insanlar\u0131n\u0131 Mersin \u015fehrine yat\u0131r\u0131m yapmaya davet ediyorum. L\u00fctfi ELVAN Bakan\u0131m\u0131z\u0131n katk\u0131lar\u0131yla ilimizde turizm alan\u0131nda bir\u00e7ok yat\u0131r\u0131m ger\u00e7ekle\u015fiyor ve ger\u00e7ekle\u015fmeye devam edecek. Bu vesileyle bu projede oldu\u011fu gibi Mersin&#8217;imizde hemen her alanda bize deste\u011fini esirgemeyen ba\u015fta Hazine ve Maliye Bakan\u0131m\u0131z L\u00fctfi Elvan\u2019a, say\u0131n Valimize ve eme\u011fi ge\u00e7en herkese ayr\u0131 ayr\u0131 te\u015fekk\u00fcr ediyorum\u201d \u015feklinde konu\u015ftu.<\/p>\n","protected":false},"excerpt":{"rendered":"<p>Mersin&#8217;de turizmin geli\u015fmesi ad\u0131na valilik, belediyeler, odalar ve Mersinli yat\u0131r\u0131mc\u0131lar bir turizm \u015firketi kurmak i\u00e7in Mersin Ticaret ve Sanayi Odas\u0131 Konferans salonunda Vali Ali \u0130hsan SU Ba\u015fkanl\u0131\u011f\u0131nda bir araya geldiler. &hellip; <a href=\"https:\/\/akdenizolaygazetesi.com\/?p=10855\" class=\"more-link\">Devam\u0131n\u0131 Oku&#8230;<\/a><\/p>\n","protected":false},"author":2,"featured_media":10856,"comment_status":"open","ping_status":"open","sticky":false,"template":"","format":"standard","meta":[],"categories":[34,1,2,3,5],"tags":[],"_links":{"self":[{"href":"https:\/\/akdenizolaygazetesi.com\/index.php?rest_route=\/wp\/v2\/posts\/10855"}],"collection":[{"href":"https:\/\/akdenizolaygazetesi.com\/index.php?rest_route=\/wp\/v2\/posts"}],"about":[{"href":"https:\/\/akdenizolaygazetesi.com\/index.php?rest_route=\/wp\/v2\/types\/post"}],"author":[{"embeddable":true,"href":"https:\/\/akdenizolaygazetesi.com\/index.php?rest_route=\/wp\/v2\/users\/2"}],"replies":[{"embeddable":true,"href":"https:\/\/akdenizolaygazetesi.com\/index.php?rest_route=%2Fwp%2Fv2%2Fcomments&post=10855"}],"version-history":[{"count":1,"href":"https:\/\/akdenizolaygazetesi.com\/index.php?rest_route=\/wp\/v2\/posts\/10855\/revisions"}],"predecessor-version":[{"id":10857,"href":"https:\/\/akdenizolaygazetesi.com\/index.php?rest_route=\/wp\/v2\/posts\/10855\/revisions\/10857"}],"wp:featuredmedia":[{"embeddable":true,"href":"https:\/\/akdenizolaygazetesi.com\/index.php?rest_route=\/wp\/v2\/media\/10856"}],"wp:attachment":[{"href":"https:\/\/akdenizolaygazetesi.com\/index.php?rest_route=%2Fwp%2Fv2%2Fmedia&parent=10855"}],"wp:term":[{"taxonomy":"category","embeddable":true,"href":"https:\/\/akdenizolaygazetesi.com\/index.php?rest_route=%2Fwp%2Fv2%2Fcategories&post=10855"},{"taxonomy":"post_tag","embeddable":true,"href":"https:\/\/akdenizolaygazetesi.com\/index.php?rest_route=%2Fwp%2Fv2%2Ftags&post=10855"}],"curies":[{"name":"wp","href":"https:\/\/api.w.org\/{rel}","templated":true}]}}