{"id":10862,"date":"2021-02-20T14:25:20","date_gmt":"2021-02-20T11:25:20","guid":{"rendered":"http:\/\/akdenizolaygazetesi.com\/?p=10862"},"modified":"2021-02-20T14:25:20","modified_gmt":"2021-02-20T11:25:20","slug":"buyuksehirden-ozel-gereksinimli-bireylere-ozel-yardimci-refakatci","status":"publish","type":"post","link":"https:\/\/akdenizolaygazetesi.com\/?p=10862","title":{"rendered":"B\u00dcY\u00dcK\u015eEH\u0130R\u2019DEN \u00d6ZEL GEREKS\u0130N\u0130ML\u0130 B\u0130REYLERE \u00d6ZEL \u2018YARDIMCI REFAKAT\u00c7\u0130\u2019"},"content":{"rendered":"<p>B\u00fcy\u00fck\u015fehir Belediyesi, bir ilke daha imza atarak, g\u00f6rme, i\u015fitme ve fiziksel olarak \u00f6zel gereksinime ihtiya\u00e7 duyan personelin acil durumlarda tahliyesi ve korunmas\u0131 i\u00e7in \u2018Yard\u0131mc\u0131 Refakat\u00e7i\u2019 personel g\u00f6revlendirmesi yapt\u0131. Bu \u00e7er\u00e7evede d\u00fczenlenen e\u011fitime, g\u00f6revlendirilen 270 personel kat\u0131ld\u0131.<\/p>\n<p>Mersin B\u00fcy\u00fck\u015fehir Belediyesi, acil durumlar i\u00e7in olu\u015fturdu\u011fu \u2018Yard\u0131mc\u0131 Refakat\u00e7i\u2019 uygulamas\u0131 ile bir ilke daha imza att\u0131. \u2018Yard\u0131mc\u0131 Refakat\u00e7i\u2019 uygulamas\u0131 ile \u00f6zel gereksinimli bireylerin deprem, yang\u0131n, sel ve patlama gibi acil durumlarda g\u00fcvenli bir \u015fekilde tahliyesi ve korunmas\u0131 sa\u011flanacak. Uygulama kapsam\u0131nda 270 personel g\u00f6revlendirildi.<\/p>\n<p>G\u00f6revlendirilen personel uygulama konusunda e\u011fitim ald\u0131<\/p>\n<p>Engelliler ve Sa\u011fl\u0131k Hizmetleri Dairesi Ba\u015fkanl\u0131\u011f\u0131 \u0130\u015f Sa\u011fl\u0131\u011f\u0131 ve G\u00fcvenli\u011fi \u015eube M\u00fcd\u00fcrl\u00fc\u011f\u00fc ile \u0130tfaiye Dairesi Ba\u015fkanl\u0131\u011f\u0131 taraf\u0131ndan d\u00fczenlenen e\u011fitim program\u0131nda \u2018Yard\u0131mc\u0131 Refakat\u00e7i\u2019 uygulamas\u0131 ve detaylar\u0131 anlat\u0131ld\u0131. Kongre ve Sergi Saray\u0131\u2019nda ger\u00e7ekle\u015ftirilen e\u011fitimde \u0130\u015f Sa\u011fl\u0131\u011f\u0131 ve G\u00fcvenli\u011fi \u015eube M\u00fcd\u00fcr\u00fc ve ayn\u0131 zamanda \u0130\u015f G\u00fcvenli\u011fi Uzman\u0131 Levent Mu\u015ftu ile \u0130tfaiye Dairesi Ba\u015fkanl\u0131\u011f\u0131 E\u011fitim Amiri Levent Derya taraf\u0131ndan konuyla ilgili bilgi verildi.<\/p>\n<p>Ama\u00e7 acil durumlarda zarar g\u00f6rmelerinin \u00f6n\u00fcne ge\u00e7mek<\/p>\n<p>B\u00fcy\u00fck\u015fehir Belediyesi, bu uygulamas\u0131 ile \u00f6zel gereksinimli bireylerin acil durumlarda zarar g\u00f6rmesinin \u00f6n\u00fcne ge\u00e7meyi ama\u00e7l\u0131yor. \u00d6zel gereksinimli bireylerin acil durumlarda tahliyeleri ve tehlikelerden korunmas\u0131n\u0131 sa\u011flayacak refakat\u00e7i personel, g\u00f6revlerinin detaylar\u0131 konusunda bilgilendirildi.<\/p>\n","protected":false},"excerpt":{"rendered":"<p>B\u00fcy\u00fck\u015fehir Belediyesi, bir ilke daha imza atarak, g\u00f6rme, i\u015fitme ve fiziksel olarak \u00f6zel gereksinime ihtiya\u00e7 duyan personelin acil durumlarda tahliyesi ve korunmas\u0131 i\u00e7in \u2018Yard\u0131mc\u0131 Refakat\u00e7i\u2019 personel g\u00f6revlendirmesi yapt\u0131. Bu \u00e7er\u00e7evede &hellip; <a href=\"https:\/\/akdenizolaygazetesi.com\/?p=10862\" class=\"more-link\">Devam\u0131n\u0131 Oku&#8230;<\/a><\/p>\n","protected":false},"author":2,"featured_media":10863,"comment_status":"open","ping_status":"open","sticky":false,"template":"","format":"standard","meta":[],"categories":[34,1,2,3,5],"tags":[],"_links":{"self":[{"href":"https:\/\/akdenizolaygazetesi.com\/index.php?rest_route=\/wp\/v2\/posts\/10862"}],"collection":[{"href":"https:\/\/akdenizolaygazetesi.com\/index.php?rest_route=\/wp\/v2\/posts"}],"about":[{"href":"https:\/\/akdenizolaygazetesi.com\/index.php?rest_route=\/wp\/v2\/types\/post"}],"author":[{"embeddable":true,"href":"https:\/\/akdenizolaygazetesi.com\/index.php?rest_route=\/wp\/v2\/users\/2"}],"replies":[{"embeddable":true,"href":"https:\/\/akdenizolaygazetesi.com\/index.php?rest_route=%2Fwp%2Fv2%2Fcomments&post=10862"}],"version-history":[{"count":1,"href":"https:\/\/akdenizolaygazetesi.com\/index.php?rest_route=\/wp\/v2\/posts\/10862\/revisions"}],"predecessor-version":[{"id":10864,"href":"https:\/\/akdenizolaygazetesi.com\/index.php?rest_route=\/wp\/v2\/posts\/10862\/revisions\/10864"}],"wp:featuredmedia":[{"embeddable":true,"href":"https:\/\/akdenizolaygazetesi.com\/index.php?rest_route=\/wp\/v2\/media\/10863"}],"wp:attachment":[{"href":"https:\/\/akdenizolaygazetesi.com\/index.php?rest_route=%2Fwp%2Fv2%2Fmedia&parent=10862"}],"wp:term":[{"taxonomy":"category","embeddable":true,"href":"https:\/\/akdenizolaygazetesi.com\/index.php?rest_route=%2Fwp%2Fv2%2Fcategories&post=10862"},{"taxonomy":"post_tag","embeddable":true,"href":"https:\/\/akdenizolaygazetesi.com\/index.php?rest_route=%2Fwp%2Fv2%2Ftags&post=10862"}],"curies":[{"name":"wp","href":"https:\/\/api.w.org\/{rel}","templated":true}]}}