{"id":10865,"date":"2021-02-20T14:27:30","date_gmt":"2021-02-20T11:27:30","guid":{"rendered":"http:\/\/akdenizolaygazetesi.com\/?p=10865"},"modified":"2021-02-20T14:27:30","modified_gmt":"2021-02-20T11:27:30","slug":"kariyer-merkezi-askida-kariyer-projesini-baslatiyor","status":"publish","type":"post","link":"https:\/\/akdenizolaygazetesi.com\/?p=10865","title":{"rendered":"KAR\u0130YER MERKEZ\u0130 \u2018ASKIDA KAR\u0130YER PROJES\u0130\u2019N\u0130 BA\u015eLATIYOR"},"content":{"rendered":"<p>Mersin B\u00fcy\u00fck\u015fehir Belediyesi Kariyer Merkezi, \u2018Ask\u0131da Kariyer Projesi\u2019ni ba\u015flat\u0131yor. Mersin \u00dcniversitesi, Tarsus \u00dcniversitesi, \u00c7a\u011f \u00dcniversitesi, Toros \u00dcniversitesi ve Mersin \u0130l Milli E\u011fitim M\u00fcd\u00fcrl\u00fc\u011f\u00fc, Mersin Ticaret ve Sanayi Odas\u0131, Giri\u015fimci \u0130nsan Kaynaklar\u0131 Derne\u011fi ve MTSO E\u011fitim ve Kalk\u0131nma Vakf\u0131 ile yap\u0131lan i\u015f birli\u011fi sonucu hayata ge\u00e7irilecek proje ile \u00fcniversite \u00f6\u011frencileri ve firmalar bulu\u015fturulacak ve \u00fcniversite \u00f6\u011frencilerinin i\u015f arama niteliklerini geli\u015ftirecek e\u011fitimler yap\u0131lacak.<\/p>\n<p>Mersin B\u00fcy\u00fck\u015fehir Belediye Ba\u015fkan\u0131 Vahap Se\u00e7er\u2019in, B\u00fcy\u00fck\u015fehir Belediyesi ile kurumlar aras\u0131 ileti\u015fimin ve ortak projelerin geli\u015ftirilmesine katk\u0131 sunmas\u0131 amac\u0131yla hayata ge\u00e7irdi\u011fi ve i\u015f arayanlar\u0131n rehberi olan Kariyer Merkezi, T\u00fcrkiye\u2019de bir ilki ger\u00e7ekle\u015ftirerek \u2018Ask\u0131da Kariyer Projesi\u2019ni ba\u015flat\u0131yor.<\/p>\n<p>\u00d6\u011frencilerin e\u011fitim almas\u0131na y\u00f6nelik olu\u015fturulacak yeni proje, Mersin \u00dcniversitesi, Tarsus \u00dcniversitesi, \u00c7a\u011f \u00dcniversitesi, Toros \u00dcniversitesi ve Mersin \u0130l Milli E\u011fitim M\u00fcd\u00fcrl\u00fc\u011f\u00fc, Mersin Ticaret ve Sanayi Odas\u0131, Giri\u015fimci \u0130nsan Kaynaklar\u0131 Derne\u011fi ve MTSO E\u011fitim ve Kalk\u0131nma Vakf\u0131 ile yap\u0131lan i\u015f birli\u011fi sonucu hayata ge\u00e7irilecek.  Proje ile \u00fcniversite \u00f6\u011frencileri ve firmalar bulu\u015fturulacak ve \u00fcniversite \u00f6\u011frencilerinin i\u015f arama niteliklerini geli\u015ftirecek e\u011fitimler yap\u0131lacak.<\/p>\n<p>Teknik geziler de yap\u0131lacak<\/p>\n<p>CV haz\u0131rlama, m\u00fclakat teknikleri, firmalar\u0131 tan\u0131ma, giri\u015fimcilik gibi e\u011fitimlerin verilece\u011fi Ask\u0131da Kariyer Projesi\u2019nde e\u011fitim alan \u00fcniversite \u00f6\u011frencilerine kat\u0131l\u0131m belgesi verilecek. \u00d6\u011frencilerin niteliklerini art\u0131rarak, firmalar taraf\u0131ndan tercih edilebilir olmas\u0131n\u0131 sa\u011flamak amac\u0131yla yap\u0131lan projede teknik geziler de yap\u0131lacak.<\/p>\n<p>Kariyer Merkezi M\u00fcd\u00fcr\u00fc Serkan \u00d6zada, 2020 y\u0131l\u0131 i\u00e7erisinde ger\u00e7ekle\u015ftirdikleri \u00e7al\u0131\u015fmalardan bahsederken, 2021 y\u0131l\u0131n\u0131n yol haritas\u0131n\u0131 da \u00e7izeceklerini s\u00f6yledi. \u00d6zada, \u201c2021 d\u00f6neminde daha s\u0131k bir \u015fekilde lise \u00f6\u011frencilerine eri\u015ferek onlar\u0131n kariyer ya\u015famlar\u0131na destek olmaya devam edece\u011fiz. Pandemi s\u00fcrecinden sonra \u00f6\u011frencilerimizle firmalar\u0131 bulu\u015fturan teknik gezi projesini hayata ge\u00e7irece\u011fiz\u201d dedi.<\/p>\n<p>\u201cE\u011fitimleri bir mod\u00fcl haline getirmeye \u00e7al\u0131\u015faca\u011f\u0131z\u201d<\/p>\n<p>Yeni projeleri olan Ask\u0131da Kariyer Projesi hakk\u0131nda bilgi veren \u00d6zada, \u201c\u00dcniversite \u00f6\u011frencilerimiz ve firmalar\u0131 bulu\u015fturan ve \u00fcniversite \u00f6\u011frencilerimizin istihdam edilebilirli\u011fine katk\u0131 sunacak e\u011fitimleri bir mod\u00fcl haline getirmeye \u00e7al\u0131\u015faca\u011f\u0131z. Bu mod\u00fclle bir belge nas\u0131l verebiliriz ve bu belgenin de niteli\u011fini nas\u0131l art\u0131rabiliriz, i\u015fverenler a\u00e7\u0131s\u0131ndan bu belgeyi alan \u00f6\u011frencilerimizi nas\u0131l tercih edilebilir hale getiririz? Bunlar \u00fczerinde \u00e7al\u0131\u015faca\u011f\u0131z\u201d diye konu\u015ftu.<\/p>\n<p>\u201cB\u00fcy\u00fck\u015fehir Belediyesi\u2019nin ba\u015flatm\u0131\u015f oldu\u011fu bu \u00e7al\u0131\u015fma son derece \u00f6nemli\u201d<\/p>\n<p>Mersin \u00dcniversitesi Uluslararas\u0131 B\u00f6l\u00fcm Ba\u015fkan\u0131 Prof. Dr. H\u00fcseyin Mualla Y\u00fcceol, B\u00fcy\u00fck\u015fehir Belediyesi\u2019nin \u00f6\u011frenciler i\u00e7in sundu\u011fu f\u0131rsatlar\u0131 \u00f6nemsediklerini vurgulayarak, \u201cMersin B\u00fcy\u00fck\u015fehir Belediyesi\u2019nin sunmu\u015f oldu\u011fu bu hizmet, bu katk\u0131 \u00e7ok \u00f6nemli. Ben bu katk\u0131y\u0131 \u00e7ok \u00f6nemsiyorum\u201d dedi.<\/p>\n<p>\u201cKariyer Merkezi ile birlikte 2020 y\u0131l\u0131nda \u00e7ok g\u00fczel i\u015f birliklerine imza att\u0131k\u201d<\/p>\n<p>Kariyer Merkezi ile \u00c7a\u011f \u00dcniversitesi olarak 2020 y\u0131l\u0131nda \u00f6nemli i\u015f birliklerine imza att\u0131klar\u0131n\u0131 ifade eden \u0130ktisadi ve \u0130dari Bilimler Fak\u00fcltesi \u00d6\u011fretim G\u00f6revlisi Eda Kayhan, \u201c2021 y\u0131l\u0131nda da neler yapabilece\u011fimizi, kentimize ne gibi de\u011ferler katabilece\u011fimizi konu\u015ftuk. Hep birlikte daha g\u00fczel i\u015fler yapabilece\u011fimizi d\u00fc\u015f\u00fcn\u00fcyorum\u201d diye konu\u015ftu.<\/p>\n<p>Projenin bir di\u011fer payda\u015f\u0131 olan Mersin \u0130l Milli E\u011fitim\u2019de \u015eube M\u00fcd\u00fcr\u00fc olarak g\u00f6rev yapan Y\u0131lmaz G\u00fcndo\u011fan ise \u201cBir araya gelerek i\u015fsizlik sorununun \u00e7\u00f6z\u00fcm\u00fcne y\u00f6nelik yapaca\u011f\u0131m\u0131z \u00e7al\u0131\u015fmalar\u0131n Mersin \u00f6zelinde \u00e7ok ciddi bir katk\u0131 sa\u011flayaca\u011f\u0131n\u0131 d\u00fc\u015f\u00fcn\u00fcyorum. Bu \u00e7al\u0131\u015fmalara \u00f6nderlik eden Mersin B\u00fcy\u00fck\u015fehir Belediyesi\u2019ne te\u015fekk\u00fcr ediyoruz\u201d ifadelerine yer verdi.<\/p>\n<p>Toros \u00dcniversitesi Psikoloji B\u00f6l\u00fcm\u00fc \u00d6\u011fretim \u00dcyesi, Kariyer Ara\u015ft\u0131rma ve Uygulama Merkez M\u00fcd\u00fcr\u00fc Feyruz Usluo\u011flu ise \u201cFarkl\u0131 \u00fcniversitelerin B\u00fcy\u00fck\u015fehir Belediyesi koordinasyonuyla toplanm\u0131\u015f olmas\u0131, rekabet\u00e7i yap\u0131ya kar\u015f\u0131 i\u015f birli\u011fini \u00f6ne alman\u0131n bu ba\u011flamda \u00fclkemiz gen\u00e7li\u011fi a\u00e7\u0131s\u0131ndan model olaca\u011f\u0131n\u0131 d\u00fc\u015f\u00fcn\u00fcyorum\u201d dedi.<\/p>\n","protected":false},"excerpt":{"rendered":"<p>Mersin B\u00fcy\u00fck\u015fehir Belediyesi Kariyer Merkezi, \u2018Ask\u0131da Kariyer Projesi\u2019ni ba\u015flat\u0131yor. Mersin \u00dcniversitesi, Tarsus \u00dcniversitesi, \u00c7a\u011f \u00dcniversitesi, Toros \u00dcniversitesi ve Mersin \u0130l Milli E\u011fitim M\u00fcd\u00fcrl\u00fc\u011f\u00fc, Mersin Ticaret ve Sanayi Odas\u0131, Giri\u015fimci \u0130nsan &hellip; <a href=\"https:\/\/akdenizolaygazetesi.com\/?p=10865\" class=\"more-link\">Devam\u0131n\u0131 Oku&#8230;<\/a><\/p>\n","protected":false},"author":2,"featured_media":10866,"comment_status":"open","ping_status":"open","sticky":false,"template":"","format":"standard","meta":[],"categories":[34,1,2,3,5],"tags":[],"_links":{"self":[{"href":"https:\/\/akdenizolaygazetesi.com\/index.php?rest_route=\/wp\/v2\/posts\/10865"}],"collection":[{"href":"https:\/\/akdenizolaygazetesi.com\/index.php?rest_route=\/wp\/v2\/posts"}],"about":[{"href":"https:\/\/akdenizolaygazetesi.com\/index.php?rest_route=\/wp\/v2\/types\/post"}],"author":[{"embeddable":true,"href":"https:\/\/akdenizolaygazetesi.com\/index.php?rest_route=\/wp\/v2\/users\/2"}],"replies":[{"embeddable":true,"href":"https:\/\/akdenizolaygazetesi.com\/index.php?rest_route=%2Fwp%2Fv2%2Fcomments&post=10865"}],"version-history":[{"count":1,"href":"https:\/\/akdenizolaygazetesi.com\/index.php?rest_route=\/wp\/v2\/posts\/10865\/revisions"}],"predecessor-version":[{"id":10867,"href":"https:\/\/akdenizolaygazetesi.com\/index.php?rest_route=\/wp\/v2\/posts\/10865\/revisions\/10867"}],"wp:featuredmedia":[{"embeddable":true,"href":"https:\/\/akdenizolaygazetesi.com\/index.php?rest_route=\/wp\/v2\/media\/10866"}],"wp:attachment":[{"href":"https:\/\/akdenizolaygazetesi.com\/index.php?rest_route=%2Fwp%2Fv2%2Fmedia&parent=10865"}],"wp:term":[{"taxonomy":"category","embeddable":true,"href":"https:\/\/akdenizolaygazetesi.com\/index.php?rest_route=%2Fwp%2Fv2%2Fcategories&post=10865"},{"taxonomy":"post_tag","embeddable":true,"href":"https:\/\/akdenizolaygazetesi.com\/index.php?rest_route=%2Fwp%2Fv2%2Ftags&post=10865"}],"curies":[{"name":"wp","href":"https:\/\/api.w.org\/{rel}","templated":true}]}}