{"id":10875,"date":"2021-02-21T14:45:06","date_gmt":"2021-02-21T11:45:06","guid":{"rendered":"http:\/\/akdenizolaygazetesi.com\/?p=10875"},"modified":"2021-02-21T14:45:06","modified_gmt":"2021-02-21T11:45:06","slug":"kadinlar-coraptan-oyuncaklar-yapip-uretime-katiliyor","status":"publish","type":"post","link":"https:\/\/akdenizolaygazetesi.com\/?p=10875","title":{"rendered":"KADINLAR \u00c7ORAPTAN OYUNCAKLAR YAPIP, \u00dcRET\u0130ME KATILIYOR"},"content":{"rendered":"<p>Mersin B\u00fcy\u00fck\u015fehir Belediyesi Kad\u0131n ve Aile Hizmetleri G\u00f6n\u00fcll\u00fcl\u00fck \u015eubesi ile Mersinden Kad\u0131n Kooperatifi\u2019nin i\u015f birli\u011fiyle hayata ge\u00e7irilen \u201cEvimiz At\u00f6lye\u201d projesi sayesinde ev kad\u0131nlar\u0131n\u0131n emekleri ekonomik de\u011fere d\u00f6n\u00fc\u015f\u00fcyor. \u00c7al\u0131\u015fma kapsam\u0131nda kad\u0131nlar\u0131n evdeki gizli i\u015fg\u00fcc\u00fc ekonomiye kazand\u0131r\u0131l\u0131yor. Pilot b\u00f6lge olarak se\u00e7ilen Turgutreis ve Mevlana Mahallelerindeki e\u011fitimlerin ard\u0131ndan el eme\u011fi g\u00f6z nuru \u00fcr\u00fcnler ev kad\u0131nlar\u0131n\u0131n aile ekonomisine de katk\u0131 sunacak. E\u011fitimlerin ard\u0131ndan MESK\u0130 yetkilileri de ev kad\u0131nlar\u0131n\u0131 su tasarrufu konusunda bilgilendirdi.<\/p>\n<p>Ger\u00e7ekle\u015ftirdikleri i\u015f birli\u011fi ile say\u0131s\u0131z kad\u0131na umut olan ve gelir kap\u0131s\u0131 a\u00e7an Mersin B\u00fcy\u00fck\u015fehir Belediyesi ile Mersinden Kad\u0131n Kooperatifi, \u201cEvimiz At\u00f6lye\u201d \u00e7al\u0131\u015fmas\u0131yla ev kad\u0131nlar\u0131n\u0131 \u00fcretime katacak \u00e7al\u0131\u015fmalara devam ediyor. Pilot b\u00f6lge olarak se\u00e7ilen Turgutreis ve Mevlana Mahallelerinde ba\u015flat\u0131lan yeni \u00e7al\u0131\u015fma kapsam\u0131nda kad\u0131nlar \u00f6nce e\u011fitim ald\u0131, ard\u0131ndan \u00e7oraptan bebek ve oyuncak yapmaya ba\u015flad\u0131.<\/p>\n<p>Kad\u0131nlar \u00f6\u011freniyor, \u00fcretiyor, kazan\u0131yor<\/p>\n<p>2020 y\u0131l\u0131 i\u00e7erisinde hayata ge\u00e7irilen 15 proje ile kad\u0131nlara i\u015f sahalar\u0131 a\u00e7an Kad\u0131n ve Aile Hizmetleri Dairesi ile Mersinden Kad\u0131n Kooperatifi taraf\u0131ndan ba\u015flat\u0131lan \u201cEvimiz At\u00f6lye\u201d projesi kapsam\u0131nda pilot b\u00f6lge olarak Turgutreis ve Mevlana Mahalleri se\u00e7ildi. Turgutreis Mahallesi\u2019nde Akdeniz Sa\u011fl\u0131k Sosyal Dayan\u0131\u015fma ve E\u011fitim Vakf\u0131\u2019nda ger\u00e7ekle\u015ftirilen e\u011fitime, Mersinden Kad\u0131n Kooperatifi Ba\u015fkan\u0131 Meral Se\u00e7er ile B\u00fcy\u00fck\u015fehir Belediyesi Kad\u0131n ve Aile Hizmetleri Dairesi Ba\u015fkan\u0131 \u015eerife Haso\u011flu Dokucu kat\u0131ld\u0131. E\u011fitmenler taraf\u0131ndan ev kad\u0131nlar\u0131na \u00e7oraptan bebek ve oyuncak yapma gibi el i\u015fi becerileri \u00f6\u011fretildi. Bir sonraki pilot b\u00f6lge olan Mevlana Mahallesi\u2019ndeki e\u011fitime ise Meral Se\u00e7er ve mahalle muhtar\u0131 Murat Y\u0131ld\u0131rak kat\u0131ld\u0131. \u00c7al\u0131\u015fmalar\u0131n uygun olan b\u00f6lgelerde devam etmesi planlan\u0131yor.<\/p>\n<p>\u201cKad\u0131nlar\u0131n ek gelire sahip olmalar\u0131na vesile olaca\u011f\u0131z\u201d<\/p>\n<p>Mersinden Kad\u0131n Kooperatifi Ba\u015fkan\u0131 Meral Se\u00e7er, yeni ba\u015flat\u0131lan \u00e7al\u0131\u015fma ile ilgili bilgiler vererek, \u201cAmac\u0131m\u0131z evlerde oturan, eme\u011fi \u00e7ok de\u011ferli olan kad\u0131nlar\u0131m\u0131z\u0131n gizli i\u015f g\u00fcc\u00fcn\u00fc ortaya \u00e7\u0131karmak, onlar\u0131n bir ek gelir sahibi olmalar\u0131na vesile olmak. Bu maksatla kad\u0131nlar\u0131m\u0131za Mersinden Kad\u0131n Kooperatifi olarak, kooperatif orta\u011f\u0131m\u0131z G\u00fclten Han\u0131m ve 2 g\u00f6n\u00fcll\u00fc hocam\u0131zla birlikte \u00e7oraptan oyuncak ve bebek yapmay\u0131 \u00f6\u011fretiyoruz.  Onlar\u0131n bir ek gelire sahip olmalar\u0131na vesile olaca\u011f\u0131z. Kad\u0131nlar\u0131m\u0131z, kendi gelirlerini elde ettikten sonra hem bu i\u015fi \u00f6\u011frenmi\u015f olacaklar hem de bunu geli\u015ftirmek i\u00e7in \u00e7abalayacaklar. Bunu kendi emekleriyle yapacaklar. Bizim i\u00e7in k\u0131ymetli olan \u015feylerden biri de bu. Kad\u0131n\u0131n kendi eme\u011fiyle ayakta durmas\u0131 \u00e7ok \u00f6nemli. Hay\u0131rl\u0131, u\u011furlu olsun\u201d dedi.<\/p>\n<p>\u201cMESK\u0130\u2019nin fark\u0131ndal\u0131k \u00e7al\u0131\u015fmalar\u0131 \u00e7ok \u00f6nemli ve k\u0131ymetli\u201d<\/p>\n<p>\u00dcretime y\u00f6nelik yap\u0131lan e\u011fitimlerin ard\u0131ndan MESK\u0130 Genel M\u00fcd\u00fcrl\u00fc\u011f\u00fc Bas\u0131n Yay\u0131n ve Halkla \u0130li\u015fkiler \u015eube M\u00fcd\u00fcr\u00fc Ya\u015far Ok da su tasarrufu ile ilgili bilgiler vererek, kad\u0131nlar\u0131n nas\u0131l su tasarrufu yapabilece\u011fini \u00f6rneklerle anlatt\u0131.<\/p>\n<p>MESK\u0130\u2019nin su tasarrufu hakk\u0131nda yapt\u0131\u011f\u0131 bilgilendirmeyi de de\u011ferlendiren Meral Se\u00e7er, son y\u0131llarda kurakl\u0131k ve iklim krizi ya\u015fand\u0131\u011f\u0131n\u0131 hat\u0131rlatt\u0131. Se\u00e7er, MESK\u0130\u2019nin fark\u0131ndal\u0131k \u00e7al\u0131\u015fmalar\u0131n\u0131n \u00f6nemine dikkat \u00e7ekerek, \u201cBu \u00e7al\u0131\u015fmalara kad\u0131nlar; yani evdeki annelerimizden ve \u00e7ocuklar\u0131m\u0131zdan ba\u015flamak \u00e7ok \u00f6nemli. Kad\u0131n\u0131n bilgilendirilmesi ailede e\u015finin, \u00e7ocu\u011funun, kom\u015fusunun bilgilendirilmesi anlam\u0131na geliyor. \u00dclkemiz, d\u00fcnyam\u0131z, \u00e7ocuklar\u0131m\u0131z i\u00e7in su tasarrufunun anlat\u0131ld\u0131\u011f\u0131 MESK\u0130 projesini de \u00e7ok k\u0131ymetli buluyorum. Ben de bu konuya \u00e7ok \u00f6nem veriyorum. \u00c7\u00fcnk\u00fc iklim krizi tar\u0131mda da \u00e7ok olumsuz etkilerini g\u00f6steriyor. Bu \u00e7al\u0131\u015fmalar\u0131n artarak devam etmesini umuyorum. Su tasarrufuyla ilgili \u00e7al\u0131\u015fman\u0131n daha h\u0131zla geni\u015f kitlelere ula\u015fmas\u0131n\u0131 arzu ediyorum\u201d diye konu\u015ftu.<\/p>\n","protected":false},"excerpt":{"rendered":"<p>Mersin B\u00fcy\u00fck\u015fehir Belediyesi Kad\u0131n ve Aile Hizmetleri G\u00f6n\u00fcll\u00fcl\u00fck \u015eubesi ile Mersinden Kad\u0131n Kooperatifi\u2019nin i\u015f birli\u011fiyle hayata ge\u00e7irilen \u201cEvimiz At\u00f6lye\u201d projesi sayesinde ev kad\u0131nlar\u0131n\u0131n emekleri ekonomik de\u011fere d\u00f6n\u00fc\u015f\u00fcyor. \u00c7al\u0131\u015fma kapsam\u0131nda kad\u0131nlar\u0131n &hellip; <a href=\"https:\/\/akdenizolaygazetesi.com\/?p=10875\" class=\"more-link\">Devam\u0131n\u0131 Oku&#8230;<\/a><\/p>\n","protected":false},"author":2,"featured_media":10876,"comment_status":"open","ping_status":"open","sticky":false,"template":"","format":"standard","meta":[],"categories":[34,1,2,3,5],"tags":[],"_links":{"self":[{"href":"https:\/\/akdenizolaygazetesi.com\/index.php?rest_route=\/wp\/v2\/posts\/10875"}],"collection":[{"href":"https:\/\/akdenizolaygazetesi.com\/index.php?rest_route=\/wp\/v2\/posts"}],"about":[{"href":"https:\/\/akdenizolaygazetesi.com\/index.php?rest_route=\/wp\/v2\/types\/post"}],"author":[{"embeddable":true,"href":"https:\/\/akdenizolaygazetesi.com\/index.php?rest_route=\/wp\/v2\/users\/2"}],"replies":[{"embeddable":true,"href":"https:\/\/akdenizolaygazetesi.com\/index.php?rest_route=%2Fwp%2Fv2%2Fcomments&post=10875"}],"version-history":[{"count":1,"href":"https:\/\/akdenizolaygazetesi.com\/index.php?rest_route=\/wp\/v2\/posts\/10875\/revisions"}],"predecessor-version":[{"id":10877,"href":"https:\/\/akdenizolaygazetesi.com\/index.php?rest_route=\/wp\/v2\/posts\/10875\/revisions\/10877"}],"wp:featuredmedia":[{"embeddable":true,"href":"https:\/\/akdenizolaygazetesi.com\/index.php?rest_route=\/wp\/v2\/media\/10876"}],"wp:attachment":[{"href":"https:\/\/akdenizolaygazetesi.com\/index.php?rest_route=%2Fwp%2Fv2%2Fmedia&parent=10875"}],"wp:term":[{"taxonomy":"category","embeddable":true,"href":"https:\/\/akdenizolaygazetesi.com\/index.php?rest_route=%2Fwp%2Fv2%2Fcategories&post=10875"},{"taxonomy":"post_tag","embeddable":true,"href":"https:\/\/akdenizolaygazetesi.com\/index.php?rest_route=%2Fwp%2Fv2%2Ftags&post=10875"}],"curies":[{"name":"wp","href":"https:\/\/api.w.org\/{rel}","templated":true}]}}