{"id":10878,"date":"2021-02-21T14:48:06","date_gmt":"2021-02-21T11:48:06","guid":{"rendered":"http:\/\/akdenizolaygazetesi.com\/?p=10878"},"modified":"2021-02-21T14:48:06","modified_gmt":"2021-02-21T11:48:06","slug":"mersin-ve-adana-buyuksehir-belediye-baskanlari-ortak-yayina-katildi","status":"publish","type":"post","link":"https:\/\/akdenizolaygazetesi.com\/?p=10878","title":{"rendered":"MERS\u0130N VE ADANA B\u00dcY\u00dcK\u015eEH\u0130R BELED\u0130YE BA\u015eKANLARI ORTAK YAYINA KATILDI"},"content":{"rendered":"<p>Mersin B\u00fcy\u00fck\u015fehir Belediye Ba\u015fkan\u0131 Vahap Se\u00e7er ile Adana B\u00fcy\u00fck\u015fehir Belediye Ba\u015fkan\u0131 Zeydan Karalar, SUN RTV, Kanal 33, KOZA TV ve TV A\u2019n\u0131n ortak yay\u0131n\u0131na kat\u0131ld\u0131. Se\u00e7er ve Karalar, Mersin ve Adana\u2019n\u0131n ortakla\u015ft\u0131\u011f\u0131 ve ortakla\u015fabilece\u011fi konular ba\u015fta olmak \u00fczere iki kentte hayata ge\u00e7irdikleri projeleri anlatt\u0131.<\/p>\n<p>Adana metrosu \u00fczerinden Mersin metrosu hakk\u0131nda yap\u0131lan ele\u015ftirileri de\u011ferlendiren Ba\u015fkan Karalar, Adana Metrosu\u2019nun g\u00fczergah olarak eksik kald\u0131\u011f\u0131n\u0131 belirterek, \u201cHani \u015fu misal, misal olmaz\u2019 diye atalar\u0131m\u0131z\u0131n bir laf\u0131 var. Bizimkisi k\u00f6t\u00fc misal. K\u00f6t\u00fc misal, misal olmaz. Vahap Bey \u00e7al\u0131\u015ft\u0131. Metroyu bir belediye ba\u015fkan\u0131n\u0131n cesaret edip g\u00fcndeme getirmesi, kent a\u00e7\u0131s\u0131ndan \u00e7ok takdire \u015fayan\u201d dedi. Ba\u015fkan Se\u00e7er de metro projesiyle kente bir rant gelece\u011fini belirterek, \u201cHer \u015feyden \u00f6te bir metrokent bir megakent demek. Mersin b\u00fcy\u00fcyecek, Mersin \u015fahlanacak\u201d diye konu\u015ftu.<\/p>\n<p>Ba\u015fkan Se\u00e7er, konteyner liman\u0131 projesi i\u00e7in daha \u00f6nce Mersin\u2019de yer tespiti yap\u0131ld\u0131\u011f\u0131n\u0131 belirterek, \u201cOnun et\u00fcd\u00fc yap\u0131lm\u0131\u015f, her \u015feyi haz\u0131rlanm\u0131\u015f. Ben ikinci liman\u0131n yap\u0131lmas\u0131ndan yanay\u0131m\u201d diye konu\u015ftu.<\/p>\n<p>Ba\u015fkan Karalar, Mersin\u2019e gelen yazl\u0131k\u00e7\u0131lar\u0131n en \u00e7ok yak\u0131nd\u0131\u011f\u0131 konular\u0131n ba\u015f\u0131nda gelen altyap\u0131 ve i\u00e7me suyu sorununun Ba\u015fkan Se\u00e7er\u2019in \u00e7al\u0131\u015fmalar\u0131yla \u00e7\u00f6z\u00fcld\u00fc\u011f\u00fcn\u00fc belirterek, \u201cMersin\u2019in yazl\u0131k\u00e7\u0131lar\u0131na bak\u0131n yar\u0131s\u0131 Adanal\u0131d\u0131r. Benim vatanda\u015flar\u0131ma da de\u011ferli bir hizmet g\u00f6t\u00fcrd\u00fc\u011f\u00fc i\u00e7in burada te\u015fekk\u00fcr ediyorum\u201d dedi.<\/p>\n<p>Mersin ve Adana\u2019n\u0131n B\u00fcy\u00fck\u015fehir Belediye Ba\u015fkanlar\u0131, SUN RTV, Kanal 33, KOZA TV ve TV A\u2019n\u0131n ortak \u00f6zel yay\u0131n\u0131na konuk oldu. Tarsus\u2019un tarihi yap\u0131lar\u0131ndan \u2018Kleopatra Kap\u0131s\u0131\u2019 \u00f6n\u00fcnde yap\u0131lan canl\u0131 yay\u0131n program\u0131nda moderat\u00f6rl\u00fc\u011f\u00fc Koza TV Genel Yay\u0131n Y\u00f6netmeni Necmi U\u00e7ar \u00fcstlenirken, Mersin B\u00fcy\u00fck\u015fehir Belediye Ba\u015fkan\u0131 Vahap Se\u00e7er ve Adana B\u00fcy\u00fck\u015fehir Belediye Ba\u015fkan\u0131 Zeydan Karalar, SUN RTV\u2019den Semir Bolat ile Kanal 33\u2019ten Ahmet \u00d6zdemir\u2019in sorular\u0131n\u0131 yan\u0131tlad\u0131. Ba\u015fkan Se\u00e7er ve Ba\u015fkan Karalar, iki kentin birlikte y\u00fcr\u00fctt\u00fc\u011f\u00fc ve y\u00fcr\u00fctebilece\u011fi ortak \u00e7al\u0131\u015fmalar, pandemide sunulan hizmetler, tar\u0131m ve hayvanc\u0131l\u0131\u011f\u0131n geli\u015ftirilmesi i\u00e7in hayata ge\u00e7irilen projeler, Mersin metrosu ve \u00c7ukurova Havaliman\u0131 gibi \u00f6nemli konulara ili\u015fkin a\u00e7\u0131klamalar yapt\u0131.<\/p>\n<p>\u0130ki Ba\u015fkan Tarsus\u2019u konu\u015ftu<\/p>\n<p>Ba\u015fkan Se\u00e7er ve Ba\u015fkan Karalar, yay\u0131n i\u00e7in bulu\u015ftuklar\u0131 Kleopatra Kap\u0131s\u0131 \u00f6n\u00fcnde, Tarsus\u2019un tarihine ili\u015fkin \u00f6nemli ifadeler kulland\u0131. Ba\u015fkan Se\u00e7er, bir\u00e7ok medeniyete ev sahipli\u011fi yapm\u0131\u015f Tarsus\u2019un tarihi ve k\u00fclt\u00fcrel birikime sahip bir yer oldu\u011funu belirterek, \u201cTarsus\u2019un her noktas\u0131 bir tarih\u201d dedi. Ba\u015fkan Karalar ise \u201cBu yerler Avrupa\u2019n\u0131n bir kentinde olsa milyarlarca lira para harcarlar ve ola\u011fan\u00fcst\u00fc turist transferi sa\u011flarlar. Bunlar unutulmu\u015f ama \u015fimdi Say\u0131n Ba\u015fkan\u0131m\u0131z\u2019\u0131n sayesinde bu g\u00fczelliklerin tamam\u0131 ortaya \u00e7\u0131kacak\u201d diye konu\u015ftu.<\/p>\n<p>Se\u00e7er: \u201cHayat normalle\u015ftikten sonra bir\u00e7ok ortak faaliyete imza ataca\u011f\u0131z\u201d<\/p>\n<p>Ba\u015fkan Se\u00e7er, b\u00f6lgede i\u015fbirli\u011fi yapman\u0131n m\u00fcmk\u00fcn oldu\u011funu ancak g\u00f6reve ba\u015flad\u0131ktan bir y\u0131l sonra pandemi s\u00fcrecine girilmesi ile bir\u00e7ok faaliyetin k\u0131s\u0131tland\u0131\u011f\u0131n\u0131 s\u00f6yledi. Mersin ile Adana\u2019n\u0131n sosyoekonomik yap\u0131, demografik, sanatsal, k\u00fclt\u00fcrel ve tarihsel alanlar gibi bir\u00e7ok ortak noktaya sahip oldu\u011funu vurgulayan Se\u00e7er, \u201cKa\u011f\u0131t \u00fczerinde iller birbirinden ayr\u0131lm\u0131\u015f, s\u0131n\u0131rlar konulmu\u015f. Her birimizin yetki ve sorumluluk alan\u0131 var ama asl\u0131nda biz ortakla\u015f\u0131yoruz. Yani her alanda ortakla\u015f\u0131yoruz\u201d dedi. \u00d6zellikle k\u00fclt\u00fcrel ve sanatsal alanda ortak projelerin hayata ge\u00e7irilebilece\u011fini ifade eden Se\u00e7er, \u201cSadece Adana de\u011fil, Hatay\u2019\u0131 da bunun i\u00e7erisine alabiliriz. Bir\u00e7ok konuda ortakla\u015fabilece\u011fimiz alanlar oldu\u011funu d\u00fc\u015f\u00fcn\u00fcyorum ve bu \u00e7al\u0131\u015fmalar\u0131 da zaten ilgili birimlerimiz yap\u0131yorlar. Hayat normalle\u015ftikten sonra da bir\u00e7ok ortak etkinli\u011fe, faaliyete imza ataca\u011f\u0131z\u201d dedi.<\/p>\n<p>\u201cVerdi\u011fimiz bir tas s\u0131cak \u00e7orbay\u0131, bir kap yeme\u011fi be\u011fenmeyenler oldu\u201d<\/p>\n<p>31 Mart se\u00e7imlerinin ard\u0131ndan yola \u00e7\u0131k\u0131lan projeksiyonlarla \u015fu anda yap\u0131lanlar\u0131n, pandemi ko\u015fullar\u0131 sebebiyle do\u011fal olarak \u00e7eli\u015fti\u011fini ve yat\u0131r\u0131mlar\u0131n \u00f6nceli\u011finin de\u011fi\u015fti\u011fini ifade eden Se\u00e7er, \u015funlar\u0131 s\u00f6yledi:<\/p>\n<p>\u201cSosyal politikalar\u0131 \u00f6ncelemeniz daha rasyonel ve do\u011fru hale gelmi\u015f ki Zeydan Ba\u015fkan\u2019\u0131 da bu konuda ger\u00e7ekten takdirle izliyorum, \u00e7ok \u00f6nemli \u00e7al\u0131\u015fmalar yapt\u0131 Adana\u2019da. Hatay\u2019dan Antalya\u2019ya, \u0130stanbul\u2019a kadar bir\u00e7ok belediye ba\u015fkanlar\u0131m\u0131z sosyal belediyecilik konusunda ders niteli\u011finde dokunu\u015flar yapt\u0131, \u00e7al\u0131\u015fmalar yapt\u0131. Biz de na\u00e7izane Mersin\u2019de, kendi b\u00f6lgemizde, kendi sorumluluk alan\u0131m\u0131zda bunlar\u0131 yerine getirdik. Zaman zaman ele\u015ftiriler de ald\u0131k. Verdi\u011fimiz bir tas s\u0131cak \u00e7orbay\u0131, bir kap yeme\u011fi be\u011fenmeyenler de oldu. Ama benim her zaman s\u00f6yledi\u011fim bir \u015fey var. Tok, a\u00e7\u0131n halinden anlamaz. Ama anlayan da anlad\u0131, Bize dua eden etti. Zaman zaman yapaca\u011f\u0131n\u0131z yolun, metronun, binan\u0131n hi\u00e7bir de\u011feri olmayabilir. \u00d6ncelikle esas olan insan\u0131n ya\u015fam\u0131d\u0131r. \u015eu anda odaklanaca\u011f\u0131m\u0131z konu vatanda\u015flar\u0131m\u0131z\u0131n bu s\u00fcreci en sa\u011fl\u0131kl\u0131 \u015fekilde, en az tahribatla, en az \u00fcz\u00fcnt\u00fcyle ge\u00e7irmelerini sa\u011flamak olacak.\u201d<\/p>\n<p>\u201cBiz bunlar\u0131n da alt\u0131ndan kalkar\u0131z\u201d<\/p>\n<p>\u0130ki ba\u015fkan, y\u00f6nettikleri belediyelerin mali durumlar\u0131na da de\u011findi. Ba\u015fkan Se\u00e7er, g\u00f6reve ba\u015flad\u0131\u011f\u0131 g\u00fcnden bu yana ge\u00e7en 22 ay i\u00e7erisinde Mersin B\u00fcy\u00fck\u015fehir Belediyesi\u2019nin bor\u00e7 stokunu 3\u2019te 1 oran\u0131nda azaltt\u0131klar\u0131n\u0131 ve bu s\u00fcre\u00e7te hizmetlere de devam ettiklerini belirterek, \u201cBizim 3 gelir kalemi var. Genel b\u00fct\u00e7e gelirlerinden kesilen pay, \u0130ller Bankas\u0131 pay\u0131, bir de \u00f6z gelirlerimiz var. Bizim zorunlu \u00f6demelerimiz, do\u011fal olarak geriden gelen banka taksitlerinden personelinize, \u00e7al\u0131\u015fanlar\u0131n\u0131za \u00f6deyece\u011finiz \u00fccretler, maa\u015flar ve di\u011fer birtak\u0131m zorunlu \u00f6demeler, temlikler. Elimizde asl\u0131nda bu \u00e7ark\u0131 \u00e7evirecek, \u00e7ok miktarda, bonk\u00f6rce yat\u0131r\u0131mlar yapabilece\u011fimiz ya da hesaps\u0131z yat\u0131r\u0131mlar yapabilece\u011fimiz bir rakam kalm\u0131yor ama biz bunlar\u0131n da alt\u0131ndan kalkar\u0131z\u201d dedi.<\/p>\n<p>Adana\u2019n\u0131n da g\u00fc\u00e7l\u00fc bir kent oldu\u011funu ancak Adana B\u00fcy\u00fck\u015fehir Belediyesi\u2019nde geriden gelen tahribatlar\u0131n \u00e7ok fazla oldu\u011funu ifade eden Ba\u015fkan Se\u00e7er, T\u00dc\u0130K\u2019in yeni verilerine g\u00f6re gayri safi yurt i\u00e7i has\u0131la i\u00e7erisinde Adana\u2019n\u0131n yakla\u015f\u0131k 82, Mersin\u2019in ise 79 milyar lira pay ald\u0131\u011f\u0131n\u0131 s\u00f6yledi.<\/p>\n<p>Karalar\u2019dan yazl\u0131k\u00e7\u0131lar ad\u0131na Ba\u015fkan Se\u00e7er\u2019e te\u015fekk\u00fcr<\/p>\n<p>Ba\u015fkan Karalar, 1998 y\u0131l\u0131nda ald\u0131\u011f\u0131 Mersin\u2019deki yazl\u0131\u011f\u0131n\u0131n bulundu\u011fu T\u00f6m\u00fck-Karg\u0131p\u0131nar\u0131 b\u00f6lgesinde Ba\u015fkan Se\u00e7er\u2019in y\u00f6netimiyle birlikte altyap\u0131 sorunlar\u0131na ili\u015fkin \u00e7\u00f6z\u00fcmler getirildi\u011fini ve \u00e7al\u0131\u015fmalar\u0131n y\u00fcr\u00fct\u00fcld\u00fc\u011f\u00fcn\u00fc ifade ederek, \u201cSahilde ar\u0131tma yok d\u00fc\u015f\u00fcnebiliyor musunuz? Ya bu g\u00fczelim deniz, bu g\u00fczelim sahil nerede var? Denize giremezsiniz ama Vahap Bey hemen altyap\u0131y\u0131 \u00e7\u00f6zd\u00fc, projelendirildi ve ihaleye \u00e7\u0131kt\u0131. \u015eimdi bu b\u00fct\u00fcn sahili kurtar\u0131yor. \u0130\u00e7me suyu yap\u0131l\u0131yor \u015fu an. \u0130\u00e7me suyu ve altyap\u0131. Kim el atm\u0131\u015f? Vahap Bey el at\u0131yor. Mersin\u2019in yazl\u0131klar\u0131na bak\u0131n yar\u0131s\u0131 Adanal\u0131\u2019d\u0131r. Ayr\u0131ca benim vatanda\u015flar\u0131ma da de\u011ferli bir hizmet g\u00f6t\u00fcrd\u00fc\u011f\u00fc i\u00e7in burada te\u015fekk\u00fcr ediyorum\u201d dedi.<\/p>\n<p>\u00c7ok say\u0131da Adanal\u0131\u2019n\u0131n yaz aylar\u0131n\u0131 Mersin\u2019de ge\u00e7irdi\u011fini belirten Ba\u015fkan Se\u00e7er, \u00f6zellikle T\u00f6m\u00fck-Karg\u0131p\u0131nar\u0131 b\u00f6lgesinde temiz i\u00e7me suyu, kanalizasyon ve ar\u0131tma sorununun oldu\u011funu, temiz i\u00e7me suyunu B\u00fcy\u00fck\u015fehir\u2019in kendi imkanlar\u0131yla yapt\u0131\u011f\u0131n\u0131 ve \u00e7ok k\u0131sa s\u00fcrede sonland\u0131r\u0131laca\u011f\u0131n\u0131 s\u00f6yledi. Se\u00e7er, \u201cAs\u0131l kanalizasyon ve ar\u0131tma sorunu i\u00e7in FRIT 2 kapsam\u0131nda ge\u00e7ti\u011fimiz haftalarda yetkililer geldi. Hem AFD hem Avrupa Birli\u011fi temsilcisi hem \u0130ller Bankas\u0131 temsilcisi geldi. 12 milyon Euro\u2019luk bir hibe. Prensipte her \u015fey tamam, prosed\u00fcr i\u015fliyor, biraz zaman ald\u0131. \u00c7ok k\u0131sa s\u00fcre i\u00e7erisinde onun da ihalesine \u00e7\u0131k\u0131yoruz ve yak\u0131n bir tarihte o sorunu orada ortadan kald\u0131raca\u011f\u0131z. \u00c7ok yo\u011fun n\u00fcfus var hakikaten \u00e7evre sa\u011fl\u0131\u011f\u0131, insan sa\u011fl\u0131\u011f\u0131 a\u00e7\u0131s\u0131ndan \u00e7ok b\u00fcy\u00fck tehdit olu\u015fturuyor, oray\u0131 \u00e7\u00f6zmemiz laz\u0131m\u201d dedi.<\/p>\n<p>Adana-Mersin yolunda otoban ba\u011flant\u0131s\u0131n\u0131n \u00c7e\u015fmeli\u2019de noktaland\u0131\u011f\u0131n\u0131 s\u00f6yleyen Ba\u015fkan Se\u00e7er,  h\u00fck\u00fcmetin yapt\u0131\u011f\u0131 \u00e7al\u0131\u015fmaya ek olarak B\u00fcy\u00fck\u015fehir\u2019in mevcut D-400\u2019e paralel bir \u015fekilde alternatif \u00c7e\u015fmeli-Mezitli aras\u0131nda bir \u00e7al\u0131\u015fmas\u0131n\u0131n oldu\u011funu s\u00f6yledi. Se\u00e7er, \u201cUmut ediyorum \u00e7ok k\u0131sa bir tarihte, \u00f6zellikle yaz aylar\u0131nda ak\u015fam d\u00f6n\u00fc\u015flerde ya\u015fanan o kriz ortadan kalkacak. \u015eu anda 4. \u00c7evre Yolu \u00e7al\u0131\u015fmalar\u0131m\u0131z var merkezde. 1,5 kilometrelik bir \u00e7al\u0131\u015fma. Mersin merkezin bat\u0131 son noktas\u0131na kadar a\u015fa\u011f\u0131 yukar\u0131 ula\u015ft\u0131rm\u0131\u015f olaca\u011f\u0131z\u201d dedi.<\/p>\n<p>\u201cMersin \u00f6nemli bir tar\u0131m potansiyeline sahip\u201d<\/p>\n<p>Tar\u0131m\u0131n be\u015fi\u011fi olan \u00c7ukurova\u2019da B\u00fct\u00fcn\u015fehir Yasas\u0131 kapsam\u0131nda hayata ge\u00e7irilen \u00f6nemli projelere dair konu\u015fan Ba\u015fkan Se\u00e7er, Ba\u015fkan Karalar\u2019\u0131n konu\u015fmas\u0131nda \u00e7ok \u00f6nemli bir s\u00f6z kulland\u0131\u011f\u0131n\u0131 vurgulayarak, \u201c\u00c7ilek fidesi da\u011f\u0131tt\u0131k, dedi, \u015fimdi o b\u00f6lgelerde tersine g\u00f6\u00e7 oldu.\u2019 Asl\u0131nda sihirli c\u00fcmle bu. \u0130nsanlar\u0131 do\u011fdu\u011fu yerde doyurmak. Kente g\u00f6\u00e7\u00fc \u00f6nlemek\u201d dedi. Mersin\u2019in \u00f6nemli bir tar\u0131m potansiyeline sahip oldu\u011funu s\u00f6yleyen Se\u00e7er, \u015f\u00f6yle devam etti:<\/p>\n<p>\u201cAdana da Antalya da \u00f6yle ama Adana ile Mersin aras\u0131ndaki fark \u015fu: Adana\u2019da daha \u00e7ok tarla ziraat\u0131 yayg\u0131nd\u0131r. M\u0131s\u0131r \u00fcretimi, soya fasulyesi \u00fcretimi, end\u00fcstri bitkileri, pamuk \u00fcretimi, meyvecilik, mutlaka narenciye bah\u00e7eleri. Mersin\u2019e bakt\u0131\u011f\u0131m\u0131z zaman daha katma de\u011feri y\u00fcksek \u00fcr\u00fcnler g\u00f6r\u00fcrs\u00fcn\u00fcz. \u00d6rt\u00fc alt\u0131 sebzecilik, meyvecilik \u00e7ok yayg\u0131nd\u0131r. Anamur muzu, \u00e7ile\u011fi \u00e7ok de\u011ferlidir. Mut\u2019un kay\u0131s\u0131s\u0131, eri\u011fi. Bizim en geni\u015f tar\u0131m topraklar\u0131 Tarsus\u2019tad\u0131r. Hem tarla ziraat\u0131 yap\u0131l\u0131r, hem de sebze ziraat\u0131, bah\u00e7e ziraat\u0131, \u00f6rt\u00fc alt\u0131 ziraat\u0131, ba\u011fc\u0131l\u0131k. Bizim Tarsus beyaz\u0131 \u015fu anda d\u00f6n\u00fc\u015ft\u00fc. Daha modern \u00e7e\u015fitlere, daha Avrupa pazarlar\u0131na uygun \u00e7e\u015fitlere d\u00f6n\u00fc\u015ft\u00fc ama her t\u00fcrl\u00fc \u00fcr\u00fcn\u00fc g\u00f6rebiliyorsunuz. Bizim 11 milyar lira gayri safi has\u0131lam\u0131z var tar\u0131mdan. 16 bin kilometrekare alan buras\u0131 ve 340 bin hektar da bizim i\u015flenecek alan\u0131m\u0131z var. Biz bunu sevk ve idare edemeyiz. Bu g\u00f6rev Tar\u0131m Bakanl\u0131\u011f\u0131\u2019n\u0131n. Makro alanda tar\u0131m politikalar\u0131n\u0131 onlar yapacak. Ama biz az \u00f6nce de Zeydan Ba\u015fkan\u2019\u0131n da de\u011findi\u011fi gibi insanlar\u0131 \u00f6zellikle i\u015fsizlikten k\u0131r\u0131lanlar\u0131, k\u00fc\u00e7\u00fck aile i\u015fletmelerini, yoksul insanlar\u0131, ba\u015fta kad\u0131nlar olmak \u00fczere kad\u0131n kooperatiflerini onun i\u00e7in \u00f6nemsedik. \u00c7ok de\u011ferli \u00e7al\u0131\u015fmalar yap\u0131yorlar. Biz \u00e7ok destek oluyoruz, \u00e7ok \u00f6nemli geli\u015fmeler sa\u011flad\u0131lar.\u201d<\/p>\n<p>Ba\u015fkan Karalar, Metro hakk\u0131nda konu\u015ftu: \u201cK\u00f6t\u00fc misal, misal olmaz\u201d<\/p>\n<p>Adana metrosu \u00f6rnek g\u00f6sterilerek Mersin metro projesi hakk\u0131nda ele\u015ftiriler yap\u0131ld\u0131\u011f\u0131n\u0131n hat\u0131rlat\u0131lmas\u0131 \u00fczerine Ba\u015fkan Karalar, Adana metrosunun g\u00fczergah noktas\u0131nda eksik kald\u0131\u011f\u0131n\u0131 s\u00f6yledi. Karalar, \u015fu a\u00e7\u0131klamalarda bulundu:<\/p>\n<p>\u201cNe yaz\u0131k ki bizim metro da hani tamamlanmas\u0131 d\u00fc\u015f\u00fcn\u00fclm\u00fc\u015f ama tamamlanmad\u0131\u011f\u0131 i\u00e7in eksik kalm\u0131\u015f. Hastaneye gitmiyor, havaalan\u0131na gitmiyor, otogara gitmiyor, adliyeye gitmiyor gibi g\u00fczergah s\u0131k\u0131nt\u0131s\u0131 var. Tamamlanabilseydi belki b\u00fct\u00fcnl\u00fckl\u00fc bir \u015fey olacakt\u0131. Bizim metro 25 bin ki\u015fi ta\u015f\u0131yor. Oysa 150 binin a\u015fa\u011f\u0131s\u0131 \u00e7ok fizibil de\u011fil. Biz 2. hat ile ilgili \u00e7al\u0131\u015fmalar yapt\u0131k. Tabii havaalan\u0131 ayr\u0131 bir yer ama hastanelere, Balcal\u0131\u2019ya, \u015eehir Hastanesi\u2019ne, adliyeye, stadyuma gidecek bir hat yapt\u0131k. Onu yapmak i\u00e7in bir proje sunduk, yat\u0131r\u0131m program\u0131na al\u0131ns\u0131n diye ama Say\u0131n Cumhurba\u015fkan\u0131m\u0131z onaylamad\u0131. \u00c7al\u0131\u015f\u0131yoruz. Umar\u0131m yak\u0131n gelecekte anlat\u0131r\u0131z biz derdimizi. Umar\u0131m onaylan\u0131r. Muhakkak yap\u0131lmas\u0131 gerekiyor. Dolay\u0131s\u0131yla Mersin\u2019de yap\u0131ls\u0131n, yap\u0131lmas\u0131n; \u2018hani \u015fu misal, misal olmaz\u2019 diye atalar\u0131m\u0131z\u0131n bir laf\u0131 var. Bizimkisi k\u00f6t\u00fc misal. K\u00f6t\u00fc misal, misal olmaz. Vahap Bey \u00e7al\u0131\u015ft\u0131. Bu da bir cesaret 300 milyon dolar, 300 milyon avroluk yat\u0131r\u0131mlar bunlar. Gelirlerimize g\u00f6re \u00e7ok ciddi paralar. Bir belediye ba\u015fkan\u0131n\u0131n cesaret edip g\u00fcndeme getirmesi, kent a\u00e7\u0131s\u0131ndan \u00e7ok takdire \u015fayan. Bir y\u0131lda projelendirip, yat\u0131r\u0131m program\u0131na ald\u0131r\u0131p, imzalat\u0131p bu noktaya getirmesi ger\u00e7ekten b\u00fcy\u00fck bir ba\u015far\u0131. Hi\u00e7 o konular tart\u0131\u015f\u0131lmaz. Metro elzemdir, metropollerde toplu ta\u015f\u0131man\u0131n ana kalemidir, yap\u0131lmal\u0131d\u0131r.\u201d<\/p>\n<p>\u201cKomisyon \u015fu anda ihale neticesine bak\u0131yor\u201d<\/p>\n<p>Mersin metro projesinin Mersin B\u00fcy\u00fck\u015fehir Belediyesi eski Ba\u015fkan\u0131 Macit \u00d6zcan d\u00f6neminde hafif rayl\u0131 sistem olarak g\u00fcndeme getirildi\u011fini, \u00f6nceki d\u00f6nemde projelerinin \u00e7al\u0131\u015f\u0131ld\u0131\u011f\u0131n\u0131 belirten Ba\u015fkan Se\u00e7er, \u201cBiz geldikten yakla\u015f\u0131k 7 ay sonra bizlerin de giri\u015fimi, Say\u0131n Cumhurba\u015fkan\u0131\u2019n\u0131n da takdiri ile b\u00f6yle bir \u015fey oldu. O d\u00f6nemde milletvekilimiz, \u015fimdi Say\u0131n Bakan\u0131m\u0131z L\u00fctfi Elvan\u2019\u0131n \u00e7al\u0131\u015fmalar\u0131 ve katk\u0131lar\u0131 ile yat\u0131r\u0131m program\u0131na al\u0131nd\u0131. Bunu niye anlatt\u0131m? \u0130\u015fte Say\u0131n Zeydan Karalar s\u00f6yl\u00fcyor, ald\u0131ram\u0131yorum diyor. \u015eu an Say\u0131n Ekrem \u0130mamo\u011flu da ayn\u0131 s\u0131k\u0131nt\u0131y\u0131 ya\u015f\u0131yor. Bu tabi daha birinci ad\u0131m yat\u0131r\u0131m program\u0131na almak. Biz ge\u00e7ti\u011fimiz per\u015fembe g\u00fcn\u00fc ihalesini yapt\u0131k. Daha \u00f6nce \u00f6n yeterlik yapm\u0131\u015ft\u0131k. \u015eimdi \u00e7\u0131kt\u0131lar firmalar, tekliflerini verdiler. \u015eu anda tabii prosed\u00fcr devam ediyor, bir a\u00e7\u0131klama yapmayaca\u011f\u0131m. G\u00fc\u00e7l\u00fc firmalar vard\u0131. \u00d6n\u00fcm\u00fczdeki g\u00fcnlerde biz sonucu a\u00e7\u0131klayaca\u011f\u0131z. Biz de tabi hesab\u0131m\u0131za, kitab\u0131m\u0131za bak\u0131yoruz. Komisyon \u015fu anda ihale neticesine bak\u0131yor\u201d a\u00e7\u0131klamas\u0131nda bulundu.<\/p>\n<p>\u201cMetro ile kente bir rant getiriyorsunuz\u201d<\/p>\n<p>Metronun sadece yolcu ta\u015f\u0131yarak gelir getirmedi\u011fini, kente bir rant getirdi\u011fini ifade eden Se\u00e7er, \u201cBizim ilk etapta 11 istasyon var. \u00d6nemli rant \u00e7evresi oras\u0131. Yeralt\u0131na iniyorsunuz, galeriler var, otoparklar var, reklam mecralar\u0131 var, dolay\u0131s\u0131yla \u00e7ok farkl\u0131 gelir kalemlerimiz var. Her \u015feyden \u00f6te bir metrokent bir megakent. Mersin b\u00fcy\u00fcyecek, Mersin \u015fahlanacak. Yar\u0131n\u0131n Mersin\u2019ini \u015fimdiden ben tesis etmezsem kim bunu yapacak? Londra\u2019s\u0131, Paris\u2019i, Tokyo\u2019su bunu yapm\u0131\u015f, 150 y\u0131l \u00f6nce d\u00fc\u015f\u00fcnm\u00fc\u015f, 150 kilometre, 200 kilometre yapm\u0131\u015f. Siz Mersin\u2019e 13.4 kilometre rayl\u0131 sistem yapacaks\u0131n\u0131z, k\u0131yamet kopar\u0131yorsunuz. Sanki \u00e7ok b\u00fcy\u00fck bir proje yap\u0131yormu\u015f gibi. De\u011fil! \u00c7ok daha farkl\u0131 bak\u0131yorum ben. Belki \u015fu an i\u00e7in insanlara elzem gelmeyebilir ama 10 sene sonra bize \u00e7ok dua edecekler diye d\u00fc\u015f\u00fcn\u00fcyorum\u201d dedi.<\/p>\n<p>\u201cMakro projeleri b\u00f6lgesel d\u00fc\u015f\u00fcnmek laz\u0131m\u201d<\/p>\n<p>Mersin\u2019de yap\u0131m\u0131 s\u00fcren \u00c7ukurova B\u00f6lgesel Havaliman\u0131\u2019na dair konu\u015fan Ba\u015fkan Karalar, Mersin ile Adana\u2019n\u0131n iki karde\u015f \u015fehir oldu\u011funu vurgulayarak, \u00c7ukurova Havaliman\u0131\u2019n\u0131n uluslararas\u0131 bir nitelik ta\u015f\u0131d\u0131\u011f\u0131n\u0131, hem Adana\u2019ya hem de Mersin\u2019e ciddi bir kazan\u00e7 sa\u011flayaca\u011f\u0131n\u0131 s\u00f6yledi.  <\/p>\n<p>Adana Havaalan\u0131 ile Mersin\u2019e yap\u0131lan havaalan\u0131 aras\u0131nda yakla\u015f\u0131k 20 kilometrelik bir mesafe oldu\u011funun alt\u0131n\u0131 \u00e7izen Ba\u015fkan Se\u00e7er ise \u015fu ifadeleri kulland\u0131:<\/p>\n<p>\u201cBurada turizmi, ticareti, sosyal hayat\u0131, k\u00fclt\u00fcrel hayat\u0131 muazzam \u015fekilde geli\u015ftirecek bir havaalan\u0131ndan bahsediyoruz. Tabii ki Adanal\u0131 hem\u015fehrilerimizin aff\u0131na s\u0131\u011f\u0131n\u0131yorum, belki s\u0131n\u0131rlar bizi birbirimizden ay\u0131r\u0131yor ama bu havaalan\u0131 Adana\u2019n\u0131n, Mersin\u2019in ortak havaalan\u0131. Bizim s\u0131n\u0131rlar\u0131m\u0131z i\u00e7erisinde. \u015eimdi biz Adana Havaalan\u0131\u2019n\u0131 kullan\u0131yoruz. Allah\u2019tan Adana Havaalan\u0131 var. Yoksa nas\u0131l ula\u015f\u0131m sa\u011flayacakt\u0131k hava yoluyla? \u015eu da var; yani makro projeleri b\u00f6lgesel d\u00fc\u015f\u00fcnmek laz\u0131m. Sadece Adana de\u011fil, yani Osmaniye\u2019si, Hatay\u2019\u0131, Gaziantep\u2019i hepsini bir b\u00fct\u00fcn almak laz\u0131m. Yani \u00e7ok daha kaynak israf\u0131n\u0131 da \u00f6nl\u00fcyorsunuz, \u00e7ok daha ak\u0131lc\u0131 oluyor. \u00c7ok daha efektif oluyor. Burada \u00e7ok duygusal yakla\u015fmamak laz\u0131m. Daha b\u00f6lgesel, makro projeleri merkezi y\u00f6netimin yapmas\u0131 laz\u0131m. Ben bu anlay\u0131\u015f\u0131 destekliyorum. Biz de bir\u00e7ok \u015feyi belediyeler olarak az \u00f6nce konu\u015ftuk. \u00d6rne\u011fin Adana, Mersin, Hatay. Antalya ya da di\u011fer daha do\u011fudaki belediyeler. Ortakla\u015faca\u011f\u0131m\u0131z projeleri beraber yapt\u0131\u011f\u0131m\u0131z zaman daha h\u0131zl\u0131 yol al\u0131yorsunuz, daha az kaynak kullan\u0131yorsunuz, daha efektif oluyor.\u201d<\/p>\n<p>\u201cMersin\u2019e ikinci liman\u0131n yap\u0131lmas\u0131ndan yanay\u0131m\u201d<\/p>\n<p>Mersin\u2019e ikinci bir liman\u0131n yap\u0131lmas\u0131 gerekti\u011fini belirten Ba\u015fkan Se\u00e7er, \u201cZaten bizim Mersin\u2019in ikinci liman projeksiyonu daha \u00f6nce yap\u0131lm\u0131\u015f, yer tespiti yap\u0131lm\u0131\u015f, onun et\u00fcd\u00fc yap\u0131lm\u0131\u015f, her \u015feyi haz\u0131rlanm\u0131\u015f. Ben ikinci liman\u0131n yap\u0131lmas\u0131ndan yanay\u0131m. Bak\u0131n d\u00fcnyay\u0131 deniz yoluyla, hava yoluyla, karayoluyla ne kadar \u00e7ok burayla entegre ederseniz, Adana\u2019y\u0131, Mersin\u2019i ne kadar \u00e7ok yak\u0131nla\u015ft\u0131r\u0131rsan\u0131z o kadar \u00e7ok geli\u015firsiniz. Onun i\u00e7in hem havaliman\u0131, hem deniz liman\u0131, hem karayolu g\u00fczergahlar\u0131. Mesela \u00f6nemlidir, eski E-5, kesi\u015fti\u011fi nokta Tarsus\u2019tur. Hani do\u011fuyu bat\u0131ya, kuzeyi g\u00fcneye ba\u011flayan. \u015eimdi bu otoyol ve D-400 \u00e7ok \u00f6nemli bir g\u00fczergaht\u0131r. \u0130\u015fte transit ticaretin en yo\u011fun yap\u0131ld\u0131\u011f\u0131 yer. D\u00fcnyan\u0131n her taraf\u0131ndan \u00fcr\u00fcn buraya geliyor ya da Yumurtal\u0131k Liman\u0131\u2019na geliyor, buradan t\u00fcm Ortado\u011fu\u2019ya Arap \u00fclkelerine ihracat yapma ya da transit ticaret yapma imkan\u0131n\u0131z oluyor\u201d ifadelerini kulland\u0131.<\/p>\n","protected":false},"excerpt":{"rendered":"<p>Mersin B\u00fcy\u00fck\u015fehir Belediye Ba\u015fkan\u0131 Vahap Se\u00e7er ile Adana B\u00fcy\u00fck\u015fehir Belediye Ba\u015fkan\u0131 Zeydan Karalar, SUN RTV, Kanal 33, KOZA TV ve TV A\u2019n\u0131n ortak yay\u0131n\u0131na kat\u0131ld\u0131. Se\u00e7er ve Karalar, Mersin ve &hellip; <a href=\"https:\/\/akdenizolaygazetesi.com\/?p=10878\" class=\"more-link\">Devam\u0131n\u0131 Oku&#8230;<\/a><\/p>\n","protected":false},"author":2,"featured_media":10879,"comment_status":"open","ping_status":"open","sticky":false,"template":"","format":"standard","meta":[],"categories":[34,1,2,3,5],"tags":[],"_links":{"self":[{"href":"https:\/\/akdenizolaygazetesi.com\/index.php?rest_route=\/wp\/v2\/posts\/10878"}],"collection":[{"href":"https:\/\/akdenizolaygazetesi.com\/index.php?rest_route=\/wp\/v2\/posts"}],"about":[{"href":"https:\/\/akdenizolaygazetesi.com\/index.php?rest_route=\/wp\/v2\/types\/post"}],"author":[{"embeddable":true,"href":"https:\/\/akdenizolaygazetesi.com\/index.php?rest_route=\/wp\/v2\/users\/2"}],"replies":[{"embeddable":true,"href":"https:\/\/akdenizolaygazetesi.com\/index.php?rest_route=%2Fwp%2Fv2%2Fcomments&post=10878"}],"version-history":[{"count":1,"href":"https:\/\/akdenizolaygazetesi.com\/index.php?rest_route=\/wp\/v2\/posts\/10878\/revisions"}],"predecessor-version":[{"id":10880,"href":"https:\/\/akdenizolaygazetesi.com\/index.php?rest_route=\/wp\/v2\/posts\/10878\/revisions\/10880"}],"wp:featuredmedia":[{"embeddable":true,"href":"https:\/\/akdenizolaygazetesi.com\/index.php?rest_route=\/wp\/v2\/media\/10879"}],"wp:attachment":[{"href":"https:\/\/akdenizolaygazetesi.com\/index.php?rest_route=%2Fwp%2Fv2%2Fmedia&parent=10878"}],"wp:term":[{"taxonomy":"category","embeddable":true,"href":"https:\/\/akdenizolaygazetesi.com\/index.php?rest_route=%2Fwp%2Fv2%2Fcategories&post=10878"},{"taxonomy":"post_tag","embeddable":true,"href":"https:\/\/akdenizolaygazetesi.com\/index.php?rest_route=%2Fwp%2Fv2%2Ftags&post=10878"}],"curies":[{"name":"wp","href":"https:\/\/api.w.org\/{rel}","templated":true}]}}