{"id":1088,"date":"2020-11-04T18:21:41","date_gmt":"2020-11-04T15:21:41","guid":{"rendered":"http:\/\/mersinekonomipolitikagazetesi.com\/?p=1088"},"modified":"2020-11-04T18:21:41","modified_gmt":"2020-11-04T15:21:41","slug":"engelli-cocuklar-polis-oldu-uygulama-yapti","status":"publish","type":"post","link":"https:\/\/akdenizolaygazetesi.com\/?p=1088","title":{"rendered":"Engelli \u00e7ocuklar polis oldu, uygulama yapt\u0131"},"content":{"rendered":"<p>Mersin&#8217;de Engelliler Haftas\u0131 dolay\u0131s\u0131yla 4 engelli \u00e7ocuk, polis k\u0131yafeti giyerek uygulama yapt\u0131. Trafik polisi olan \u00e7ocuklar s\u00fcr\u00fcc\u00fclerin ehliyet ve ruhsatlar\u0131n\u0131 kontrol ederken, yunus polisi olan \u00e7ocuklar ise ara\u00e7lar\u0131 ve \u015fah\u0131slar\u0131 aray\u0131p, GBT sorgusu yapt\u0131.<\/p>\n<p>Mersin \u0130l Emniyet M\u00fcd\u00fcrl\u00fc\u011f\u00fc, Engelliler Haftas\u0131 dolay\u0131s\u0131yla \u00f6rnek bir \u00e7al\u0131\u015fmaya imza att\u0131. Hayalinde hep polis olmak isteyen 2&#8217;si k\u0131z 4 engelli \u00e7ocuk polis oldu. 2&#8217;si trafik, 2&#8217;si yunus polis olan \u00e7ocuklar, polis a\u011fabeylerinin e\u015fli\u011finde, B\u00f6lge Trafik Denetleme \u015eube M\u00fcd\u00fcrl\u00fc\u011f\u00fc \u00f6n\u00fcnde uygulama yapt\u0131. Trafik polisi olan \u00e7ocuklar s\u00fcr\u00fcc\u00fclerin ehliyet ve ruhsat\u0131n\u0131 kontrol ederken, yunus polisi olan \u00e7ocuklar ise ara\u00e7lar\u0131 ve \u015fah\u0131slar\u0131 aray\u0131p, GBT sorgusu yapt\u0131. Bir s\u00fcre uygulama yapan \u00e7ocuklar\u0131 aileleri de yaln\u0131z b\u0131rakmad\u0131. Uygulama sonunda motorize polisler, \u00e7ocuklar\u0131 motosikletlerle tur att\u0131rd\u0131.<br \/>\nUygulama sonunda bas\u0131n mensuplar\u0131na konu\u015fan \u00e7ocuk polis Baran&#8217;\u0131n annesi G\u00fcner Ormanc\u0131, &#8220;\u00c7ok mutlu olduk. Buraya gelmesi \u00e7ok g\u00fczel oldu. Baran \u00e7ok mutlu, o mutlu olunca bizde mutlu olduk. Polisli\u011fe \u00e7ok istekli. Bu haberi duyunca o kadar mutlu oldu ki epilepsi hastas\u0131 oldu\u011fu i\u00e7in d\u00fcn havale ge\u00e7irdi. Daha sonra kendine geldikten sonra sabaha kadar ayakta durdu. \u00c7ok heyecanl\u0131yd\u0131. Onunla birlikte biz de \u00e7ok mutlu olduk&#8221; dedi.<br \/>\nBaran da \u00e7ok heyecanland\u0131\u011f\u0131n\u0131 belirterek, &#8220;\u00c7ok mutlu oldum ve g\u00fczeldi. Motora bindim iyi oldu. Uygulamada ehliyet ve ruhsat sordum, onlar\u0131 kontrol ettim. Hatal\u0131 olan yoktu. \u0130yiydi&#8221; \u015feklinde konu\u015ftu<br \/>\nYunus polisi olan Emir \u015eahin Avc\u0131 da, &#8220;Uygulamada ara\u00e7lar\u0131 kontrol ettim. Ara\u00e7lar\u0131n bagaj\u0131n\u0131 a\u00e7t\u0131m sonra sorgu yapt\u0131m. Ehliyetlere trafik\u00e7i arkada\u015flar bakt\u0131. B\u00fct\u00fcn \u015fof\u00f6rleri serbest b\u0131rakt\u0131m&#8221; ifadelerini kulland\u0131.<\/p>\n<p>&#8220;Hayalini ger\u00e7ekle\u015ftirdi&#8221;<br \/>\nAnne Medine Avc\u0131 ise, &#8220;\u00c7ok duyguland\u0131m, \u00e7ok mutlu oldum. En b\u00fcy\u00fck hayali polis olmakt\u0131. Emniyetimizden Allah raz\u0131 oldu. K\u0131sa bir s\u00fcre de olsa hayalini ger\u00e7ekle\u015ftirdi, mutluyum&#8221; diye konu\u015ftu.<br \/>\nBaba Onay Avc\u0131 da \u00e7ok mutlu oldu\u011funu vurgulayarak, &#8220;O\u011flum \u00e7ok memnun kald\u0131. Evde de polis \u00fcniformas\u0131 var. Her g\u00fcn giyer, her g\u00fcn bizi evde tutuklar. \u00c7ok mutlu oldu ve \u00e7ok sevindik. Emniyet te\u015fkilat\u0131m\u0131za \u00e7ok te\u015fekk\u00fcr ediyoruz&#8221; dedi.<br \/>\nTrafik polisi olan Esrar Araz da uygulaman\u0131n \u00e7ok g\u00fczel oldu\u011funu ifade ederek, &#8220;Ehliyet, ruhsata bakt\u0131m, arabay\u0131 arad\u0131m. Polis olmak \u00e7ok g\u00fczel bir duyguydu. Polis olmaktan mutlu oldum&#8221; \u015feklinde konu\u015ftu.<br \/>\nYunus polisi olan Gizem Ka\u00e7aman ise uygulamada ara\u00e7lar\u0131 ve \u015fah\u0131slar\u0131 kontrol etti\u011fini s\u00f6yleyerek, &#8220;\u00c7ok heyecanland\u0131m. Polis olmak istiyordum. \u015eimdi \u00e7ok mutluyum. \u015eah\u0131slar\u0131n n\u00fcfus c\u00fczdanlar\u0131n\u0131 ve ara\u00e7lar\u0131 incelemedim. Ara\u00e7lar\u0131n bagajlar\u0131na ve i\u00e7lerine bakt\u0131m. Hi\u00e7bir su\u00e7 unsuru yoktu. Kad\u0131nlar\u0131n \u00fczerlerini arad\u0131m&#8221; ifadelerini kulland\u0131.<\/p>\n","protected":false},"excerpt":{"rendered":"<p>Mersin&#8217;de Engelliler Haftas\u0131 dolay\u0131s\u0131yla 4 engelli \u00e7ocuk, polis k\u0131yafeti giyerek uygulama yapt\u0131. Trafik polisi olan \u00e7ocuklar s\u00fcr\u00fcc\u00fclerin ehliyet ve ruhsatlar\u0131n\u0131 kontrol ederken, yunus polisi olan \u00e7ocuklar ise ara\u00e7lar\u0131 ve \u015fah\u0131slar\u0131 &hellip; <a href=\"https:\/\/akdenizolaygazetesi.com\/?p=1088\" class=\"more-link\">Devam\u0131n\u0131 Oku&#8230;<\/a><\/p>\n","protected":false},"author":1,"featured_media":0,"comment_status":"open","ping_status":"open","sticky":false,"template":"","format":"standard","meta":[],"categories":[],"tags":[],"_links":{"self":[{"href":"https:\/\/akdenizolaygazetesi.com\/index.php?rest_route=\/wp\/v2\/posts\/1088"}],"collection":[{"href":"https:\/\/akdenizolaygazetesi.com\/index.php?rest_route=\/wp\/v2\/posts"}],"about":[{"href":"https:\/\/akdenizolaygazetesi.com\/index.php?rest_route=\/wp\/v2\/types\/post"}],"author":[{"embeddable":true,"href":"https:\/\/akdenizolaygazetesi.com\/index.php?rest_route=\/wp\/v2\/users\/1"}],"replies":[{"embeddable":true,"href":"https:\/\/akdenizolaygazetesi.com\/index.php?rest_route=%2Fwp%2Fv2%2Fcomments&post=1088"}],"version-history":[{"count":0,"href":"https:\/\/akdenizolaygazetesi.com\/index.php?rest_route=\/wp\/v2\/posts\/1088\/revisions"}],"wp:attachment":[{"href":"https:\/\/akdenizolaygazetesi.com\/index.php?rest_route=%2Fwp%2Fv2%2Fmedia&parent=1088"}],"wp:term":[{"taxonomy":"category","embeddable":true,"href":"https:\/\/akdenizolaygazetesi.com\/index.php?rest_route=%2Fwp%2Fv2%2Fcategories&post=1088"},{"taxonomy":"post_tag","embeddable":true,"href":"https:\/\/akdenizolaygazetesi.com\/index.php?rest_route=%2Fwp%2Fv2%2Ftags&post=1088"}],"curies":[{"name":"wp","href":"https:\/\/api.w.org\/{rel}","templated":true}]}}