{"id":1089,"date":"2020-11-04T18:21:41","date_gmt":"2020-11-04T15:21:41","guid":{"rendered":"http:\/\/mersinekonomipolitikagazetesi.com\/?p=1089"},"modified":"2020-11-04T18:21:41","modified_gmt":"2020-11-04T15:21:41","slug":"vali-cakacak-engelliler-soleninde-engelli-genclerle-bulustu","status":"publish","type":"post","link":"https:\/\/akdenizolaygazetesi.com\/?p=1089","title":{"rendered":"Vali \u00c7akacak, Engelliler \u015e\u00f6leninde engelli gen\u00e7lerle bulu\u015ftu"},"content":{"rendered":"<p>Mersin Valisi \u00d6zdemir \u00c7akacak, E\u015fi Kevser \u00c7akacak ile birlikte Engelliler \u015e\u00f6leni\u2019ne kat\u0131larak, engelli gen\u00e7lerin co\u015fkusuna ortak oldu. Valilik makam\u0131nda engelli \u00e7ocuklar da bulu\u015fan \u00c7akacak, \u201cEngelli vatanda\u015flar\u0131m\u0131z\u0131n toplumsal hayata rahat\u00e7a kat\u0131lmalar\u0131n\u0131 sa\u011flamaya y\u00f6nelik \u00e7al\u0131\u015fmalar\u0131m\u0131z\u0131 kararl\u0131l\u0131kla s\u00fcrd\u00fcr\u00fcyoruz\u201d dedi.<\/p>\n<p>Vali \u00c7akacak, Engelliler Haftas\u0131 dolay\u0131s\u0131yla Aile ve Sosyal Politikalar \u0130l M\u00fcd\u00fcrl\u00fc\u011f\u00fc b\u00fcnyesinde faaliyet g\u00f6steren Nihat S\u00f6zmen Rehabilitasyon ve Aile Dan\u0131\u015fma Merkezi\u2019nde rehabilitasyon s\u00fcreci devam eden engelli gen\u00e7leri kabul etti. Sahil Valilik makam\u0131nda ger\u00e7ekle\u015fen kabulde konu\u015fan \u00c7akacak, toplumun \u00f6nemli bir kesimini olu\u015fturan engelli vatanda\u015flar\u0131n sosyal hayat\u0131n i\u00e7erisinde yer almalar\u0131n\u0131 sa\u011flamak amac\u0131yla devlet ve h\u00fck\u00fcmet taraf\u0131ndan \u00f6nemli d\u00fczenlemelerin hayata ge\u00e7irildi\u011fini s\u00f6yledi.<br \/>\nEngelli vatanda\u015flar\u0131n \u00f6n\u00fcndeki engeller kald\u0131r\u0131ld\u0131k\u00e7a ve kendilerine inan\u0131l\u0131p f\u0131rsat verildik\u00e7e spordan sanata, edebiyattan i\u015f hayat\u0131na kadar ya\u015fam\u0131n t\u00fcm alanlar\u0131nda b\u00fcy\u00fck ba\u015far\u0131lara imza att\u0131klar\u0131na vurgu yapan \u00c7akacak, sergiledikleri azim ve inan\u00e7 ile de herkese \u00f6rnek olduklar\u0131n\u0131 belirtti. \u00c7akacak, Valilik koordinesinde engelli vatanda\u015flar\u0131n toplumsal hayata rahat\u00e7a kat\u0131lmalar\u0131n\u0131 sa\u011flamaya y\u00f6nelik \u00e7al\u0131\u015fmalar\u0131n kararl\u0131l\u0131kla s\u00fcrd\u00fcr\u00fcld\u00fc\u011f\u00fcn\u00fc dile getirdi.<br \/>\nKabul s\u0131ras\u0131nda Aile ve Sosyal Politikalar \u0130l M\u00fcd\u00fcr\u00fc Veysel Topkaya\u2019dan makamda bulunan engelli gen\u00e7lerin \u00e7e\u015fitli faaliyet ve etkinliklerde \u00f6nemli ba\u015far\u0131lar elde ettikleri bilgisini alan \u00c7akacak, \u201cBu gen\u00e7 karde\u015flerimiz engellerini a\u015farak k\u00fclt\u00fcrel, sportif ve el becerilerinin sergilenmesine y\u00f6nelik alanlarda elde ettikleri ba\u015far\u0131larla hepimize \u00f6rnek oldular. Onlarla ne kadar gurur duysak azd\u0131r\u201d diye konu\u015ftu.<br \/>\nVali \u00c7akacak ve e\u015fi ile birlikte engelli gen\u00e7lerimizin co\u015fkusuna ortak oldu<br \/>\n\u00d6te yandan, Vali \u00c7akacak, E\u015fi Kevser \u00c7akacak ile birlikte bu y\u0131l 4\u2019\u00fcnc\u00fcs\u00fc d\u00fczenlenen \u2018Engelliler \u015e\u00f6leni\u2019ne kat\u0131larak, engelli gen\u00e7lerle bir araya geldi. Gen\u00e7lik Hizmetleri ve Spor \u0130l M\u00fcd\u00fcrl\u00fc\u011f\u00fc taraf\u0131ndan Yeni\u015fehir Engelliler Gen\u00e7lik Merkezi\u2019nde d\u00fczenlenen \u015f\u00f6lende konu\u015fan \u00c7akacak, devletin ve h\u00fck\u00fcmetin \u00f6zellikle engelli vatanda\u015flara pozitif ayr\u0131mc\u0131l\u0131k uygulad\u0131\u011f\u0131n\u0131 ifade etti. Engellilerin kar\u015f\u0131la\u015ft\u0131klar\u0131 sorunlar\u0131n ivedilikle \u00e7\u00f6z\u00fcm\u00fcn\u00fcn \u00f6ncelikli politikalardan biri oldu\u011funu kaydeden \u00c7akacak, bu s\u00fcre\u00e7te engelli vatanda\u015flar\u0131n \u00f6ncelikle \u00e7al\u0131\u015fma hayat\u0131nda daha fazla yer almalar\u0131 sa\u011flanarak, ba\u015fkalar\u0131na muhta\u00e7 olmadan kendi ayaklar\u0131 \u00fczerinde durmalar\u0131 noktas\u0131nda \u00f6nemli iyile\u015ftirmelerin yap\u0131ld\u0131\u011f\u0131n\u0131 s\u00f6yledi.<br \/>\nMersin\u2019de ge\u00e7en y\u0131l sadece \u0130\u015eKUR \u00fczerinden 418 engellinin istihdam edildi\u011fi bilgisini veren \u00c7akacak, \u00e7al\u0131\u015fma hayat\u0131nda yer alamayacak durumda olan engellilere de evde bak\u0131m hizmeti kapsam\u0131nda destek olundu\u011funu ifade etti. \u00c7akacak, 2016 y\u0131l\u0131nda Mersin\u2019de evde bak\u0131m hizmetinden yararlanan 13 bin 354 engelliye yakla\u015f\u0131k 145 milyon lira \u00f6deme yap\u0131ld\u0131\u011f\u0131n\u0131 da vurgulad\u0131. Engellilere y\u00f6nelik evde bak\u0131m \u00fccretinin yakla\u015f\u0131k 795 milyon liraya ula\u015ft\u0131\u011f\u0131na dikkat \u00e7eken \u00c7akacak, ayr\u0131ca 21 bin 267 vatanda\u015f\u0131n engelli ayl\u0131\u011f\u0131 ald\u0131\u011f\u0131n\u0131 ve bu kapsamda 2016 y\u0131l\u0131nda yakla\u015f\u0131k 88 milyon lira \u00f6deme yap\u0131ld\u0131\u011f\u0131n\u0131 kaydetti.<br \/>\nEngelli vatanda\u015flar\u0131n bir\u00e7ok f\u0131rsat ve indirimden yararlanmalar\u0131 amac\u0131yla ba\u015flayan Engelli Kimlik Kart\u0131 Uygulamas\u0131n\u0131n Mersin\u2019de de kararl\u0131l\u0131kla s\u00fcrd\u00fcr\u00fcld\u00fc\u011f\u00fcn\u00fc belirten \u00c7akacak, bu y\u0131l i\u00e7erisinde verilen 627 kimlik kart\u0131 ile birlikte 16 bin 882 vatanda\u015f\u0131n engelli kimlik kart\u0131na kavu\u015ftu\u011funu dile getirdi. \u00c7akacak, Mersin\u2019de 2\u2019si kamu, 6\u2019si \u00f6zel olmak \u00fczere 8 engelli bak\u0131m merkezinde 414 engelliye \u00fccretsiz bak\u0131m ve koruma imkan\u0131 sa\u011fland\u0131\u011f\u0131n\u0131 da ifade etti.<br \/>\n\u201cEngelli vatanda\u015flar\u0131m\u0131z\u0131n \u00f6nlerindeki engelleri kald\u0131rmaya devam edece\u011fiz&#8221;<br \/>\nEngellilerin \u00fcretim s\u00fcrecine dahil edilmemelerinin ve e\u011fitim imkanlar\u0131ndan yeterli derecede faydalanmamalar\u0131n\u0131n milli bir kay\u0131p oldu\u011funun alt\u0131n\u0131 \u00e7izen \u00c7akacak, \u201cEngelli vatanda\u015flar\u0131m\u0131z\u0131n \u00f6nlerindeki engelleri kald\u0131rmaya, onlara inanmaya ve yanlar\u0131nda yer almaya devam edece\u011fiz. Mersin Valili\u011fi olarak ildeki di\u011fer t\u00fcm dinamiklerle i\u015fbirli\u011fi i\u00e7erisinde engelli vatanda\u015flar\u0131m\u0131z\u0131n toplumsal hayata rahat\u00e7a kat\u0131lmalar\u0131n\u0131 sa\u011flamay\u0131 en \u00f6nde gelen g\u00f6revlerimizin ba\u015f\u0131nda g\u00f6rmekteyiz\u201d ifadelerini kulland\u0131.<br \/>\n\u015e\u00f6lende, Kevser \u00c7akacak\u2019a Engelliler Gen\u00e7lik Merkezi\u2019ne verdi\u011fi desteklerden dolay\u0131 \u201cAnnelik Berat\u0131 Belgesi\u201d takdim edildi. Annelik Belgesi\u2019ni engelli \u00e7ocuklar\u0131n elinden alan \u00c7akacak, onlarla yak\u0131ndan ilgilenerek bir s\u00fcre sohbet etti.<br \/>\nEngelli gen\u00e7ler ve \u00e7ocuklar taraf\u0131ndan sergilenen jimnastik, dans ve halk oyunlar\u0131 g\u00f6sterileri ile devam eden programda, G\u00f6rme Engelliler Korosu da s\u00f6yledi\u011fi \u015fark\u0131larla b\u00fcy\u00fck be\u011feni toplad\u0131. Vali \u00c7akacak ve E\u015fi \u00c7akacak engellilerle birlikte dilek balonlar\u0131n\u0131 u\u00e7urarak onlar\u0131n mutluluklar\u0131na ortak olurken, engelli \u00e7ocuklar ve gen\u00e7ler taraf\u0131ndan yap\u0131lan el i\u015fi \u00fcr\u00fcnlerin bulundu\u011fu sergiyi de gezdiler.<\/p>\n","protected":false},"excerpt":{"rendered":"<p>Mersin Valisi \u00d6zdemir \u00c7akacak, E\u015fi Kevser \u00c7akacak ile birlikte Engelliler \u015e\u00f6leni\u2019ne kat\u0131larak, engelli gen\u00e7lerin co\u015fkusuna ortak oldu. Valilik makam\u0131nda engelli \u00e7ocuklar da bulu\u015fan \u00c7akacak, \u201cEngelli vatanda\u015flar\u0131m\u0131z\u0131n toplumsal hayata rahat\u00e7a kat\u0131lmalar\u0131n\u0131 &hellip; <a href=\"https:\/\/akdenizolaygazetesi.com\/?p=1089\" class=\"more-link\">Devam\u0131n\u0131 Oku&#8230;<\/a><\/p>\n","protected":false},"author":1,"featured_media":0,"comment_status":"open","ping_status":"open","sticky":false,"template":"","format":"standard","meta":[],"categories":[],"tags":[],"_links":{"self":[{"href":"https:\/\/akdenizolaygazetesi.com\/index.php?rest_route=\/wp\/v2\/posts\/1089"}],"collection":[{"href":"https:\/\/akdenizolaygazetesi.com\/index.php?rest_route=\/wp\/v2\/posts"}],"about":[{"href":"https:\/\/akdenizolaygazetesi.com\/index.php?rest_route=\/wp\/v2\/types\/post"}],"author":[{"embeddable":true,"href":"https:\/\/akdenizolaygazetesi.com\/index.php?rest_route=\/wp\/v2\/users\/1"}],"replies":[{"embeddable":true,"href":"https:\/\/akdenizolaygazetesi.com\/index.php?rest_route=%2Fwp%2Fv2%2Fcomments&post=1089"}],"version-history":[{"count":0,"href":"https:\/\/akdenizolaygazetesi.com\/index.php?rest_route=\/wp\/v2\/posts\/1089\/revisions"}],"wp:attachment":[{"href":"https:\/\/akdenizolaygazetesi.com\/index.php?rest_route=%2Fwp%2Fv2%2Fmedia&parent=1089"}],"wp:term":[{"taxonomy":"category","embeddable":true,"href":"https:\/\/akdenizolaygazetesi.com\/index.php?rest_route=%2Fwp%2Fv2%2Fcategories&post=1089"},{"taxonomy":"post_tag","embeddable":true,"href":"https:\/\/akdenizolaygazetesi.com\/index.php?rest_route=%2Fwp%2Fv2%2Ftags&post=1089"}],"curies":[{"name":"wp","href":"https:\/\/api.w.org\/{rel}","templated":true}]}}