{"id":10890,"date":"2021-02-22T12:15:48","date_gmt":"2021-02-22T09:15:48","guid":{"rendered":"http:\/\/akdenizolaygazetesi.com\/?p=10890"},"modified":"2021-02-22T12:15:48","modified_gmt":"2021-02-22T09:15:48","slug":"buyuksehirin-corbasi-merkeze-kilometrelerce-uzakta-da-vatandaslara-ulasiyor","status":"publish","type":"post","link":"https:\/\/akdenizolaygazetesi.com\/?p=10890","title":{"rendered":"B\u00dcY\u00dcK\u015eEH\u0130R\u2019\u0130N \u00c7ORBASI MERKEZE K\u0130LOMETRELERCE UZAKTA DA VATANDA\u015eLARA ULA\u015eIYOR"},"content":{"rendered":"<p>Mersin B\u00fcy\u00fck\u015fehir Belediyesi\u2019nin \u20181 Ekmek 1 \u00c7orba\u2019 projesi Anamur, Ayd\u0131nc\u0131k, Bozyaz\u0131, Mut ve G\u00fclnar\u2019da da ba\u015flad\u0131. G\u00fcn\u00fcn ilk saatlerindeki \u00e7orba ikram\u0131 yurtta\u015flar\u0131n y\u00fcz\u00fcn\u00fc g\u00fcld\u00fcrd\u00fc. 5 il\u00e7enin daha kapsama al\u0131nmas\u0131yla birlikte proje 52 noktaya ula\u015fm\u0131\u015f oldu.<\/p>\n<p>Anamur\u2019da g\u00fcn\u00fcn ilk saatlerinde ba\u015flayan \u00e7orba ikram\u0131 \u00f6nce D-400 Karayolu\u2019nda, ard\u0131ndan Anamur Devlet Hastanesi \u00f6n\u00fcnde yap\u0131ld\u0131. Arac\u0131 ile Diyarbak\u0131r\u2019a do\u011fru seyahat ederken Anamur\u2019da B\u00fcy\u00fck\u015fehir\u2019in ikram etti\u011fi s\u0131cac\u0131k \u00e7orbadan i\u00e7en Emin \u00d6zer, \u201cDiyarbak\u0131r\u2019dan Mu\u011fla\u2019ya giderken, oradan d\u00f6n\u00fc\u015fte de buraya kadar b\u00f6yle bir hizmete rastlamad\u0131k\u201d dedi. <\/p>\n<p>B\u00fcy\u00fck\u015fehir Belediye Ba\u015fkan\u0131 Vahap Se\u00e7er\u2019in g\u00f6reve geldi\u011fi g\u00fcnden itibaren Mersin\u2019in d\u00f6rt bir yan\u0131nda ba\u015flatt\u0131\u011f\u0131 sosyal projeler vatanda\u015flar\u0131n takdirini kazan\u0131yor. Sosyal Hizmetler Dairesi\u2019nin y\u00fcr\u00fctt\u00fc\u011f\u00fc \u20181 Ekmek 1 \u00c7orba\u2019 projesi ile g\u00fcn\u00fcn ilk saatlerinde sunulan \u00e7orba ikramlar\u0131, ba\u015fta dar gelirli vatanda\u015flar olmak \u00fczere t\u00fcm Mersinliler i\u00e7in \u00f6zellikle k\u0131\u015f aylar\u0131nda daha \u00e7ok \u00f6nem kazan\u0131yor. Mersin\u2019in merkez il\u00e7elerinin ard\u0131ndan il\u00e7elere de yay\u0131lan proje ile k\u0131sa zaman i\u00e7erisinde binlerce vatanda\u015fa ula\u015f\u0131ld\u0131.<\/p>\n<p>Anamur\u2019da sabah\u0131n erken saatlerinde sunulan \u00e7orba ikram\u0131 vatanda\u015flar\u0131n g\u00f6nl\u00fcn\u00fc \u0131s\u0131tt\u0131<\/p>\n<p>Hizmet a\u011f\u0131 g\u00fcn ge\u00e7tik\u00e7e geni\u015fleyen \u20181 Ekmek 1 \u00c7orba\u2019 projesi Anamur, Ayd\u0131nc\u0131k, Bozyaz\u0131, Mut ve G\u00fclnar\u2019da da hayata ge\u00e7irildi. Sabah\u0131n ilk saatlerindeki \u00e7orba ikram\u0131 vatanda\u015flar\u0131n y\u00fcz\u00fcn\u00fc g\u00fcld\u00fcrd\u00fc. 5 il\u00e7enin daha kapsama al\u0131nmas\u0131yla birlikte proje 52 noktaya ula\u015fm\u0131\u015f oldu.<\/p>\n<p>Anamur\u2019da ilk \u00e7orba ikram\u0131 sabah saat 06.30\u2019da ba\u015flad\u0131. Ara\u00e7 ge\u00e7i\u015finin yo\u011fun oldu\u011fu D-400 Karayolu Ay Y\u0131ld\u0131zl\u0131 Kav\u015fak\u2019ta ara\u00e7lar\u0131yla ge\u00e7i\u015f yapan vatanda\u015flar, B\u00fcy\u00fck\u015fehir\u2019e ait mobil ara\u00e7la yap\u0131lan \u00e7orba ikram\u0131ndan yararland\u0131. Daha \u00f6ncesinde ara\u00e7lar\u0131 ile seyahat yapt\u0131klar\u0131 hi\u00e7bir ilin s\u0131n\u0131rlar\u0131 i\u00e7erisinde b\u00f6yle bir hizmetle kar\u015f\u0131la\u015fmad\u0131klar\u0131n\u0131 s\u00f6yleyen vatanda\u015flar, kendilerine sunulan ikramlardan dolay\u0131 memnuniyetini dile getirdi.<\/p>\n<p>\u201c\u00c7ok g\u00fczel bir \u00e7al\u0131\u015fma\u201d<\/p>\n<p>Mu\u011fla\u2019dan Diyarbak\u0131r\u2019a seyahat ederken Anamur D-400 Karayolu\u2019nda B\u00fcy\u00fck\u015fehir Belediyesi\u2019nin sundu\u011fu s\u0131cak \u00e7orba ikram\u0131ndan yararlanan Emin \u00d6zer, \u201c\u00c7ok g\u00fczel bir \u00e7al\u0131\u015fma. Hi\u00e7bir \u015fehirde b\u00f6yle bir hizmete rastlamad\u0131k. Maddi durumu ister iyi, ister k\u00f6t\u00fc olsun bu vatanda\u015fa bir memnuniyettir. Pandemiden dolay\u0131 da \u00e7ok makbule ge\u00e7en bir hizmet, \u00e7ok memnuniyet duydum\u201d dedi.<\/p>\n<p>\u201cHerkesin eline sa\u011fl\u0131k\u201d<\/p>\n<p>Anamur\u2019un Akine Mahallesi\u2019nde ya\u015fayan, sabah\u0131n erken saatlerinde gitti\u011fi hastanenin kap\u0131s\u0131nda \u00e7orba ikram\u0131ndan yararlanan Mustafa Deniz, B\u00fcy\u00fck\u015fehir\u2019in hizmetlerinden duydu\u011fu memnuniyeti ifade etti. Deniz, \u201cSabah hastaneye a\u00e7 geldim. \u00c7orbam\u0131, ekme\u011fimi ald\u0131m. B\u00f6yle bir hizmetten dolay\u0131 B\u00fcy\u00fck\u015fehir Belediye Ba\u015fkan\u0131\u2019na \u00e7ok te\u015fekk\u00fcr ediyorum. Yapt\u0131\u011f\u0131 hizmetlerden \u00e7ok memnunuz. Bizim k\u00f6y\u00fcm\u00fcze \u00f6yle bir yol yap\u0131ld\u0131 ki 50 y\u0131l\u0131ndan beri ilk defa b\u00f6yle bir hizmet ald\u0131k. \u00c7orba i\u00e7in de \u00e7ok te\u015fekk\u00fcr ediyoruz. \u00c7ok g\u00fczel, herkesin eline sa\u011fl\u0131k\u201d dedi. <\/p>\n<p>\u201cAnamur halk\u0131 i\u00e7in bu \u00e7ok g\u00fczel oldu\u201d<\/p>\n<p>Anamur\u2019da ikamet eden ve ikram edilen s\u0131cak \u00e7orbay\u0131 arabas\u0131nda i\u00e7en Salih Kutlu, \u201c\u00c7ok g\u00fczel bir hizmet.  Anamur\u2019u da unutmay\u0131p b\u00f6yle bir hizmet yapt\u0131\u011f\u0131 i\u00e7in Say\u0131n Ba\u015fkan\u0131m\u0131z\u2019a \u00e7ok te\u015fekk\u00fcr ediyoruz. Anamur halk\u0131 i\u00e7in bu \u00e7ok g\u00fczel oldu. D\u00fc\u015f\u00fcnceleri \u00e7ok g\u00fczel. Bu y\u00f6ndeki \u00e7al\u0131\u015fmalar\u0131ndan dolay\u0131 tebrik ediyorum kendisini, ba\u015far\u0131lar\u0131n\u0131n devam\u0131n\u0131 diliyorum\u201d diye konu\u015ftu.<\/p>\n<p>\u201cSosyal belediyecilik anlay\u0131\u015f\u0131n\u0131n en iyi \u00f6rneklerinden biri\u201d<\/p>\n<p>Sosyal Hizmetler Dairesi Ba\u015fkanl\u0131\u011f\u0131\u2019nda g\u00f6rev yapan Cansen Be\u015flik ise Anamur\u2019da da hayata ge\u00e7irilen projenin vatanda\u015flar\u0131n ilgi ve memnuniyetiyle kar\u015f\u0131land\u0131\u011f\u0131n\u0131 belirterek, \u015funlar\u0131 s\u00f6yledi:<\/p>\n<p>\u201cMersin B\u00fcy\u00fck\u015fehir Belediye Ba\u015fkan\u0131m\u0131z Say\u0131n Vahap Se\u00e7er\u2019in \u00f6nc\u00fcl\u00fc\u011f\u00fcnde ger\u00e7ekle\u015ftirilen \u20181 Ekmek 1 \u00c7orba\u2019 projesi 2\u2019nci b\u00f6lgede, Anamur il\u00e7emizde ba\u015flam\u0131\u015f bulunmaktad\u0131r. Sabah 06:30 ile 08:30 saatleri aras\u0131 D-400 Karayolu\u2019nda bulunan Ay Y\u0131ld\u0131zl\u0131 Kav\u015fak\u2019ta ba\u015flay\u0131p ard\u0131ndan Anamur Devlet Hastanesi \u00f6n\u00fcnde de devam etmektedir. Pandemi s\u00fcrecinde bu hizmetimiz, vatanda\u015f\u0131m\u0131z\u0131n y\u00fcz\u00fcn\u00fc g\u00fcld\u00fcrd\u00fc. \u0130\u00e7ini \u0131s\u0131tt\u0131. Sosyal belediyecilik anlay\u0131\u015f\u0131n\u0131n en iyi \u00f6rneklerinden biri. Mersin B\u00fcy\u00fck\u015fehir Belediye Ba\u015fkan\u0131m\u0131z Vahap Se\u00e7er\u2019e te\u015fekk\u00fcr ediyoruz.\u201d<\/p>\n","protected":false},"excerpt":{"rendered":"<p>Mersin B\u00fcy\u00fck\u015fehir Belediyesi\u2019nin \u20181 Ekmek 1 \u00c7orba\u2019 projesi Anamur, Ayd\u0131nc\u0131k, Bozyaz\u0131, Mut ve G\u00fclnar\u2019da da ba\u015flad\u0131. G\u00fcn\u00fcn ilk saatlerindeki \u00e7orba ikram\u0131 yurtta\u015flar\u0131n y\u00fcz\u00fcn\u00fc g\u00fcld\u00fcrd\u00fc. 5 il\u00e7enin daha kapsama al\u0131nmas\u0131yla birlikte &hellip; <a href=\"https:\/\/akdenizolaygazetesi.com\/?p=10890\" class=\"more-link\">Devam\u0131n\u0131 Oku&#8230;<\/a><\/p>\n","protected":false},"author":2,"featured_media":10891,"comment_status":"open","ping_status":"open","sticky":false,"template":"","format":"standard","meta":[],"categories":[34,1,2,3,5],"tags":[],"_links":{"self":[{"href":"https:\/\/akdenizolaygazetesi.com\/index.php?rest_route=\/wp\/v2\/posts\/10890"}],"collection":[{"href":"https:\/\/akdenizolaygazetesi.com\/index.php?rest_route=\/wp\/v2\/posts"}],"about":[{"href":"https:\/\/akdenizolaygazetesi.com\/index.php?rest_route=\/wp\/v2\/types\/post"}],"author":[{"embeddable":true,"href":"https:\/\/akdenizolaygazetesi.com\/index.php?rest_route=\/wp\/v2\/users\/2"}],"replies":[{"embeddable":true,"href":"https:\/\/akdenizolaygazetesi.com\/index.php?rest_route=%2Fwp%2Fv2%2Fcomments&post=10890"}],"version-history":[{"count":1,"href":"https:\/\/akdenizolaygazetesi.com\/index.php?rest_route=\/wp\/v2\/posts\/10890\/revisions"}],"predecessor-version":[{"id":10892,"href":"https:\/\/akdenizolaygazetesi.com\/index.php?rest_route=\/wp\/v2\/posts\/10890\/revisions\/10892"}],"wp:featuredmedia":[{"embeddable":true,"href":"https:\/\/akdenizolaygazetesi.com\/index.php?rest_route=\/wp\/v2\/media\/10891"}],"wp:attachment":[{"href":"https:\/\/akdenizolaygazetesi.com\/index.php?rest_route=%2Fwp%2Fv2%2Fmedia&parent=10890"}],"wp:term":[{"taxonomy":"category","embeddable":true,"href":"https:\/\/akdenizolaygazetesi.com\/index.php?rest_route=%2Fwp%2Fv2%2Fcategories&post=10890"},{"taxonomy":"post_tag","embeddable":true,"href":"https:\/\/akdenizolaygazetesi.com\/index.php?rest_route=%2Fwp%2Fv2%2Ftags&post=10890"}],"curies":[{"name":"wp","href":"https:\/\/api.w.org\/{rel}","templated":true}]}}