{"id":10893,"date":"2021-02-22T12:20:39","date_gmt":"2021-02-22T09:20:39","guid":{"rendered":"http:\/\/akdenizolaygazetesi.com\/?p=10893"},"modified":"2021-02-22T12:20:39","modified_gmt":"2021-02-22T09:20:39","slug":"saglikli-bir-akdeniz-icin-turuncu-hareket","status":"publish","type":"post","link":"https:\/\/akdenizolaygazetesi.com\/?p=10893","title":{"rendered":"SA\u011eLIKLI B\u0130R AKDEN\u0130Z \u0130\u00c7\u0130N TURUNCU HAREKET"},"content":{"rendered":"<p>Akdeniz Belediyesi, narenciye \u00fcr\u00fcnlerine kar\u015f\u0131 fark\u0131ndal\u0131k yaratarak t\u00fcketimini \u00f6zendirmek, ayr\u0131ca havalar\u0131n so\u011fudu\u011fu bug\u00fcnlerde vatanda\u015flar\u0131n v\u00fccut direncini artt\u0131rmalar\u0131n\u0131 sa\u011flamak amac\u0131yla narenciye suyu da\u011f\u0131tt\u0131.<\/p>\n<p>Akdeniz Belediyesi K\u00fclt\u00fcr ve Sosyal \u0130\u015fler M\u00fcd\u00fcrl\u00fc\u011f\u00fc taraf\u0131ndan, \u201cTuruncu Hareket&#8217;\u201d ad\u0131yla organize edilen renkli bir etkinli\u011fe imza at\u0131ld\u0131. T\u00fcrkiye\u2019nin \u00f6nemli narenciye depolar\u0131ndan biri olan Mersin\u2019de; hem narenciye t\u00fcketimini \u00f6zendirip artt\u0131rmak, hem de havalar\u0131n so\u011fudu\u011fu bu g\u00fcnlerde v\u00fccut direncini artt\u0131rmak, ayr\u0131ca salg\u0131na kar\u015f\u0131 g\u00fc\u00e7lenmek i\u00e7in Akdenizlilere taze s\u0131k\u0131lm\u0131\u015f portakal suyu ikram edildi.<\/p>\n<p>Narenciye t\u00fcketimini \u00f6zendirmek amac\u0131yla d\u00fczenlenen ve vatanda\u015flar\u0131n yo\u011fun ilgi ve be\u011fenisi alt\u0131nda ger\u00e7ekle\u015fen etkinlik hakk\u0131nda bir de\u011ferlendirme yapan Akdeniz Belediye Ba\u015fkan\u0131 M. Mustafa G\u00fcltak; \u201cNarenciye cenneti olan kentimizde g\u00fczel ve \u00f6rnek bir fark\u0131ndal\u0131k yaratarak, \u00e7ift\u00e7ilerimizden alm\u0131\u015f oldu\u011fumuz portakallar\u0131 taze s\u0131k\u0131lm\u0131\u015f \u015fekilde, kentin caddelerinde ve belediye binas\u0131na gelen vatanda\u015flar\u0131m\u0131za da\u011f\u0131tt\u0131k. B\u00f6ylece, hem i\u00e7inde bulundu\u011fumuz zorlu Pandemi s\u00fcrecinde vatanda\u015flar\u0131m\u0131z\u0131n C vitamini almas\u0131n\u0131 sa\u011flay\u0131p ba\u011f\u0131\u015f\u0131kl\u0131k sistemlerini g\u00fc\u00e7lendiriyor, hem de \u00fcreticilerimize destek oluyoruz. Akdeniz\u2019de, \u00fcreticilerimize y\u00f6nelik desteklerimizle birlikte, fark\u0131ndal\u0131k yaratan etkinliklerimiz devam edecek\u201d diye konu\u015ftu.<\/p>\n","protected":false},"excerpt":{"rendered":"<p>Akdeniz Belediyesi, narenciye \u00fcr\u00fcnlerine kar\u015f\u0131 fark\u0131ndal\u0131k yaratarak t\u00fcketimini \u00f6zendirmek, ayr\u0131ca havalar\u0131n so\u011fudu\u011fu bug\u00fcnlerde vatanda\u015flar\u0131n v\u00fccut direncini artt\u0131rmalar\u0131n\u0131 sa\u011flamak amac\u0131yla narenciye suyu da\u011f\u0131tt\u0131. Akdeniz Belediyesi K\u00fclt\u00fcr ve Sosyal \u0130\u015fler M\u00fcd\u00fcrl\u00fc\u011f\u00fc taraf\u0131ndan, &hellip; <a href=\"https:\/\/akdenizolaygazetesi.com\/?p=10893\" class=\"more-link\">Devam\u0131n\u0131 Oku&#8230;<\/a><\/p>\n","protected":false},"author":2,"featured_media":10895,"comment_status":"open","ping_status":"open","sticky":false,"template":"","format":"standard","meta":[],"categories":[34,1,2,3,5],"tags":[],"_links":{"self":[{"href":"https:\/\/akdenizolaygazetesi.com\/index.php?rest_route=\/wp\/v2\/posts\/10893"}],"collection":[{"href":"https:\/\/akdenizolaygazetesi.com\/index.php?rest_route=\/wp\/v2\/posts"}],"about":[{"href":"https:\/\/akdenizolaygazetesi.com\/index.php?rest_route=\/wp\/v2\/types\/post"}],"author":[{"embeddable":true,"href":"https:\/\/akdenizolaygazetesi.com\/index.php?rest_route=\/wp\/v2\/users\/2"}],"replies":[{"embeddable":true,"href":"https:\/\/akdenizolaygazetesi.com\/index.php?rest_route=%2Fwp%2Fv2%2Fcomments&post=10893"}],"version-history":[{"count":1,"href":"https:\/\/akdenizolaygazetesi.com\/index.php?rest_route=\/wp\/v2\/posts\/10893\/revisions"}],"predecessor-version":[{"id":10896,"href":"https:\/\/akdenizolaygazetesi.com\/index.php?rest_route=\/wp\/v2\/posts\/10893\/revisions\/10896"}],"wp:featuredmedia":[{"embeddable":true,"href":"https:\/\/akdenizolaygazetesi.com\/index.php?rest_route=\/wp\/v2\/media\/10895"}],"wp:attachment":[{"href":"https:\/\/akdenizolaygazetesi.com\/index.php?rest_route=%2Fwp%2Fv2%2Fmedia&parent=10893"}],"wp:term":[{"taxonomy":"category","embeddable":true,"href":"https:\/\/akdenizolaygazetesi.com\/index.php?rest_route=%2Fwp%2Fv2%2Fcategories&post=10893"},{"taxonomy":"post_tag","embeddable":true,"href":"https:\/\/akdenizolaygazetesi.com\/index.php?rest_route=%2Fwp%2Fv2%2Ftags&post=10893"}],"curies":[{"name":"wp","href":"https:\/\/api.w.org\/{rel}","templated":true}]}}