{"id":10897,"date":"2021-02-22T12:25:34","date_gmt":"2021-02-22T09:25:34","guid":{"rendered":"http:\/\/akdenizolaygazetesi.com\/?p=10897"},"modified":"2021-02-22T12:25:34","modified_gmt":"2021-02-22T09:25:34","slug":"akdeniz-belediyesi-karacailyas-mesire-alanini-yeniliyor","status":"publish","type":"post","link":"https:\/\/akdenizolaygazetesi.com\/?p=10897","title":{"rendered":"AKDEN\u0130Z BELED\u0130YES\u0130, KARACA\u0130LYAS MES\u0130RE ALANINI YEN\u0130L\u0130YOR"},"content":{"rendered":"<p>Akdeniz Belediyesi, her ya\u015f ve kesimden il\u00e7e sakininin, ailecek piknik yapmak ve dinlenip temiz hava almak i\u00e7in tercih etti\u011fi Karacailyas Futbol Sahas\u0131 ile Deli \u00c7ay\u2019\u0131n aras\u0131nda yer alan mesire alan\u0131nda kapsaml\u0131 yenileme ba\u015flatt\u0131.<\/p>\n<p>Akdeniz Belediyesi Park ve Bah\u00e7eler M\u00fcd\u00fcrl\u00fc\u011f\u00fc, yakla\u015fan ilkbaharla birlikte, parklar, ye\u015fil alanlar ve vatanda\u015flar\u0131n ailecek u\u011frad\u0131klar\u0131 mesire yerlerinde yenileme, bak\u0131m ve onar\u0131m \u00e7al\u0131\u015fmalar\u0131n\u0131 h\u0131zland\u0131rd\u0131. Ekipler, son olarak Karacailyas Mahallesi\u2019nde bulunan ve \u00f6zellikle yaz aylar\u0131nda vatanda\u015flar\u0131n u\u011frak mek\u00e2n\u0131 olan korulukta \u00e7al\u0131\u015fma ba\u015flatt\u0131. Deli \u00c7ay\u2019\u0131n hemen yan\u0131nda bulunan ye\u015fil alandaki a\u011fa\u00e7lar\u0131 buday\u0131p \u00e7imleri bi\u00e7en ve genel temizlik \u00e7al\u0131\u015fmas\u0131 yapan ekipler, mesire alan\u0131nda bulunan oturma gruplar\u0131n\u0131 da yeniledi.<\/p>\n<p>Yeni masalar konuldu, spor aletleri ile oyun gruplar\u0131 yenilenecek<\/p>\n<p>Zaman i\u00e7inde zarar g\u00f6ren, ancak kullan\u0131m\u0131 m\u00fcmk\u00fcn olan oturma gruplar\u0131n\u0131 da tadilattan ge\u00e7irip boyayan park ve bah\u00e7eler m\u00fcd\u00fcrl\u00fc\u011f\u00fc ekipleri, piknik\u00e7i aileler i\u00e7in de ormanl\u0131k alana yeni piknik masalar\u0131 yerle\u015ftirdi. Karacailyas Spor Tesisi\u2019nin \u00f6n\u00fcm\u00fczdeki g\u00fcnlerde ba\u015flayacak olan yenilenme projesiyle birlikte, ayr\u0131ca her ya\u015f ve kesimden vatanda\u015f\u0131n ilgi g\u00f6sterdi\u011fi mesire alan\u0131nda mevcutta bulunan spor aletleri ve \u00e7ocuk oyun gruplar\u0131 da yenileriyle de\u011fi\u015ftirilecek.<\/p>\n","protected":false},"excerpt":{"rendered":"<p>Akdeniz Belediyesi, her ya\u015f ve kesimden il\u00e7e sakininin, ailecek piknik yapmak ve dinlenip temiz hava almak i\u00e7in tercih etti\u011fi Karacailyas Futbol Sahas\u0131 ile Deli \u00c7ay\u2019\u0131n aras\u0131nda yer alan mesire alan\u0131nda &hellip; <a href=\"https:\/\/akdenizolaygazetesi.com\/?p=10897\" class=\"more-link\">Devam\u0131n\u0131 Oku&#8230;<\/a><\/p>\n","protected":false},"author":2,"featured_media":10899,"comment_status":"open","ping_status":"open","sticky":false,"template":"","format":"standard","meta":[],"categories":[34,1,2,3,5],"tags":[],"_links":{"self":[{"href":"https:\/\/akdenizolaygazetesi.com\/index.php?rest_route=\/wp\/v2\/posts\/10897"}],"collection":[{"href":"https:\/\/akdenizolaygazetesi.com\/index.php?rest_route=\/wp\/v2\/posts"}],"about":[{"href":"https:\/\/akdenizolaygazetesi.com\/index.php?rest_route=\/wp\/v2\/types\/post"}],"author":[{"embeddable":true,"href":"https:\/\/akdenizolaygazetesi.com\/index.php?rest_route=\/wp\/v2\/users\/2"}],"replies":[{"embeddable":true,"href":"https:\/\/akdenizolaygazetesi.com\/index.php?rest_route=%2Fwp%2Fv2%2Fcomments&post=10897"}],"version-history":[{"count":1,"href":"https:\/\/akdenizolaygazetesi.com\/index.php?rest_route=\/wp\/v2\/posts\/10897\/revisions"}],"predecessor-version":[{"id":10900,"href":"https:\/\/akdenizolaygazetesi.com\/index.php?rest_route=\/wp\/v2\/posts\/10897\/revisions\/10900"}],"wp:featuredmedia":[{"embeddable":true,"href":"https:\/\/akdenizolaygazetesi.com\/index.php?rest_route=\/wp\/v2\/media\/10899"}],"wp:attachment":[{"href":"https:\/\/akdenizolaygazetesi.com\/index.php?rest_route=%2Fwp%2Fv2%2Fmedia&parent=10897"}],"wp:term":[{"taxonomy":"category","embeddable":true,"href":"https:\/\/akdenizolaygazetesi.com\/index.php?rest_route=%2Fwp%2Fv2%2Fcategories&post=10897"},{"taxonomy":"post_tag","embeddable":true,"href":"https:\/\/akdenizolaygazetesi.com\/index.php?rest_route=%2Fwp%2Fv2%2Ftags&post=10897"}],"curies":[{"name":"wp","href":"https:\/\/api.w.org\/{rel}","templated":true}]}}