{"id":1090,"date":"2020-11-04T18:21:41","date_gmt":"2020-11-04T15:21:41","guid":{"rendered":"http:\/\/mersinekonomipolitikagazetesi.com\/?p=1090"},"modified":"2020-11-04T18:21:41","modified_gmt":"2020-11-04T15:21:41","slug":"baro-baskani-er-engelli-haklari-yeterince-algilanmiyor","status":"publish","type":"post","link":"https:\/\/akdenizolaygazetesi.com\/?p=1090","title":{"rendered":"Baro Ba\u015fkan\u0131 Er: \u201cEngelli haklar\u0131 yeterince alg\u0131lanm\u0131yor\u201d"},"content":{"rendered":"<p>Mersin Barosu Ba\u015fkan\u0131 Ali Er, engelli haklar\u0131, Anayasaya g\u00f6re bir temel hak ve \u00f6zg\u00fcrl\u00fck kapsam\u0131nda olmas\u0131na ra\u011fmen, bu haklar\u0131n yeterince alg\u0131lanmad\u0131\u011f\u0131n\u0131 belirterek, \u201cBu \u00f6zel vatanda\u015flar\u0131m\u0131z\u0131n hayatlar\u0131n\u0131 daha da kolayla\u015ft\u0131r\u0131c\u0131 yasal d\u00fczenlemeler yap\u0131lmal\u0131, engelli maa\u015flar\u0131, engellinin ihtiyac\u0131na ba\u011fl\u0131, hakkaniyete ve insan onuruna uygun olarak iyile\u015ftirilmelidir\u201d dedi.<\/p>\n<p>Baro Ba\u015fkan\u0131 Er, Engelliler Haftas\u0131 dolay\u0131s\u0131yla yaz\u0131l\u0131 bir a\u00e7\u0131klama yapt\u0131. A\u00e7\u0131klamas\u0131nda, 10-16 May\u0131s tarihlerinin Engelliler Haftas\u0131 olarak kutland\u0131\u011f\u0131n\u0131 an\u0131msatan Er, \u201cHer ne kadar bu \u00f6zel insanlar\u0131m\u0131z\u0131 ifade etmek i\u00e7in engelli tabiri kullan\u0131lsa da asl\u0131nda buradaki engel tan\u0131m\u0131, hayat\u0131n \u00e7e\u015fitli alanlar\u0131nda onlar\u0131n kar\u015f\u0131la\u015ft\u0131\u011f\u0131 engeller anlam\u0131ndad\u0131r. Her insan kendisini onlar gibi g\u00f6rmeli ve ya\u015famal\u0131d\u0131r. Bilinmelidir ki, bug\u00fcn sa\u011fl\u0131kl\u0131 olan bir insana da hayat\u0131n neler getirece\u011fini kimse bilemez. Bir an hi\u00e7 konu\u015famad\u0131\u011f\u0131n\u0131z\u0131, g\u00f6remedi\u011finizi, y\u00fcr\u00fcyemedi\u011finizi veya duyamad\u0131\u011f\u0131n\u0131z\u0131 d\u00fc\u015f\u00fcnd\u00fcn\u00fcz m\u00fc? Bu duygular\u0131n nas\u0131l oldu\u011funu bilmiyoruz belki ama g\u00fcn\u00fcm\u00fczde bir\u00e7ok insan bunlar\u0131 ya\u015f\u0131yor\u201d ifadelerini kulland\u0131.<br \/>\n\u201cEngelli haklar\u0131 yeterince alg\u0131lanm\u0131yor\u201d<br \/>\n\u00c7e\u015fitli nedenlerle insanlar\u0131n engelli olarak ya\u015famaya mecbur kald\u0131klar\u0131na dikkat \u00e7eken Er, engelli haklar\u0131na ili\u015fkin \u015funlar\u0131 kaydetti: \u201cEngelli haklar\u0131, Anayasaya g\u00f6re bir temel hak ve \u00f6zg\u00fcrl\u00fck kapsam\u0131nda olmas\u0131na ra\u011fmen, toplumumuzda halen tam anlam\u0131 ile kabul g\u00f6rmedi\u011fini, bu haklar\u0131n yeterince alg\u0131lanmad\u0131\u011f\u0131n\u0131, insanlar\u0131m\u0131zda bu anlamda tam bir duyarl\u0131l\u0131k olu\u015fmad\u0131\u011f\u0131n\u0131 g\u00f6rmekteyiz. Engellilerin yararlanmas\u0131 i\u00e7in yap\u0131lan fiziksel mekanlar\u0131n engellilerin d\u0131\u015f\u0131ndaki ki\u015filer taraf\u0131ndan kullan\u0131ld\u0131\u011f\u0131n\u0131, engelli insanlar\u0131m\u0131z\u0131n haklar\u0131n\u0131n engellendi\u011fini, engelli ara\u00e7 park yerlerinin i\u015fgal edilmesi, tekerlekli sandalye rampalar\u0131na ara\u00e7lar\u0131n park edilmesi gibi durumlar\u0131 s\u0131k\u00e7a g\u00f6rmekteyiz.<br \/>\nEngellerin kald\u0131r\u0131lmas\u0131 bak\u0131m\u0131ndan devletimize, belediyelerimize, \u00fcniversitelerimize, sivil toplum kurulu\u015flar\u0131m\u0131za ve tek tek her bireye \u00f6nemli g\u00f6revler d\u00fc\u015fmektedir. Bu konuda toplumsal bilin\u00e7 yarat\u0131lmas\u0131 da gene ayn\u0131 derecede \u00f6nemlidir.\u201d<br \/>\nBu noktada belediyelere b\u00fcy\u00fck g\u00f6revler d\u00fc\u015ft\u00fc\u011f\u00fcn\u00fc vurgulayan Er, \u201cEngellilerin yararland\u0131\u011f\u0131 kald\u0131r\u0131mlar, parklar, engelli ara\u00e7lar\u0131n\u0131n park yerleri, \u00f6zel ve kamuya ait i\u015fyerlerinin engellilerin yararlanmas\u0131na uygun \u015fekilde d\u00fczenlenmesi, engellilerin hizmete eri\u015fmesini sa\u011flayarak toplumumuzun t\u00fcm bireyleri ile kayna\u015fmalar\u0131n\u0131 sa\u011flayacakt\u0131r. Bu \u00f6zel vatanda\u015flar\u0131m\u0131z\u0131n hayatlar\u0131n\u0131 daha da kolayla\u015ft\u0131r\u0131c\u0131 yasal d\u00fczenlemeler yap\u0131lmal\u0131, SGK mevzuat\u0131na dayan\u0131larak verilen engelli maa\u015flar\u0131, engellinin ihtiyac\u0131na ba\u011fl\u0131, hakkaniyete ve insan onuruna uygun olarak iyile\u015ftirilmelidir. Adliye binalar\u0131m\u0131zda da engellilerin hizmete eri\u015fmesinde \u00f6nemli bir katk\u0131 sa\u011flayaca\u011f\u0131n\u0131 d\u00fc\u015f\u00fcnd\u00fc\u011f\u00fcm\u00fcz bu y\u00f6ndeki hizmetlerin daha da geli\u015ftirilmesi i\u00e7in \u00e7al\u0131\u015fmalar yapaca\u011f\u0131z. Engellilerimizin hi\u00e7 kimsenin yard\u0131m\u0131na ihtiya\u00e7 duymadan, \u00fclkenin t\u00fcm imkanlar\u0131ndan yararlanabilmelerinin \u00f6n\u00fcndeki yasal, fiziki ve sosyal engellerin bir an \u00f6nce kald\u0131r\u0131lmas\u0131 gerekir. \u2018E\u015fit hayat hakk\u0131\u2019 m\u00fccadelesi verdi\u011fimiz engelli meslekta\u015flar\u0131m\u0131z\u0131n ve vatanda\u015flar\u0131m\u0131z\u0131n yan\u0131nda oldu\u011fumuzu bildiriyor ve herkesi bu konuda fark\u0131ndal\u0131\u011fa davet ediyoruz. T\u00fcm engelli vatanda\u015flar\u0131m\u0131z\u0131n \u00f6zel haftas\u0131n\u0131 kutlar, esenlikler dilerim\u201d dedi.<\/p>\n","protected":false},"excerpt":{"rendered":"<p>Mersin Barosu Ba\u015fkan\u0131 Ali Er, engelli haklar\u0131, Anayasaya g\u00f6re bir temel hak ve \u00f6zg\u00fcrl\u00fck kapsam\u0131nda olmas\u0131na ra\u011fmen, bu haklar\u0131n yeterince alg\u0131lanmad\u0131\u011f\u0131n\u0131 belirterek, \u201cBu \u00f6zel vatanda\u015flar\u0131m\u0131z\u0131n hayatlar\u0131n\u0131 daha da kolayla\u015ft\u0131r\u0131c\u0131 yasal &hellip; <a href=\"https:\/\/akdenizolaygazetesi.com\/?p=1090\" class=\"more-link\">Devam\u0131n\u0131 Oku&#8230;<\/a><\/p>\n","protected":false},"author":1,"featured_media":0,"comment_status":"open","ping_status":"open","sticky":false,"template":"","format":"standard","meta":[],"categories":[],"tags":[],"_links":{"self":[{"href":"https:\/\/akdenizolaygazetesi.com\/index.php?rest_route=\/wp\/v2\/posts\/1090"}],"collection":[{"href":"https:\/\/akdenizolaygazetesi.com\/index.php?rest_route=\/wp\/v2\/posts"}],"about":[{"href":"https:\/\/akdenizolaygazetesi.com\/index.php?rest_route=\/wp\/v2\/types\/post"}],"author":[{"embeddable":true,"href":"https:\/\/akdenizolaygazetesi.com\/index.php?rest_route=\/wp\/v2\/users\/1"}],"replies":[{"embeddable":true,"href":"https:\/\/akdenizolaygazetesi.com\/index.php?rest_route=%2Fwp%2Fv2%2Fcomments&post=1090"}],"version-history":[{"count":0,"href":"https:\/\/akdenizolaygazetesi.com\/index.php?rest_route=\/wp\/v2\/posts\/1090\/revisions"}],"wp:attachment":[{"href":"https:\/\/akdenizolaygazetesi.com\/index.php?rest_route=%2Fwp%2Fv2%2Fmedia&parent=1090"}],"wp:term":[{"taxonomy":"category","embeddable":true,"href":"https:\/\/akdenizolaygazetesi.com\/index.php?rest_route=%2Fwp%2Fv2%2Fcategories&post=1090"},{"taxonomy":"post_tag","embeddable":true,"href":"https:\/\/akdenizolaygazetesi.com\/index.php?rest_route=%2Fwp%2Fv2%2Ftags&post=1090"}],"curies":[{"name":"wp","href":"https:\/\/api.w.org\/{rel}","templated":true}]}}