{"id":10901,"date":"2021-02-22T16:21:15","date_gmt":"2021-02-22T13:21:15","guid":{"rendered":"http:\/\/akdenizolaygazetesi.com\/?p=10901"},"modified":"2021-02-22T16:21:15","modified_gmt":"2021-02-22T13:21:15","slug":"toroslar-yamac-parasutuyle-bir-baska-guzel","status":"publish","type":"post","link":"https:\/\/akdenizolaygazetesi.com\/?p=10901","title":{"rendered":"TOROSLAR, YAMA\u00c7 PARA\u015e\u00dcT\u00dcYLE B\u0130R BA\u015eKA G\u00dcZEL"},"content":{"rendered":"<p>&#8220;Semalarda, \u015eanl\u0131 T\u00fcrk Bayra\u011f\u0131  Dalgaland\u0131&#8221;<\/p>\n<p>Toroslar&#8217;\u0131n 1453 rak\u0131ml\u0131 Arslank\u00f6y Yaylas\u0131, yama\u00e7 para\u015f\u00fct\u00fc  tutkunlar\u0131n\u0131 a\u011f\u0131rlad\u0131. Sporcular, kar manzaras\u0131 e\u015fli\u011finde Toroslar&#8217;\u0131n semalar\u0131nda do\u011fan\u0131n keyfini \u00e7\u0131kar\u0131rken, \u015fanl\u0131 T\u00fcrk Bayra\u011f\u0131&#8217;n\u0131 da dalgaland\u0131rd\u0131.<\/p>\n<p>Toroslar Belediye Ba\u015fkan\u0131 Ats\u0131z Af\u015f\u0131n Y\u0131lmaz; &#8220;Toroslar\u0131m\u0131z, bir\u00e7ok spor  aktiviteleri i\u00e7in uygun bir do\u011faya sahip. Bu sporlardan bir tanesi olan yama\u00e7 para\u015f\u00fct\u00fcne elveri\u015fli alanlar\u0131m\u0131z da mevcut. T\u00fcm sporcular\u0131 b\u00f6lgemize bekliyoruz. Sporun ve sporcunun her zaman yan\u0131nday\u0131z&#8221; dedi.<\/p>\n<p>Mersin&#8217;de ilk ve tek olan Kar Festivali ile turizm ve do\u011fa sporlar\u0131 alan\u0131nda fark\u0131n\u0131 ortaya koyan Toroslar Belediyesi, yama\u00e7 para\u015f\u00fct\u00fc sporunda da g\u00f6zde merkezler aras\u0131nda yerini almay\u0131 ba\u015fard\u0131.<\/p>\n<p>Mersinli bir grup para\u015f\u00fct\u00e7\u00fc, Arslank\u00f6y&#8217;\u00fcn Yaylac\u0131k tepesinden atlay\u0131\u015f yaparak kar manzaras\u0131 e\u015fli\u011finde u\u00e7tu. Uzun bir t\u0131rman\u0131\u015f\u0131n ard\u0131ndan haz\u0131rl\u0131klar\u0131n\u0131 tamamlayan sporcular, 20 dakikal\u0131k u\u00e7u\u015fun ard\u0131ndan ise Toroslar Belediyesi&#8217;nin Kar Festivali alan\u0131na ini\u015f yapt\u0131.<\/p>\n<p>1 Mart Arslank\u00f6y&#8217;\u00fcn D\u00fc\u015fman \u0130\u015fgalinden Kurtulu\u015fu&#8217;nun 101. y\u0131l d\u00f6n\u00fcm\u00fcne ithafen de havalanan para\u015f\u00fct\u00e7\u00fcler, vatan u\u011fruna can\u0131n\u0131 fedan eden \u015fehitlerimiz i\u00e7in ay y\u0131ld\u0131zl\u0131 al bayra\u011f\u0131m\u0131z\u0131 semalarda dalgaland\u0131rd\u0131.<\/p>\n<p>Mersinli para\u015f\u00fct\u00e7\u00fc Mustafa Ayd\u0131n Ayhan, Toroslar&#8217;\u0131n co\u011frafi \u00f6zellikleri bak\u0131m\u0131ndan yama\u00e7 para\u015f\u00fct\u00fc sporuna uygun bir b\u00f6lge oldu\u011funu ve bu y\u00f6nden de ilgilerini \u00e7ekti\u011fini s\u00f6yledi.<\/p>\n<p>Yama\u00e7 para\u015f\u00fct\u00fc sporuna destek veren Toroslar Belediye Ba\u015fkan Ats\u0131z Af\u015f\u0131n Y\u0131lmaz&#8217;a te\u015fekk\u00fcr eden Ayhan; &#8220;11  ki\u015filik bir grupla Arslank\u00f6y Yaylac\u0131k Tepesi&#8217;ne geldik. Buras\u0131 yama\u00e7 para\u015f\u00fct\u00fc i\u00e7in \u00e7ok uygun bir alan. Tepeye ula\u015f\u0131m\u0131m\u0131z konusunda Toroslar Belediyemiz her t\u00fcrl\u00fc imkan\u0131 sa\u011flad\u0131. U\u00e7u\u015fun ard\u0131ndan inece\u011fimiz yer de Toroslar Belediyemizin Kar Festivali yapt\u0131\u011f\u0131 alan. Belediye Ba\u015fkan\u0131m\u0131z Say\u0131n Ats\u0131z Af\u015f\u0131n Y\u0131lmaz, yama\u00e7 para\u015f\u00fct\u00fc sporuna b\u00fcy\u00fck destek vermektedir. Kendisine \u00e7ok te\u015fekk\u00fcr ederiz. Burada kar manzaras\u0131 e\u015fli\u011finde u\u00e7u\u015f yapman\u0131n keyfini \u00e7\u0131kar\u0131yoruz. Bu u\u00e7u\u015fu ayn\u0131  zamanda 1 Mart Arslank\u00f6y&#8217;\u00fcn D\u00fc\u015fman \u0130\u015fgalinden Kurtulu\u015funun y\u0131l d\u00f6n\u00fcm\u00fcne ithafen de ger\u00e7ekle\u015ftirdik. Bu vesileyle t\u00fcm \u015fehitlerimize Allah&#8217;tan rahmet diliyoruz&#8221; dedi<\/p>\n<p>Ba\u015fkan Y\u0131lmaz: &#8220;Yama\u00e7 Para\u015f\u00fct\u00fc, \u0130l\u00e7emizin Tan\u0131t\u0131m\u0131na Katk\u0131 Sa\u011flayacak&#8221;<\/p>\n<p>Toroslar Belediye Ba\u015fkan\u0131 Ats\u0131z Af\u015f\u0131n Y\u0131lmaz da Mersin&#8217;de yama\u00e7 para\u015f\u00fct\u00fcn\u00fcn daha fazla ilgi g\u00f6rmesi i\u00e7in \u00e7al\u0131\u015fmalar yapt\u0131klar\u0131n\u0131 kaydederek; &#8220;Bu sporu yayg\u0131nla\u015ft\u0131rmay\u0131 ve Toroslar\u0131m\u0131z\u0131n e\u015fsiz g\u00fczelliklerini \u00f6n plana \u00e7\u0131karmay\u0131 ama\u00e7l\u0131yoruz&#8221; diye konu\u015ftu.<\/p>\n<p>Yama\u00e7 para\u015f\u00fct\u00fc i\u00e7in Toroslar&#8217;\u0131n  tercih edilen bir b\u00f6lge olmas\u0131n\u0131n do\u011fa sporlar\u0131n\u0131n geli\u015fmesi i\u00e7in de \u00f6nemli oldu\u011funu kaydeden Ba\u015fkan Y\u0131lmaz; &#8220;Bu sporu il\u00e7emizde daha da geli\u015ftirece\u011fiz. Bu aktivitelerle il\u00e7emizin tan\u0131t\u0131m\u0131na katk\u0131 sa\u011flayaca\u011f\u0131z &#8221; ifadelerini kulland\u0131.<\/p>\n","protected":false},"excerpt":{"rendered":"<p>&#8220;Semalarda, \u015eanl\u0131 T\u00fcrk Bayra\u011f\u0131 Dalgaland\u0131&#8221; Toroslar&#8217;\u0131n 1453 rak\u0131ml\u0131 Arslank\u00f6y Yaylas\u0131, yama\u00e7 para\u015f\u00fct\u00fc tutkunlar\u0131n\u0131 a\u011f\u0131rlad\u0131. Sporcular, kar manzaras\u0131 e\u015fli\u011finde Toroslar&#8217;\u0131n semalar\u0131nda do\u011fan\u0131n keyfini \u00e7\u0131kar\u0131rken, \u015fanl\u0131 T\u00fcrk Bayra\u011f\u0131&#8217;n\u0131 da dalgaland\u0131rd\u0131. Toroslar Belediye &hellip; <a href=\"https:\/\/akdenizolaygazetesi.com\/?p=10901\" class=\"more-link\">Devam\u0131n\u0131 Oku&#8230;<\/a><\/p>\n","protected":false},"author":2,"featured_media":10902,"comment_status":"open","ping_status":"open","sticky":false,"template":"","format":"standard","meta":[],"categories":[34,1,2,3,5],"tags":[],"_links":{"self":[{"href":"https:\/\/akdenizolaygazetesi.com\/index.php?rest_route=\/wp\/v2\/posts\/10901"}],"collection":[{"href":"https:\/\/akdenizolaygazetesi.com\/index.php?rest_route=\/wp\/v2\/posts"}],"about":[{"href":"https:\/\/akdenizolaygazetesi.com\/index.php?rest_route=\/wp\/v2\/types\/post"}],"author":[{"embeddable":true,"href":"https:\/\/akdenizolaygazetesi.com\/index.php?rest_route=\/wp\/v2\/users\/2"}],"replies":[{"embeddable":true,"href":"https:\/\/akdenizolaygazetesi.com\/index.php?rest_route=%2Fwp%2Fv2%2Fcomments&post=10901"}],"version-history":[{"count":1,"href":"https:\/\/akdenizolaygazetesi.com\/index.php?rest_route=\/wp\/v2\/posts\/10901\/revisions"}],"predecessor-version":[{"id":10903,"href":"https:\/\/akdenizolaygazetesi.com\/index.php?rest_route=\/wp\/v2\/posts\/10901\/revisions\/10903"}],"wp:featuredmedia":[{"embeddable":true,"href":"https:\/\/akdenizolaygazetesi.com\/index.php?rest_route=\/wp\/v2\/media\/10902"}],"wp:attachment":[{"href":"https:\/\/akdenizolaygazetesi.com\/index.php?rest_route=%2Fwp%2Fv2%2Fmedia&parent=10901"}],"wp:term":[{"taxonomy":"category","embeddable":true,"href":"https:\/\/akdenizolaygazetesi.com\/index.php?rest_route=%2Fwp%2Fv2%2Fcategories&post=10901"},{"taxonomy":"post_tag","embeddable":true,"href":"https:\/\/akdenizolaygazetesi.com\/index.php?rest_route=%2Fwp%2Fv2%2Ftags&post=10901"}],"curies":[{"name":"wp","href":"https:\/\/api.w.org\/{rel}","templated":true}]}}