{"id":10908,"date":"2021-02-23T12:10:39","date_gmt":"2021-02-23T09:10:39","guid":{"rendered":"http:\/\/akdenizolaygazetesi.com\/?p=10908"},"modified":"2021-02-23T12:10:39","modified_gmt":"2021-02-23T09:10:39","slug":"kuyuluk-bolgesi-artik-daha-temiz-ve-kokusuz-olacak","status":"publish","type":"post","link":"https:\/\/akdenizolaygazetesi.com\/?p=10908","title":{"rendered":"KUYULUK B\u00d6LGES\u0130 ARTIK DAHA TEM\u0130Z VE KOKUSUZ OLACAK"},"content":{"rendered":"<p>Daha temiz ve altyap\u0131s\u0131 g\u00fc\u00e7l\u00fc bir kent i\u00e7in \u00e7al\u0131\u015fmalar\u0131n\u0131 aral\u0131ks\u0131z s\u00fcrd\u00fcren MESK\u0130, Mezitli \u0130l\u00e7esi Kuyuluk, \u00c7aml\u0131ca ve \u00c7ankaya Mahallelerini uzun y\u0131llard\u0131r bekledi\u011fi kanalizasyon hatt\u0131na kavu\u015fturdu. 16 bin metre uzunlu\u011fundaki kanalizasyon hatt\u0131 ile b\u00f6lgedeki at\u0131ksular mevcut kanalizasyon hatt\u0131na iletilerek, Akdeniz\u2019e ula\u015ft\u0131r\u0131l\u0131yor.<\/p>\n<p>Mersin B\u00fcy\u00fck\u015fehir Belediyesi Mersin Su ve Kanalizasyon \u0130daresi (MESK\u0130) Genel M\u00fcd\u00fcrl\u00fc\u011f\u00fc, Mezitli \u0130l\u00e7esi Kuyuluk b\u00f6lgesinin yerle\u015fim yerlerindeki kanalizasyon sorununu \u00e7\u00f6z\u00fcme kavu\u015fturdu. Eskiden Kuyuluk Beldesi olarak bilinen b\u00f6lgede yer alan Kuyuluk, \u00c7ankaya ve \u00c7aml\u0131ca Mahallelerinin uzun y\u0131llard\u0131r s\u00fcregelen kanalizasyon sorununun \u00e7\u00f6z\u00fcm\u00fc i\u00e7in ba\u015flat\u0131lan \u00e7al\u0131\u015fmalar sona erdi.<\/p>\n<p>\u00c7al\u0131\u015fmalar b\u00f6lgeyi b\u00fcy\u00fck oranda rahatlatacak<\/p>\n<p>\u0130malat\u0131 tamamlanan yakla\u015f\u0131k 16 bin metre kanalizasyon hatt\u0131 ile \u00fc\u00e7 mahallenin Mersin-Erdemli Otoyolu g\u00fcneyinde kalan k\u0131sm\u0131ndaki yerle\u015fim yerlerinin at\u0131ksular\u0131, H\u00fcseyin Okan Merzeci Bulvar\u0131\u2019nda bulunan mevcut kanalizasyon hatt\u0131na ta\u015f\u0131n\u0131yor. Bu hatlar ile Mezitli At\u0131ksu Ar\u0131tma Tesisi\u2019ne iletilen at\u0131ksular, Viran\u015fehir\u2019de bulunan derin deniz de\u015farj\u0131 vas\u0131tas\u0131 ile Akdeniz\u2019e ula\u015ft\u0131r\u0131l\u0131yor. Daha \u00f6nce at\u0131ksular\u0131n vidanj\u00f6rler vas\u0131tas\u0131 ile bertaraf edildi\u011fi b\u00f6lgedeki koku problemi de b\u00f6ylece gideriliyor. MESK\u0130\u2019nin ba\u015flatt\u0131\u011f\u0131 kanalizasyon hatt\u0131 \u00e7al\u0131\u015fmas\u0131n\u0131n sona ermesi, uzun y\u0131llard\u0131r kanalizasyon hizmeti bekleyen b\u00f6lgenin b\u00fcy\u00fck bir k\u0131sm\u0131n\u0131 rahatlatmas\u0131 a\u00e7\u0131s\u0131ndan ilk a\u015fama niteli\u011fi ta\u015f\u0131yor. \u0130mar yollar\u0131n\u0131n ilgili belediyeler taraf\u0131ndan a\u00e7\u0131lmas\u0131n\u0131n ard\u0131ndan b\u00f6lgede yap\u0131lmas\u0131 gereken ve eksik kalan kanalizasyon hatlar\u0131n\u0131n da MESK\u0130 taraf\u0131ndan h\u0131zl\u0131 bir \u015fekilde yap\u0131lmas\u0131 planlan\u0131yor.<\/p>\n<p>\u201cYa\u015fam seviyesi y\u00fckselecek\u201d<\/p>\n<p>\u00c7aml\u0131ca Mahalle Muhtar\u0131 Abdurrahman Maruk, \u201c1987\u2019de belediyelik oldu\u011fumuzdan bu yana s\u0131k\u0131nt\u0131lar\u0131m\u0131z \u00e7ok b\u00fcy\u00fckt\u00fc. Vidanj\u00f6rler \u00e7al\u0131\u015f\u0131rken \u00e7ok k\u00f6t\u00fc kokular yap\u0131yordu. \u00d6ncelikle Vahap Ba\u015fkan\u0131m\u0131z\u2019a, MESK\u0130 Genel M\u00fcd\u00fcr\u00fcm\u00fcz\u2019e \u00e7al\u0131\u015fmalardan dolay\u0131 te\u015fekk\u00fcr ediyoruz. Mahallemizde \u00e7al\u0131\u015fmalar\u0131n yakla\u015f\u0131k y\u00fczde 70\u2019i tamamland\u0131. B\u00fct\u00fcn s\u0131k\u0131nt\u0131lar\u0131m\u0131z giderildi. Kalan y\u00fczde 30\u2019luk bir k\u0131sm\u0131m\u0131z var. Onun da en k\u0131sa zamanda ihalesinin yap\u0131laca\u011f\u0131na inan\u0131yoruz. Ya\u015fam seviyesi y\u00fckselecek. Vidanj\u00f6rlerden kurtulaca\u011f\u0131z. Daha g\u00fczel, kokusuz, temiz bir mahalle olarak tekrar te\u015fekk\u00fcr ediyoruz Vahap Ba\u015fkan\u0131m\u0131z\u2019a\u201d diye konu\u015ftu.<\/p>\n<p>\u201cDaha nezih, daha temiz, daha g\u00fczel bir mahalle olaca\u011f\u0131z\u201d<\/p>\n<p>\u00c7ankaya Mahallesi Muhtar\u0131 B\u00fclent Ball\u0131, kanalizasyon sorunlar\u0131n\u0131n \u00e7\u00f6z\u00fcm\u00fc i\u00e7in yap\u0131lan \u00e7al\u0131\u015fmalardan duyduklar\u0131 memnuniyeti dile getirerek, \u201cDaha \u00f6nceki sorunlar\u0131m\u0131z \u015f\u00f6yleydi; bir kahvalt\u0131 yapaca\u011f\u0131m\u0131zda kokularla ya\u015fad\u0131\u011f\u0131m\u0131z g\u00fcnlerdi. \u015eimdi daha nezih, daha temiz, daha g\u00fczel bir mahalle olaca\u011f\u0131na eminiz. Tabii ki Vahap Se\u00e7er Ba\u015fkan\u0131m geldi\u011finde bu s\u00f6z\u00fc de vermi\u015fti. Te\u015fekk\u00fcr ediyoruz. Birinci etab\u0131m\u0131z bitti. Allah raz\u0131 olsun. \u0130kinci etab\u0131 da bir an \u00f6nce ba\u015flataca\u011f\u0131n\u0131n s\u00f6z\u00fcn\u00fc vermi\u015fti. Daha g\u00fczel bir Kuyuluk i\u00e7in, daha g\u00fczel bir \u00c7ankaya ve \u00c7aml\u0131ca i\u00e7in Vahap Se\u00e7er\u2019den bu ikinci talebimizi de istiyoruz. Daha \u00f6nce altyap\u0131s\u0131 olmad\u0131\u011f\u0131ndan hi\u00e7bir zaman kald\u0131r\u0131m, yol \u00e7al\u0131\u015fmalar\u0131 yapam\u0131yorduk. Fakat \u015fimdi altyap\u0131m\u0131z tamamland\u0131. \u00dcst yap\u0131m\u0131za daha olumlu katk\u0131s\u0131n\u0131n olmas\u0131n\u0131 bekliyoruz\u201d diye konu\u015ftu.<\/p>\n<p>Kuyuluk Mahalle Muhtar\u0131 Muhammet Denli de \u00e7al\u0131\u015fmada eme\u011fi ge\u00e7enlere te\u015fekk\u00fcrlerini ileterek, \u201cBizim y\u0131llard\u0131r kanalizasyonla ilgili bir s\u0131k\u0131nt\u0131m\u0131z vard\u0131. Vahap Ba\u015fkan\u0131m\u0131z se\u00e7imde de bize s\u00f6z vermi\u015fti. Allah\u2019a \u00e7ok \u015f\u00fck\u00fcr mahallemizde y\u00fczde 90\u2019\u0131 halloldu. Kuyuluk Mahallesi\u2019nde kanalizasyon sorunu \u00e7\u00f6z\u00fcld\u00fc. \u0130kinci plan yap\u0131lmas\u0131 gereken ihaleyi de Vahap Se\u00e7er Ba\u015fkan\u0131m\u0131z\u2019\u0131n yapaca\u011f\u0131na inan\u0131yoruz. Biz de bu pis kokulardan, sinekten korunuruz. \u0130n\u015fallah g\u00fczel ya\u015fayabilece\u011fimiz mahallelerden biri olacak\u201d dedi.<\/p>\n","protected":false},"excerpt":{"rendered":"<p>Daha temiz ve altyap\u0131s\u0131 g\u00fc\u00e7l\u00fc bir kent i\u00e7in \u00e7al\u0131\u015fmalar\u0131n\u0131 aral\u0131ks\u0131z s\u00fcrd\u00fcren MESK\u0130, Mezitli \u0130l\u00e7esi Kuyuluk, \u00c7aml\u0131ca ve \u00c7ankaya Mahallelerini uzun y\u0131llard\u0131r bekledi\u011fi kanalizasyon hatt\u0131na kavu\u015fturdu. 16 bin metre uzunlu\u011fundaki kanalizasyon &hellip; <a href=\"https:\/\/akdenizolaygazetesi.com\/?p=10908\" class=\"more-link\">Devam\u0131n\u0131 Oku&#8230;<\/a><\/p>\n","protected":false},"author":2,"featured_media":10909,"comment_status":"open","ping_status":"open","sticky":false,"template":"","format":"standard","meta":[],"categories":[34,1,2,3,5],"tags":[],"_links":{"self":[{"href":"https:\/\/akdenizolaygazetesi.com\/index.php?rest_route=\/wp\/v2\/posts\/10908"}],"collection":[{"href":"https:\/\/akdenizolaygazetesi.com\/index.php?rest_route=\/wp\/v2\/posts"}],"about":[{"href":"https:\/\/akdenizolaygazetesi.com\/index.php?rest_route=\/wp\/v2\/types\/post"}],"author":[{"embeddable":true,"href":"https:\/\/akdenizolaygazetesi.com\/index.php?rest_route=\/wp\/v2\/users\/2"}],"replies":[{"embeddable":true,"href":"https:\/\/akdenizolaygazetesi.com\/index.php?rest_route=%2Fwp%2Fv2%2Fcomments&post=10908"}],"version-history":[{"count":1,"href":"https:\/\/akdenizolaygazetesi.com\/index.php?rest_route=\/wp\/v2\/posts\/10908\/revisions"}],"predecessor-version":[{"id":10910,"href":"https:\/\/akdenizolaygazetesi.com\/index.php?rest_route=\/wp\/v2\/posts\/10908\/revisions\/10910"}],"wp:featuredmedia":[{"embeddable":true,"href":"https:\/\/akdenizolaygazetesi.com\/index.php?rest_route=\/wp\/v2\/media\/10909"}],"wp:attachment":[{"href":"https:\/\/akdenizolaygazetesi.com\/index.php?rest_route=%2Fwp%2Fv2%2Fmedia&parent=10908"}],"wp:term":[{"taxonomy":"category","embeddable":true,"href":"https:\/\/akdenizolaygazetesi.com\/index.php?rest_route=%2Fwp%2Fv2%2Fcategories&post=10908"},{"taxonomy":"post_tag","embeddable":true,"href":"https:\/\/akdenizolaygazetesi.com\/index.php?rest_route=%2Fwp%2Fv2%2Ftags&post=10908"}],"curies":[{"name":"wp","href":"https:\/\/api.w.org\/{rel}","templated":true}]}}