{"id":10914,"date":"2021-02-23T12:16:35","date_gmt":"2021-02-23T09:16:35","guid":{"rendered":"http:\/\/akdenizolaygazetesi.com\/?p=10914"},"modified":"2021-02-23T12:16:35","modified_gmt":"2021-02-23T09:16:35","slug":"erdemli-belediyesi-yilda-14-bin-gul-fidesi-uretiyor","status":"publish","type":"post","link":"https:\/\/akdenizolaygazetesi.com\/?p=10914","title":{"rendered":"ERDEML\u0130 BELED\u0130YES\u0130, YILDA 14 B\u0130N G\u00dcL F\u0130DES\u0130 \u00dcRET\u0130YOR"},"content":{"rendered":"<p>Erdemli Belediyesi kendi seras\u0131nda, y\u0131lda 14 bin G\u00fcl fidesi \u00fcretiyor,  kentte g\u00fcller a\u00e7\u0131yor. \u00dcreten ekonomi politikalar\u0131 kapsam\u0131nda kendi b\u00fcnyesinde \u00fcretime a\u011f\u0131rl\u0131k veren Erdemli Belediyesi, peyzaj alan\u0131nda \u00e7al\u0131\u015fmalar\u0131na h\u0131z kesmeden devem ediyor.<\/p>\n<p>Erdemli Belediyesi Park ve Bah\u00e7eler M\u00fcd\u00fcrl\u00fc\u011f\u00fc ekipleri, \u00f6nce g\u00fcllerden fide al\u0131yor,  ard\u0131ndan bu fideler toprakla bulu\u015fturuluyor. Serada gerekli i\u015flemlerden sonra yeti\u015fen g\u00fcller, kentin d\u00f6rt bir taraf\u0131na dikiliyor. Eme\u011fin g\u00fcle d\u00f6n\u00fc\u015ft\u00fc\u011f\u00fc \u00e7al\u0131\u015fma sonras\u0131nda ise y\u00fczlerde g\u00fcller a\u00e7\u0131yor.<\/p>\n<p>Y\u0131lda 14 bin g\u00fcl fidesi yeti\u015ftiren ekipler, yaz sezonu i\u00e7inde hummal\u0131 bir \u00e7al\u0131\u015fma y\u00fcr\u00fct\u00fcyor. \u00dcreten Erdemli yolunda gece g\u00fcnd\u00fcz demeden \u00e7al\u0131\u015ft\u0131klar\u0131n\u0131 ifade eden Erdemli Belediye Ba\u015fkan\u0131 M\u00fckerrem Tollu, \u201c   Erdemli Belediyesi olarak \u00fcretime b\u00fcy\u00fck \u00f6nem veriyoruz. Bir taraftan \u00fcreticimizin \u00f6n\u00fcndeki engelleri kald\u0131r\u0131rken,  di\u011fer bir taraftan ekiplerimizin her biri kendi alanlar\u0131nda \u00fcretim politikalar\u0131 ile hareket ediyor. \u015e\u00fcphesiz bunlardan bir tanesi Park ve Bah\u00e7eler M\u00fcd\u00fcrl\u00fc\u011f\u00fcm\u00fcz. Ekiplerimiz seram\u0131zda kente de\u011fer katacak,  g\u00fczellik katacak birbirinden g\u00fczel \u00e7al\u0131\u015fmalara imza at\u0131yor. Peyzaj \u00e7al\u0131\u015fmalar\u0131m\u0131zdan bunlar\u0131n ba\u015f\u0131nda yer al\u0131yor. Dikti\u011fimiz g\u00fcller ba\u015fta olmak \u00fczere \u00e7i\u00e7eklerimizle Erdemlimizde g\u00fcller a\u00e7acak\u201d  diye konu\u015ftu.<\/p>\n","protected":false},"excerpt":{"rendered":"<p>Erdemli Belediyesi kendi seras\u0131nda, y\u0131lda 14 bin G\u00fcl fidesi \u00fcretiyor, kentte g\u00fcller a\u00e7\u0131yor. \u00dcreten ekonomi politikalar\u0131 kapsam\u0131nda kendi b\u00fcnyesinde \u00fcretime a\u011f\u0131rl\u0131k veren Erdemli Belediyesi, peyzaj alan\u0131nda \u00e7al\u0131\u015fmalar\u0131na h\u0131z kesmeden devem &hellip; <a href=\"https:\/\/akdenizolaygazetesi.com\/?p=10914\" class=\"more-link\">Devam\u0131n\u0131 Oku&#8230;<\/a><\/p>\n","protected":false},"author":2,"featured_media":10915,"comment_status":"open","ping_status":"open","sticky":false,"template":"","format":"standard","meta":[],"categories":[34,1,2,3,5],"tags":[],"_links":{"self":[{"href":"https:\/\/akdenizolaygazetesi.com\/index.php?rest_route=\/wp\/v2\/posts\/10914"}],"collection":[{"href":"https:\/\/akdenizolaygazetesi.com\/index.php?rest_route=\/wp\/v2\/posts"}],"about":[{"href":"https:\/\/akdenizolaygazetesi.com\/index.php?rest_route=\/wp\/v2\/types\/post"}],"author":[{"embeddable":true,"href":"https:\/\/akdenizolaygazetesi.com\/index.php?rest_route=\/wp\/v2\/users\/2"}],"replies":[{"embeddable":true,"href":"https:\/\/akdenizolaygazetesi.com\/index.php?rest_route=%2Fwp%2Fv2%2Fcomments&post=10914"}],"version-history":[{"count":1,"href":"https:\/\/akdenizolaygazetesi.com\/index.php?rest_route=\/wp\/v2\/posts\/10914\/revisions"}],"predecessor-version":[{"id":10916,"href":"https:\/\/akdenizolaygazetesi.com\/index.php?rest_route=\/wp\/v2\/posts\/10914\/revisions\/10916"}],"wp:featuredmedia":[{"embeddable":true,"href":"https:\/\/akdenizolaygazetesi.com\/index.php?rest_route=\/wp\/v2\/media\/10915"}],"wp:attachment":[{"href":"https:\/\/akdenizolaygazetesi.com\/index.php?rest_route=%2Fwp%2Fv2%2Fmedia&parent=10914"}],"wp:term":[{"taxonomy":"category","embeddable":true,"href":"https:\/\/akdenizolaygazetesi.com\/index.php?rest_route=%2Fwp%2Fv2%2Fcategories&post=10914"},{"taxonomy":"post_tag","embeddable":true,"href":"https:\/\/akdenizolaygazetesi.com\/index.php?rest_route=%2Fwp%2Fv2%2Ftags&post=10914"}],"curies":[{"name":"wp","href":"https:\/\/api.w.org\/{rel}","templated":true}]}}