{"id":10920,"date":"2021-02-23T14:10:15","date_gmt":"2021-02-23T11:10:15","guid":{"rendered":"http:\/\/akdenizolaygazetesi.com\/?p=10920"},"modified":"2021-02-23T14:10:15","modified_gmt":"2021-02-23T11:10:15","slug":"baskan-yilmazdan-ilce-esnafina-ziyaret","status":"publish","type":"post","link":"https:\/\/akdenizolaygazetesi.com\/?p=10920","title":{"rendered":"BA\u015eKAN YILMAZ&#8217;DAN \u0130L\u00c7E ESNAFINA Z\u0130YARET"},"content":{"rendered":"<p>Toroslar Belediye Ba\u015fkan\u0131 Ats\u0131z Af\u015f\u0131n Y\u0131lmaz, il\u00e7e esnaf\u0131n\u0131 ziyaret edip, taleplerini dinlemeye devam ediyor.<\/p>\n<p>Kuvayi Milliye Caddesi \u00fczerinde bulunan esnafa hay\u0131rl\u0131 i\u015fler temennisinde bulunan Ba\u015fkan Y\u0131lmaz, vatanda\u015flarla da selamla\u015farak sohbet etti.<\/p>\n<p>Toroslar halk\u0131n\u0131n yo\u011fun ilgisi ve sevgisiyle kar\u015f\u0131la\u015ft\u0131\u011f\u0131 ziyaretlerde hem esnafla bulu\u015fan hem de vatanda\u015flarla g\u00f6r\u00fc\u015fen Ba\u015fkan Y\u0131lmaz; &#8220;El ele, g\u00f6n\u00fcl g\u00f6n\u00fcle vererek Toroslar\u0131m\u0131z\u0131 daha g\u00fczel yar\u0131nlara ta\u015f\u0131yaca\u011f\u0131z&#8221;  dedi.<\/p>\n<p>&#8220;Topyekun M\u00fccadeleyle Bu S\u00fcrecin \u00dcstesinden Gelece\u011fiz&#8221;<\/p>\n<p>Pandemi s\u00fcrecinde birlik ve beraberli\u011fin \u00f6nemine vurgu yapan Ba\u015fkan Y\u0131lmaz, tedbirleri b\u0131rakmadan topyekun m\u00fccadeleyle bu s\u00fcrecin kazan\u0131laca\u011f\u0131n\u0131 s\u00f6yledi.<\/p>\n<p>&#8220;\u0130l\u00e7emizin ekonomisine can veren esnaf ve sanatkarlar\u0131m\u0131z\u0131n her zaman yan\u0131nday\u0131z&#8221; diyen Ba\u015fkan Y\u0131lmaz; &#8220;K\u00fcresel bir salg\u0131nla m\u00fccadele ediyoruz. Bu s\u00fcre\u00e7te birlik ve beraberli\u011fin ne kadar \u00f6nemli oldu\u011funu hep birlikte g\u00f6rd\u00fck. Pandemiden en \u00e7ok etkilenen kesimlerden biri de esnaflar\u0131m\u0131z. Temennimiz, bu zor g\u00fcnlerden en az zararla \u00e7\u0131kmalar\u0131d\u0131r. Bu anlamda biz de m\u00fclkiyeti belediyemize ait olan i\u015fyerlerini kiralayan esnaf\u0131m\u0131za kira deste\u011finde bulunuyoruz. Covid-19 salg\u0131n\u0131 s\u00fcrecinde i\u015fleri olumsuz etkilenen ve faaliyetlerine ara veren esnaf\u0131m\u0131z\u0131n ilk 6 ayl\u0131k kira bedelini almayarak, kira s\u00f6zle\u015fmelerini 6 ay daha uzatt\u0131k. \u0130\u015fyeri a\u00e7\u0131k olan esnaf\u0131m\u0131z\u0131n ilk 6 ayl\u0131k kira bedelinde de y\u00fczde 50 indirim yapt\u0131k. Bu s\u00fcreci el birli\u011fiyle, dayan\u0131\u015fmayla atlataca\u011f\u0131z. Esnaf\u0131m\u0131z\u0131 her zaman oldu\u011fu gibi pandemi s\u00fcrecinde de yaln\u0131z b\u0131rakm\u0131yoruz. T\u00fcm esnaf\u0131m\u0131za hay\u0131rl\u0131 ve bol kazan\u00e7lar diliyorum&#8221; ifadelerini kulland\u0131.<\/p>\n","protected":false},"excerpt":{"rendered":"<p>Toroslar Belediye Ba\u015fkan\u0131 Ats\u0131z Af\u015f\u0131n Y\u0131lmaz, il\u00e7e esnaf\u0131n\u0131 ziyaret edip, taleplerini dinlemeye devam ediyor. Kuvayi Milliye Caddesi \u00fczerinde bulunan esnafa hay\u0131rl\u0131 i\u015fler temennisinde bulunan Ba\u015fkan Y\u0131lmaz, vatanda\u015flarla da selamla\u015farak sohbet &hellip; <a href=\"https:\/\/akdenizolaygazetesi.com\/?p=10920\" class=\"more-link\">Devam\u0131n\u0131 Oku&#8230;<\/a><\/p>\n","protected":false},"author":2,"featured_media":10921,"comment_status":"open","ping_status":"open","sticky":false,"template":"","format":"standard","meta":[],"categories":[34,1,2,3,5],"tags":[],"_links":{"self":[{"href":"https:\/\/akdenizolaygazetesi.com\/index.php?rest_route=\/wp\/v2\/posts\/10920"}],"collection":[{"href":"https:\/\/akdenizolaygazetesi.com\/index.php?rest_route=\/wp\/v2\/posts"}],"about":[{"href":"https:\/\/akdenizolaygazetesi.com\/index.php?rest_route=\/wp\/v2\/types\/post"}],"author":[{"embeddable":true,"href":"https:\/\/akdenizolaygazetesi.com\/index.php?rest_route=\/wp\/v2\/users\/2"}],"replies":[{"embeddable":true,"href":"https:\/\/akdenizolaygazetesi.com\/index.php?rest_route=%2Fwp%2Fv2%2Fcomments&post=10920"}],"version-history":[{"count":1,"href":"https:\/\/akdenizolaygazetesi.com\/index.php?rest_route=\/wp\/v2\/posts\/10920\/revisions"}],"predecessor-version":[{"id":10922,"href":"https:\/\/akdenizolaygazetesi.com\/index.php?rest_route=\/wp\/v2\/posts\/10920\/revisions\/10922"}],"wp:featuredmedia":[{"embeddable":true,"href":"https:\/\/akdenizolaygazetesi.com\/index.php?rest_route=\/wp\/v2\/media\/10921"}],"wp:attachment":[{"href":"https:\/\/akdenizolaygazetesi.com\/index.php?rest_route=%2Fwp%2Fv2%2Fmedia&parent=10920"}],"wp:term":[{"taxonomy":"category","embeddable":true,"href":"https:\/\/akdenizolaygazetesi.com\/index.php?rest_route=%2Fwp%2Fv2%2Fcategories&post=10920"},{"taxonomy":"post_tag","embeddable":true,"href":"https:\/\/akdenizolaygazetesi.com\/index.php?rest_route=%2Fwp%2Fv2%2Ftags&post=10920"}],"curies":[{"name":"wp","href":"https:\/\/api.w.org\/{rel}","templated":true}]}}