{"id":10923,"date":"2021-02-23T14:16:54","date_gmt":"2021-02-23T11:16:54","guid":{"rendered":"http:\/\/akdenizolaygazetesi.com\/?p=10923"},"modified":"2021-02-23T14:16:54","modified_gmt":"2021-02-23T11:16:54","slug":"akdenizde-kentsel-donusumden-baska-care-yok","status":"publish","type":"post","link":"https:\/\/akdenizolaygazetesi.com\/?p=10923","title":{"rendered":"AKDEN\u0130Z\u2019DE KENTSEL D\u00d6N\u00dc\u015e\u00dcMDEN BA\u015eKA \u00c7ARE YOK"},"content":{"rendered":"<p>*Akdeniz\u2019de Bah\u00e7e Mahallesi\u2019ndeki metruk bir yap\u0131n\u0131n \u00e7\u00f6kmesi uzun zamand\u0131r konu\u015fulan kentsel d\u00f6n\u00fc\u015f\u00fcm ger\u00e7e\u011fini bir kez daha g\u00f6zler \u00f6n\u00fcne serdi. Can kayb\u0131n\u0131n ya\u015fanmad\u0131\u011f\u0131 olayla ilgili a\u00e7\u0131klama yapan Akdeniz Belediye Ba\u015fkan\u0131 M. Mustafa G\u00fcltak, \u201cBu durum \u00e7arp\u0131k yap\u0131la\u015fman\u0131n yaratt\u0131\u011f\u0131 d\u00fczensiz ve plans\u0131z kentle\u015fmenin son \u00f6rne\u011fidir. Akdeniz\u2019de kentsel d\u00f6n\u00fc\u015f\u00fcmden ba\u015fka \u00e7are yok\u201d diye konu\u015ftu.<\/p>\n<p>Akdeniz Belediyesi, kent genelinde muhtarl\u0131klarla i\u015fbirli\u011fi halinde metruk ve tehlike eden arz eden yap\u0131lar\u0131n y\u0131k\u0131m\u0131n\u0131 ger\u00e7ekle\u015ftirme \u00e7al\u0131\u015fmalar\u0131n\u0131 s\u00fcrd\u00fcr\u00fcyor. Bah\u00e7e Mahallesi Burhan Felek Caddesi 4625 Sokak giri\u015finde belediye ekiplerince g\u00f6zetim alt\u0131nda bulunan metruk bir yap\u0131 hen\u00fcz belirlenemeyen bir nedenle \u00e7\u00f6kt\u00fc. Konuyla ilgili Akdeniz Belediyesi\u2019ne ba\u011fl\u0131 ekipler y\u0131k\u0131lan yap\u0131n\u0131n ve \u00e7evresinin etraf\u0131na g\u00fcvenlik \u015feridi \u00e7ekip, vatanda\u015flara uyar\u0131da bulunarak vakit kaybetmeden yasal i\u015flemlere ba\u015flad\u0131. \u00c7\u00f6ken yap\u0131n\u0131n kentsel d\u00f6n\u00fc\u015f\u00fcm kapsam\u0131nda y\u0131k\u0131lmaya y\u00fcz tutmu\u015f yap\u0131lar dahilinde g\u00f6zetim alt\u0131nda oldu\u011fu \u00f6\u011frenildi.<\/p>\n<p>G\u00fcltak; \u201c\u0130stedi\u011fimiz zaman bu t\u00fcr yap\u0131lar\u0131 y\u0131kam\u0131yoruz\u201d<\/p>\n<p>Konuyla ilgili a\u00e7\u0131klama yapan Akdeniz Belediye Ba\u015fkan\u0131 Mustafa G\u00fcltak, \u201cBu \u00e7\u00f6ken ev, Bah\u00e7e Mahallesi\u2019nde \u00e7arp\u0131k yap\u0131la\u015fman\u0131n yaratt\u0131\u011f\u0131 d\u00fczensiz ve plans\u0131z kentle\u015fmenin son \u00f6rne\u011fidir. Can kayb\u0131 olmamas\u0131 en b\u00fcy\u00fck tesellimiz. \u00c7\u00f6ken evin ve hemen yan\u0131nda bulunan 2 katl\u0131 yap\u0131n\u0131n ayn\u0131 parsel \u00fczerinde 14 varisi var. Yani bizler istedi\u011fimiz zaman bu t\u00fcr yap\u0131lar\u0131 y\u0131kam\u0131yoruz. Varislere ula\u015fma ad\u0131na gerekli yasal prosed\u00fcre uymak zorunday\u0131z\u201d diye konu\u015ftu.<\/p>\n<p>\u201cAkdeniz\u2019in nefes almas\u0131 i\u00e7in kentsel d\u00f6n\u00fc\u015f\u00fcm \u015fart\u201d<\/p>\n<p>Ba\u015fkan G\u00fcltak, \u201cBu hafta itibar\u0131 ile enc\u00fcmen karar\u0131n\u0131 \u00e7\u0131kar\u0131p, yasal prosed\u00fcr\u00fc uygulay\u0131p, \u00e7\u00f6ken bina ile ayn\u0131 parsel \u00fczerinde bulunan ve y\u0131k\u0131lma tehlikesi olan 2 katl\u0131 yap\u0131y\u0131 da y\u0131kaca\u011f\u0131z. Kentsel d\u00f6n\u00fc\u015f\u00fcm\u00fcn ne kadar \u00f6nemli oldu\u011funun alt\u0131n\u0131 bir kez daha \u00e7iziyoruz. Akdeniz\u2019in nefes almas\u0131 i\u00e7in kentsel d\u00f6n\u00fc\u015f\u00fcm \u015fart. Eskimi\u015f, k\u00f6hne ve haliyle her anlamda riskli olan binalar ortadan kalkacak. \u0130nsanlar\u0131m\u0131z daha g\u00fcvenli bir ortamda ya\u015fayacak\u201d dedi.<\/p>\n<p>\u201cKentsel d\u00f6n\u00fc\u015f\u00fcm insan hayat\u0131 a\u00e7\u0131s\u0131ndan \u00f6nemli\u201d<\/p>\n<p>Vatanda\u015flara uyar\u0131da da bulunan Ba\u015fkan G\u00fcltak, \u201cKent sakinlerimiz \u00e7evrelerinde bu t\u00fcr binalara rastlad\u0131klar\u0131nda mutlaka belediyemize haber vermelidir ki bizler de herhangi bir olumsuzluk ya\u015famamak ad\u0131na erkenden \u00e7\u00f6z\u00fcm \u00fcretelim. Bu durum kentsel d\u00f6n\u00fc\u015f\u00fcm projelerinin insan hayat\u0131 a\u00e7\u0131s\u0131ndan ne kadar \u00f6nemli oldu\u011funu da g\u00f6zler \u00f6n\u00fcne seriyor\u201d ifadelerini kulland\u0131.<\/p>\n","protected":false},"excerpt":{"rendered":"<p>*Akdeniz\u2019de Bah\u00e7e Mahallesi\u2019ndeki metruk bir yap\u0131n\u0131n \u00e7\u00f6kmesi uzun zamand\u0131r konu\u015fulan kentsel d\u00f6n\u00fc\u015f\u00fcm ger\u00e7e\u011fini bir kez daha g\u00f6zler \u00f6n\u00fcne serdi. Can kayb\u0131n\u0131n ya\u015fanmad\u0131\u011f\u0131 olayla ilgili a\u00e7\u0131klama yapan Akdeniz Belediye Ba\u015fkan\u0131 M. &hellip; <a href=\"https:\/\/akdenizolaygazetesi.com\/?p=10923\" class=\"more-link\">Devam\u0131n\u0131 Oku&#8230;<\/a><\/p>\n","protected":false},"author":2,"featured_media":10925,"comment_status":"open","ping_status":"open","sticky":false,"template":"","format":"standard","meta":[],"categories":[34,1,2,3,5],"tags":[],"_links":{"self":[{"href":"https:\/\/akdenizolaygazetesi.com\/index.php?rest_route=\/wp\/v2\/posts\/10923"}],"collection":[{"href":"https:\/\/akdenizolaygazetesi.com\/index.php?rest_route=\/wp\/v2\/posts"}],"about":[{"href":"https:\/\/akdenizolaygazetesi.com\/index.php?rest_route=\/wp\/v2\/types\/post"}],"author":[{"embeddable":true,"href":"https:\/\/akdenizolaygazetesi.com\/index.php?rest_route=\/wp\/v2\/users\/2"}],"replies":[{"embeddable":true,"href":"https:\/\/akdenizolaygazetesi.com\/index.php?rest_route=%2Fwp%2Fv2%2Fcomments&post=10923"}],"version-history":[{"count":1,"href":"https:\/\/akdenizolaygazetesi.com\/index.php?rest_route=\/wp\/v2\/posts\/10923\/revisions"}],"predecessor-version":[{"id":10926,"href":"https:\/\/akdenizolaygazetesi.com\/index.php?rest_route=\/wp\/v2\/posts\/10923\/revisions\/10926"}],"wp:featuredmedia":[{"embeddable":true,"href":"https:\/\/akdenizolaygazetesi.com\/index.php?rest_route=\/wp\/v2\/media\/10925"}],"wp:attachment":[{"href":"https:\/\/akdenizolaygazetesi.com\/index.php?rest_route=%2Fwp%2Fv2%2Fmedia&parent=10923"}],"wp:term":[{"taxonomy":"category","embeddable":true,"href":"https:\/\/akdenizolaygazetesi.com\/index.php?rest_route=%2Fwp%2Fv2%2Fcategories&post=10923"},{"taxonomy":"post_tag","embeddable":true,"href":"https:\/\/akdenizolaygazetesi.com\/index.php?rest_route=%2Fwp%2Fv2%2Ftags&post=10923"}],"curies":[{"name":"wp","href":"https:\/\/api.w.org\/{rel}","templated":true}]}}