{"id":1093,"date":"2020-11-04T18:21:41","date_gmt":"2020-11-04T15:21:41","guid":{"rendered":"http:\/\/mersinekonomipolitikagazetesi.com\/?p=1093"},"modified":"2020-11-04T18:21:41","modified_gmt":"2020-11-04T15:21:41","slug":"mezitlide-dikilen-jakarandalar-cicek-acmaya-basladi","status":"publish","type":"post","link":"https:\/\/akdenizolaygazetesi.com\/?p=1093","title":{"rendered":"Mezitli&#8217;de dikilen jakarandalar \u00e7i\u00e7ek a\u00e7maya ba\u015flad\u0131"},"content":{"rendered":"<p>Mersin&#8217;in merkez il\u00e7e Mezitli Belediyesi taraf\u0131ndan kentin farkl\u0131 noktalar\u0131nda olu\u015fturulan 35 jakaranda korulu\u011funda a\u011fa\u00e7lar \u00e7i\u00e7ek a\u00e7maya ba\u015flad\u0131.<\/p>\n<p>Mezitli Belediye Ba\u015fkan\u0131 Ne\u015fet Tarhan\u2019\u0131n gurur projelerinden birisi olan jakaranda koruluklar\u0131 havalar\u0131n \u0131s\u0131nmas\u0131yla birlikte \u00e7i\u00e7ek a\u00e7\u0131yor. Mezitli Belediyesi\u2019nin en b\u00fcy\u00fck karde\u015flik projelerinden birisi olan, farkl\u0131 ki\u015fi, kurum ve kurulu\u015flar\u0131 bir araya getiren jakaranda koruluklar\u0131, mor renkli \u00e7i\u00e7eklerle bulundu\u011fu b\u00f6lgenin havas\u0131n\u0131 de\u011fi\u015ftiriyor. Mezitli Belediye Ba\u015fkan\u0131 Ne\u015fet Tarhan taraf\u0131ndan hayata ge\u00e7irilen ve k\u0131sa s\u00fcrede 70 bin metrekarelik alanda 4 bin jakaranda t\u00fcr\u00fc fidan toprakla bulu\u015ftu\u011fu koruluklar, narin yo\u011fun yapraklar\u0131 ve mor renkli salk\u0131m \u015feklindeki \u00e7i\u00e7ekleri ile b\u00fcy\u00fcleyici bir g\u00f6r\u00fcnt\u00fc sergiliyor. Koruluklar b\u00f6lgede ya\u015fayan vatanda\u015flar\u0131n da b\u00fcy\u00fck be\u011fenisini topluyor.<br \/>\nDaha temiz bir hava, daha ye\u015fil bir Mezitli i\u00e7in il\u00e7enin d\u00f6rt bir yan\u0131na koruluk yapt\u0131klar\u0131n\u0131 dile getiren Ba\u015fkan Tarhan, &#8220;Mezitli\u2019nin bir\u00e7ok yerinde koruluk alanlar\u0131 olu\u015fturduk. Bir\u00e7ok sivil toplum kurulu\u015flar\u0131n\u0131 Mezitli\u2019de ayn\u0131 \u00e7at\u0131 alt\u0131nda toplad\u0131k. Kendilerine alan verdik ve bu alanlarda Jacaranda cinsi a\u011fa\u00e7lardan olu\u015fan koruluk yapma imkan\u0131 sunduk. Toplamda 70 bin metrekarelik alana dikilen fidanlar\u0131m\u0131z h\u0131zla b\u00fcy\u00fcd\u00fc. Bir k\u0131sm\u0131 \u00e7i\u00e7ek a\u00e7t\u0131. A\u011fa\u00e7lar\u0131m\u0131z\u0131n mor rengindeki hafif kokulu \u00e7i\u00e7ekleriyle yaz aylar\u0131nda vatanda\u015flar\u0131m\u0131za huzur vermesini diliyorum. Do\u011fa severleri de koruluklar\u0131m\u0131z\u0131 duyars\u0131z vatanda\u015flar taraf\u0131ndan olu\u015facak olan tehlikelere kar\u015f\u0131 korumalar\u0131n\u0131 istiyorum&#8221; dedi.<\/p>\n","protected":false},"excerpt":{"rendered":"<p>Mersin&#8217;in merkez il\u00e7e Mezitli Belediyesi taraf\u0131ndan kentin farkl\u0131 noktalar\u0131nda olu\u015fturulan 35 jakaranda korulu\u011funda a\u011fa\u00e7lar \u00e7i\u00e7ek a\u00e7maya ba\u015flad\u0131. Mezitli Belediye Ba\u015fkan\u0131 Ne\u015fet Tarhan\u2019\u0131n gurur projelerinden birisi olan jakaranda koruluklar\u0131 havalar\u0131n \u0131s\u0131nmas\u0131yla &hellip; <a href=\"https:\/\/akdenizolaygazetesi.com\/?p=1093\" class=\"more-link\">Devam\u0131n\u0131 Oku&#8230;<\/a><\/p>\n","protected":false},"author":1,"featured_media":0,"comment_status":"open","ping_status":"open","sticky":false,"template":"","format":"standard","meta":[],"categories":[],"tags":[],"_links":{"self":[{"href":"https:\/\/akdenizolaygazetesi.com\/index.php?rest_route=\/wp\/v2\/posts\/1093"}],"collection":[{"href":"https:\/\/akdenizolaygazetesi.com\/index.php?rest_route=\/wp\/v2\/posts"}],"about":[{"href":"https:\/\/akdenizolaygazetesi.com\/index.php?rest_route=\/wp\/v2\/types\/post"}],"author":[{"embeddable":true,"href":"https:\/\/akdenizolaygazetesi.com\/index.php?rest_route=\/wp\/v2\/users\/1"}],"replies":[{"embeddable":true,"href":"https:\/\/akdenizolaygazetesi.com\/index.php?rest_route=%2Fwp%2Fv2%2Fcomments&post=1093"}],"version-history":[{"count":0,"href":"https:\/\/akdenizolaygazetesi.com\/index.php?rest_route=\/wp\/v2\/posts\/1093\/revisions"}],"wp:attachment":[{"href":"https:\/\/akdenizolaygazetesi.com\/index.php?rest_route=%2Fwp%2Fv2%2Fmedia&parent=1093"}],"wp:term":[{"taxonomy":"category","embeddable":true,"href":"https:\/\/akdenizolaygazetesi.com\/index.php?rest_route=%2Fwp%2Fv2%2Fcategories&post=1093"},{"taxonomy":"post_tag","embeddable":true,"href":"https:\/\/akdenizolaygazetesi.com\/index.php?rest_route=%2Fwp%2Fv2%2Ftags&post=1093"}],"curies":[{"name":"wp","href":"https:\/\/api.w.org\/{rel}","templated":true}]}}