{"id":10930,"date":"2021-02-24T13:28:06","date_gmt":"2021-02-24T10:28:06","guid":{"rendered":"http:\/\/akdenizolaygazetesi.com\/?p=10930"},"modified":"2021-02-24T13:28:06","modified_gmt":"2021-02-24T10:28:06","slug":"ozel-gereksinimli-cocuklara-kar-surprizi","status":"publish","type":"post","link":"https:\/\/akdenizolaygazetesi.com\/?p=10930","title":{"rendered":"\u00d6ZEL GEREKS\u0130N\u0130ML\u0130 \u00c7OCUKLARA KAR S\u00dcRPR\u0130Z\u0130"},"content":{"rendered":"<p>Mersin B\u00fcy\u00fck\u015fehir Belediyesi, Tarsus Karbo\u011faz\u0131 mesire alan\u0131nda d\u00fczenledi\u011fi etkinlikle \u00f6zel gereksinimli \u00e7ocuklar\u0131 karla bulu\u015fturdu. Evde ge\u00e7irdikleri pandemi g\u00fcnlerine kar molas\u0131 veren \u00e7ocuklar, uzman e\u011fitmenler e\u015fli\u011finde d\u00fczenlenen etkinliklerle keyifli bir g\u00fcn ge\u00e7irdi.<\/p>\n<p>Etkinli\u011fe kat\u0131lan \u00f6zel \u00e7ocuklardan Furkan Tekin, kartopu oynay\u0131p kardan adam yapt\u0131klar\u0131n\u0131 ve \u00e7ok e\u011flendiklerini belirterek, \u201cHem g\u00fczeldi hem e\u011flenceliydi. Etkinlik olursa her zaman kat\u0131l\u0131r\u0131m\u201d dedi. Engelliler ve Sa\u011fl\u0131k Hizmetleri Dairesi\u2019nde g\u00f6revli Psikolog Ezgi D\u00fclger, pandemiden \u00f6zel \u00e7ocuklar\u0131n daha fazla etkilendi\u011fini belirterek, \u201cBiz onlara biraz nefes ald\u0131rmak, farkl\u0131 bir etkinlik yapt\u0131rmak amac\u0131yla buraya getirdik\u201d diye konu\u015ftu.<\/p>\n<p>MERS\u0130N(FOTO\u011eRAFLI-G\u00d6R\u00dcNT\u00dcL\u00dc)<\/p>\n<p>Mersin B\u00fcy\u00fck\u015fehir Belediyesi, Tarsus\u2019un G\u00fclek Mahallesi\u2019nde bulunan ve k\u0131\u015f turizmi a\u00e7\u0131s\u0131ndan \u00f6nemli bir mevki olan Karbo\u011faz\u0131\u2019nda, pandemi nedeniyle eve kapanan \u00f6zel gereksinimli \u00e7ocuklar\u0131 aileleriyle birlikte a\u011f\u0131rlayarak, keyifli bir g\u00fcn ge\u00e7irmelerini sa\u011flad\u0131. B\u00fcy\u00fck\u015fehir Belediyesi Engelliler ve Sa\u011fl\u0131k Hizmetleri Dairesi taraf\u0131ndan d\u00fczenlenen etkinlikte \u00e7ocuklar kar\u0131n tad\u0131n\u0131 doyas\u0131ya \u00e7\u0131kard\u0131.<\/p>\n<p>Kartopu oynay\u0131p, kardan adam yapt\u0131lar<\/p>\n<p>Engelliler ve Sa\u011fl\u0131k Hizmetleri Dairesi ekiplerinin pandemi kurallar\u0131na azami \u00f6l\u00e7\u00fcde dikkat ederek d\u00fczenledi\u011fi programda, \u00e7ocuklar\u0131n motivasyonlar\u0131n\u0131 art\u0131r\u0131c\u0131 bir dizi etkinlik ger\u00e7ekle\u015ftirildi. Hafif zihinsel engelli \u00e7ocuklar, aileleri ile birlikte e\u011fitmenler e\u015fli\u011finde kartopu oynay\u0131p, ard\u0131ndan kardan adam yapt\u0131. Karla doyas\u0131ya oynayan \u00e7ocuklar, dans etmeyi de ihmal etmedi. G\u00fcn\u00fcn sonunda ise ekipler, \u00e7ocuklara ve ailelerine sucuk ekmek ikram etti.<\/p>\n<p>\u201cHem g\u00fczeldi, hem e\u011flenceliydi\u201d<\/p>\n<p>Arkada\u015flar\u0131 ile birlikte geldi\u011fi Karbo\u011faz\u0131\u2019n\u0131 \u00e7ok sevdi\u011fini s\u00f6yleyen \u00f6zel gereksinimli \u00e7ocuklardan Furkan Tekin, \u201cHep gelmek isterim. \u00c7\u00fcnk\u00fc buras\u0131 karla dolu. Kartopu oynad\u0131k, karda yatt\u0131k. Hocalar\u0131m\u0131z neler yapt\u0131ysa onu yapt\u0131k. Sa\u011f olsunlar bize etkinlik yapt\u0131rd\u0131lar. Hem g\u00fczeldi hem e\u011flenceliydi. Muhakkak etkinlik olursa kat\u0131l\u0131r\u0131m her zaman\u201d dedi.<\/p>\n<p>\u201c\u00c7ocuklar\u0131m\u0131z \u00e7ok mutlu oldular\u201d<\/p>\n<p>\u00d6zel gereksinimli \u00e7ocuklardan Mert Samet \u00d6zcan\u2019\u0131n annesi Remziye \u00d6zcan, uzun zamand\u0131r Mersin B\u00fcy\u00fck\u015fehir Belediyesi\u2019nin d\u00fczenledi\u011fi bu t\u00fcr etkinliklere kat\u0131ld\u0131klar\u0131n\u0131 belirterek, \u201cBuraya her y\u0131l getiriyorlar. Ba\u015fka etkinliklere de gidiyoruz. \u00c7ok g\u00fczel. \u00c7ocuklar\u0131m\u0131z \u00e7ok mutlu oldular. E\u011flendiler, aylard\u0131r evdeler. B\u00f6yle bir etkinlik ger\u00e7ekle\u015ftirdikleri i\u00e7in Belediye Ba\u015fkan\u0131m\u0131z\u2019a te\u015fekk\u00fcr ediyorum\u201d diye konu\u015ftu.<\/p>\n<p>\u201cEme\u011fi ge\u00e7en herkese te\u015fekk\u00fcr ediyorum\u201d<\/p>\n<p>Pandemi dolay\u0131s\u0131yla \u00e7ocu\u011funun evde \u00e7ok s\u0131k\u0131ld\u0131\u011f\u0131n\u0131 s\u00f6yleyen Damla K\u0131na\u2019n\u0131n babas\u0131 Ahmet K\u0131na, \u201cBelediyemize m\u00fcracaatta bulunduk. Belediyemiz de sa\u011f olsun gereken ilgiyi g\u00f6sterdi. Karbo\u011faz\u0131\u2019na kara getirdik \u00e7ocuklar\u0131m\u0131z\u0131. \u00c7ok e\u011flenceli bir g\u00fcn ge\u00e7ti. Eme\u011fi ge\u00e7en herkese \u00e7ok te\u015fekk\u00fcr ediyorum. Var olsunlar\u201d ifadelerine yer verdi.<\/p>\n<p>\u201cOnlara bir nefes ald\u0131rmak i\u00e7in buraya getirdik\u201d<\/p>\n<p>Mersin B\u00fcy\u00fck\u015fehir Belediyesi Engelliler ve Sa\u011fl\u0131k Hizmetleri Dairesi Ba\u015fkanl\u0131\u011f\u0131\u2019nda hizmet veren psikolog ve ayn\u0131 zamanda Mola Evi birim sorumlusu Ezgi D\u00fclger, pandemi s\u00fcrecinde evde kalmak zorunda kalan \u00f6zel \u00e7ocuklar\u0131n \u00e7ok s\u0131k\u0131ld\u0131\u011f\u0131n\u0131 ve bu t\u00fcr faaliyetlerle sosyalle\u015ftiklerini ifade ederek, \u015funlar\u0131 s\u00f6yledi:<\/p>\n<p>\u201c\u00c7ocuklar\u0131m\u0131z\u0131 kar etkinli\u011fine getirdik. \u00c7ocuklar\u0131m\u0131z hafif zihinsel engel grubundalar. Pandemi s\u00fcrecinden herkes etkilendi\u011fi gibi \u00e7ocuklar da \u00e7ok etkilendi. Ama bu durumda engelli \u00e7ocuklar\u0131m\u0131z \u00e7ok daha fazla etkilendi. Onlarla beraber aileler de \u00e7ok zor durumda. Biz onlara biraz nefes ald\u0131rmak, farkl\u0131 bir etkinlik yapt\u0131rmak ama\u00e7l\u0131 buraya getirdik. \u00c7ok e\u011fleniyorlar, \u00e7ok mutlular.\u201d<\/p>\n","protected":false},"excerpt":{"rendered":"<p>Mersin B\u00fcy\u00fck\u015fehir Belediyesi, Tarsus Karbo\u011faz\u0131 mesire alan\u0131nda d\u00fczenledi\u011fi etkinlikle \u00f6zel gereksinimli \u00e7ocuklar\u0131 karla bulu\u015fturdu. Evde ge\u00e7irdikleri pandemi g\u00fcnlerine kar molas\u0131 veren \u00e7ocuklar, uzman e\u011fitmenler e\u015fli\u011finde d\u00fczenlenen etkinliklerle keyifli bir g\u00fcn &hellip; <a href=\"https:\/\/akdenizolaygazetesi.com\/?p=10930\" class=\"more-link\">Devam\u0131n\u0131 Oku&#8230;<\/a><\/p>\n","protected":false},"author":2,"featured_media":10931,"comment_status":"open","ping_status":"open","sticky":false,"template":"","format":"standard","meta":[],"categories":[34,1,2,3,5],"tags":[],"_links":{"self":[{"href":"https:\/\/akdenizolaygazetesi.com\/index.php?rest_route=\/wp\/v2\/posts\/10930"}],"collection":[{"href":"https:\/\/akdenizolaygazetesi.com\/index.php?rest_route=\/wp\/v2\/posts"}],"about":[{"href":"https:\/\/akdenizolaygazetesi.com\/index.php?rest_route=\/wp\/v2\/types\/post"}],"author":[{"embeddable":true,"href":"https:\/\/akdenizolaygazetesi.com\/index.php?rest_route=\/wp\/v2\/users\/2"}],"replies":[{"embeddable":true,"href":"https:\/\/akdenizolaygazetesi.com\/index.php?rest_route=%2Fwp%2Fv2%2Fcomments&post=10930"}],"version-history":[{"count":1,"href":"https:\/\/akdenizolaygazetesi.com\/index.php?rest_route=\/wp\/v2\/posts\/10930\/revisions"}],"predecessor-version":[{"id":10932,"href":"https:\/\/akdenizolaygazetesi.com\/index.php?rest_route=\/wp\/v2\/posts\/10930\/revisions\/10932"}],"wp:featuredmedia":[{"embeddable":true,"href":"https:\/\/akdenizolaygazetesi.com\/index.php?rest_route=\/wp\/v2\/media\/10931"}],"wp:attachment":[{"href":"https:\/\/akdenizolaygazetesi.com\/index.php?rest_route=%2Fwp%2Fv2%2Fmedia&parent=10930"}],"wp:term":[{"taxonomy":"category","embeddable":true,"href":"https:\/\/akdenizolaygazetesi.com\/index.php?rest_route=%2Fwp%2Fv2%2Fcategories&post=10930"},{"taxonomy":"post_tag","embeddable":true,"href":"https:\/\/akdenizolaygazetesi.com\/index.php?rest_route=%2Fwp%2Fv2%2Ftags&post=10930"}],"curies":[{"name":"wp","href":"https:\/\/api.w.org\/{rel}","templated":true}]}}