{"id":10936,"date":"2021-02-24T13:33:05","date_gmt":"2021-02-24T10:33:05","guid":{"rendered":"http:\/\/akdenizolaygazetesi.com\/?p=10936"},"modified":"2021-02-24T13:33:05","modified_gmt":"2021-02-24T10:33:05","slug":"mersin-buyuksehir-travel-turkey-izmir-fuarina-katiliyor","status":"publish","type":"post","link":"https:\/\/akdenizolaygazetesi.com\/?p=10936","title":{"rendered":"MERS\u0130N B\u00dcY\u00dcK\u015eEH\u0130R, TRAVEL TURKEY \u0130ZM\u0130R FUARI\u2019NA KATILIYOR"},"content":{"rendered":"<p>Mersin B\u00fcy\u00fck\u015fehir Belediyesi, T\u00fcrkiye\u2019nin turizm de\u011ferlerini d\u00fcnya ile bulu\u015fturan ve bu y\u0131l 14\u2019\u00fcnc\u00fcs\u00fc d\u00fczenlenen Travel Turkey \u0130zmir Fuar\u0131\u2019na kat\u0131l\u0131yor. 25-27 \u015eubat\u2019ta yap\u0131lacak olan fuar, pandemi dolay\u0131s\u0131yla dijital olarak ger\u00e7ekle\u015ftirilecek. Sekt\u00f6r temsilcilerini bir araya getirecek olan fuarda Mersin B\u00fcy\u00fck\u015fehir, gastronomi, arkeoloji, k\u00fclt\u00fcr-sanat etkinlikleri ve tarihi turistik t\u00fcm \u00f6ren yerlerini tan\u0131tacak.<\/p>\n<p>Mersin B\u00fcy\u00fck\u015fehir Belediyesi, T\u00fcrkiye\u2019nin turizm de\u011ferlerini d\u00fcnya ile bulu\u015fturan Travel Turkey \u0130zmir Fuar\u0131\u2019na kat\u0131l\u0131yor. Bu y\u0131l 14\u2019\u00fcnc\u00fcs\u00fc d\u00fczenlenen fuar, pandemi dolay\u0131s\u0131yla dijital olarak ger\u00e7ekle\u015ftirilecek. 25 \u015eubat\u2019ta ba\u015flayacak olan fuar 27 \u015eubat\u2019a kadar devam edecek.<\/p>\n<p>Teknolojik yeniliklerin ve dijital i\u015f modellerinin t\u00fcm avantajlar\u0131ndan faydalanarak hem i\u00e7 turizm hem de uluslararas\u0131 turizm alan\u0131nda al\u0131m heyetlerini bulu\u015fturacak olan Travel Turkey \u0130zmir Fuar\u0131\u2019nda, sekt\u00f6r temsilcilerinin \u00e7ok daha h\u0131zl\u0131 ve etkin bir \u015fekilde i\u015f g\u00f6r\u00fc\u015fmelerini ger\u00e7ekle\u015ftirebilmelerine f\u0131rsat tan\u0131yan bir platform olu\u015fturulacak. Mersin B\u00fcy\u00fck\u015fehir Belediyesi, gastronomi, arkeoloji, k\u00fclt\u00fcr ve sanat etkinlikleri, tarihi turistik t\u00fcm \u00f6ren yerleri bilgi ve foto\u011fraflar\u0131yla fuarda yerini alacak.<\/p>\n<p>Mersin\u2019in potansiyeli ve geli\u015fim hedefi ortaya konulacak<\/p>\n<p>Sekt\u00f6r temsilcilerinin online ortamda bulu\u015faca\u011f\u0131 fuarda, K\u00fclt\u00fcr ve Sosyal \u0130\u015fler Dairesi\u2019nin koordinesinde B\u00fcy\u00fck\u015fehir Belediyesi, Mersin\u2019in turizm alan\u0131ndaki potansiyelini ve geli\u015fim hedefini ortaya koyma f\u0131rsat\u0131 bulacak. B\u00fcy\u00fck\u015fehir, turizm ve tan\u0131t\u0131m anlam\u0131nda yapt\u0131\u011f\u0131 t\u00fcm faaliyetleri, gastronomisi, arkeolojik kaz\u0131 \u00e7al\u0131\u015fmalar\u0131 ile k\u00fclt\u00fcr-sanat, Kad\u0131n ve Aile Hizmetleri, Gen\u00e7lik ve Spor Hizmetleri ile fuarda yerini alacak. B\u00fcy\u00fck\u015fehir ayr\u0131ca; VR Mersin tan\u0131t\u0131m videosu ve haz\u0131rlanan birbirinden farkl\u0131 tan\u0131t\u0131m videolar\u0131yla kenti farkl\u0131 y\u00f6nleriyle tan\u0131tacak.<\/p>\n","protected":false},"excerpt":{"rendered":"<p>Mersin B\u00fcy\u00fck\u015fehir Belediyesi, T\u00fcrkiye\u2019nin turizm de\u011ferlerini d\u00fcnya ile bulu\u015fturan ve bu y\u0131l 14\u2019\u00fcnc\u00fcs\u00fc d\u00fczenlenen Travel Turkey \u0130zmir Fuar\u0131\u2019na kat\u0131l\u0131yor. 25-27 \u015eubat\u2019ta yap\u0131lacak olan fuar, pandemi dolay\u0131s\u0131yla dijital olarak ger\u00e7ekle\u015ftirilecek. Sekt\u00f6r &hellip; <a href=\"https:\/\/akdenizolaygazetesi.com\/?p=10936\" class=\"more-link\">Devam\u0131n\u0131 Oku&#8230;<\/a><\/p>\n","protected":false},"author":2,"featured_media":10937,"comment_status":"open","ping_status":"open","sticky":false,"template":"","format":"standard","meta":[],"categories":[34,1,2,3,5],"tags":[],"_links":{"self":[{"href":"https:\/\/akdenizolaygazetesi.com\/index.php?rest_route=\/wp\/v2\/posts\/10936"}],"collection":[{"href":"https:\/\/akdenizolaygazetesi.com\/index.php?rest_route=\/wp\/v2\/posts"}],"about":[{"href":"https:\/\/akdenizolaygazetesi.com\/index.php?rest_route=\/wp\/v2\/types\/post"}],"author":[{"embeddable":true,"href":"https:\/\/akdenizolaygazetesi.com\/index.php?rest_route=\/wp\/v2\/users\/2"}],"replies":[{"embeddable":true,"href":"https:\/\/akdenizolaygazetesi.com\/index.php?rest_route=%2Fwp%2Fv2%2Fcomments&post=10936"}],"version-history":[{"count":1,"href":"https:\/\/akdenizolaygazetesi.com\/index.php?rest_route=\/wp\/v2\/posts\/10936\/revisions"}],"predecessor-version":[{"id":10938,"href":"https:\/\/akdenizolaygazetesi.com\/index.php?rest_route=\/wp\/v2\/posts\/10936\/revisions\/10938"}],"wp:featuredmedia":[{"embeddable":true,"href":"https:\/\/akdenizolaygazetesi.com\/index.php?rest_route=\/wp\/v2\/media\/10937"}],"wp:attachment":[{"href":"https:\/\/akdenizolaygazetesi.com\/index.php?rest_route=%2Fwp%2Fv2%2Fmedia&parent=10936"}],"wp:term":[{"taxonomy":"category","embeddable":true,"href":"https:\/\/akdenizolaygazetesi.com\/index.php?rest_route=%2Fwp%2Fv2%2Fcategories&post=10936"},{"taxonomy":"post_tag","embeddable":true,"href":"https:\/\/akdenizolaygazetesi.com\/index.php?rest_route=%2Fwp%2Fv2%2Ftags&post=10936"}],"curies":[{"name":"wp","href":"https:\/\/api.w.org\/{rel}","templated":true}]}}