{"id":10946,"date":"2021-02-24T17:12:02","date_gmt":"2021-02-24T14:12:02","guid":{"rendered":"http:\/\/akdenizolaygazetesi.com\/?p=10946"},"modified":"2021-02-24T17:12:02","modified_gmt":"2021-02-24T14:12:02","slug":"atolye-degil-sanki-fabrika-toroslar-belediyesinin-personel-uniformalari-da-tortekin-uretim-aginda","status":"publish","type":"post","link":"https:\/\/akdenizolaygazetesi.com\/?p=10946","title":{"rendered":"AT\u00d6LYE DE\u011e\u0130L SANK\u0130 FABR\u0130KA! TOROSLAR BELED\u0130YES\u0130&#8217;N\u0130N PERSONEL \u00dcN\u0130FORMALARI DA TORTEK&#8217;\u0130N \u00dcRET\u0130M A\u011eINDA"},"content":{"rendered":"<p>Toroslar Belediye Ba\u015fkan\u0131 Ats\u0131z Af\u015f\u0131n Y\u0131lmaz&#8217;\u0131n &#8220;\u00dcreten Toroslar&#8221; hedefi ile \u00e7al\u0131\u015fmalar\u0131n\u0131 s\u00fcrd\u00fcren Teknik ve Mesleki E\u011fitim Kurslar\u0131 (TORTEK), \u00fcretimde s\u0131n\u0131r tan\u0131m\u0131yor.<\/p>\n<p>Personelin i\u015f k\u0131yafeti ve \u00fcniformalar\u0131n\u0131n tasarlanarak dikildi\u011fi TORTEK at\u00f6lyesi, adeta fabrika gibi \u00e7al\u0131\u015f\u0131yor.<\/p>\n<p>Pandemi s\u00fcrecinde toplum sa\u011fl\u0131\u011f\u0131n\u0131 korumak ad\u0131na e\u011fitime ara veren Toroslar Belediyesi Teknik ve Mesleki E\u011fitim Kurslar\u0131 (TORTEK) Merkezi, \u00fcretim at\u00f6lyesi haline geldi.<\/p>\n<p>Belediye personelinin t\u00fcm \u00fcniforma ve k\u0131yafetleri, TORTEK&#8217;in usta ellerinde \u00fcretilerek, belediye b\u00fct\u00e7esine y\u00fczde 70 kar sa\u011fl\u0131yor. Ayr\u0131ca esnafa, 65 ya\u015f \u00fcst\u00fc vatanda\u015flara ve belediye personeline da\u011f\u0131t\u0131lmak \u00fczere 5 bin adet bez maske, kuaf\u00f6r ve berberler i\u00e7in ise 5 bin adet tek kullan\u0131ml\u0131k kesim \u00f6nl\u00fc\u011f\u00fc dikilerek hediye edildi.<\/p>\n<p>&#8220;Usta Ellerden \u00c7\u0131kan \u00dcr\u00fcnler, Kurumlardan da Talep G\u00f6r\u00fcyor&#8221;<\/p>\n<p>41 bran\u015fta e\u011fitime yeniden ba\u015flayan TORTEK&#8217;in \u00fcretim at\u00f6lyesinde \u00fcretilen \u00fcr\u00fcnler, kurumlar\u0131n da dikkatini \u00e7ekti. At\u00f6lyede, emniyet mensuplar\u0131n\u0131n \u00fcniformalar\u0131 ve talepte bulunan il\u00e7e belediyelerin personel i\u015f k\u0131yafetleri de dikiliyor. B\u00f6ylelikle tasarruf sa\u011flanarak \u00fclke ekonomisine katk\u0131da bulunuluyor.<\/p>\n<p>Usta \u00d6\u011fretici Fatma G\u00fcn; &#8220;\u0130\u015fimi Severek Yap\u0131yorum&#8221;<\/p>\n<p>At\u00f6lyede \u00e7al\u0131\u015fan TORTEK Usta \u00d6\u011freticisi Fatma G\u00fcn Toroslar Belediye Ba\u015fkan\u0131 Ats\u0131z Af\u015f\u0131n Y\u0131lmaz&#8217;\u0131n destekleriyle \u00fcretime ve ekonomiye katk\u0131da bulunduklar\u0131n\u0131 s\u00f6yleyerek; &#8220;Burada \u00e7ok g\u00fczel i\u015fler ba\u015fard\u0131k. Belediyemizin \u00fcniformalar\u0131n\u0131 ve i\u015f k\u0131yafetlerini dikiyoruz. \u00dcretim yaparak ekonomiye katk\u0131da bulunuyoruz. Eme\u011fimizi \u00fcretimle birle\u015ftirmek bizleri mutlu ediyor. \u0130\u015fimi severek yap\u0131yorum. Ba\u015fkan\u0131m\u0131za desteklerinden dolay\u0131 te\u015fekk\u00fcr ediyorum&#8221; dedi.<\/p>\n<p>At\u00f6lye Sorumlusu Keskin; &#8220;Bu At\u00f6lyede Kad\u0131n Eme\u011fi ve G\u00fcc\u00fc Var&#8221;<\/p>\n<p>At\u00f6lye sorumlusu Nurten Keskin de at\u00f6lyenin adeta bir fabrika gibi \u00e7al\u0131\u015ft\u0131\u011f\u0131n\u0131 kaydederek &#8220;Burada biz kad\u0131nlar\u0131 en \u00e7ok g\u00fc\u00e7lendiren Ba\u015fkan\u0131m\u0131z Ats\u0131z Af\u015f\u0131n Y\u0131lmaz&#8217;\u0131n kad\u0131na verdi\u011fi \u00f6nem ve destektir. Biz bu g\u00fcc\u00fc ba\u015fard\u0131k&#8221; ifadelerini kulland\u0131.<\/p>\n<p>Keskin; &#8220;Covid-19 dolay\u0131s\u0131yla bir pandemi s\u00fcreci ya\u015f\u0131yoruz. Bu s\u00fcre\u00e7te TORTEK Merkezimizde kurslara ara verildi. Toroslar Belediye Ba\u015fkan\u0131m\u0131z Say\u0131n Ats\u0131z Af\u015f\u0131n Y\u0131lmaz&#8217;\u0131n \u00fcretim at\u00f6lyesi \u00e7al\u0131\u015fmalar\u0131 kapsam\u0131nda TORTEK \u00fcretim at\u00f6lyesi faaliyete ge\u00e7ti. Personelin ihtiya\u00e7lar\u0131 do\u011frultusunda \u00fcniforma ve i\u015f k\u0131yafetlerini tasarlayarak dikiyoruz. Fen \u0130\u015fleri, Temizlik, Park ve Bah\u00e7eler, Sosyal \u0130\u015fler M\u00fcd\u00fcrl\u00fc\u011f\u00fc personelinin i\u015f k\u0131yafetlerinin yan\u0131 s\u0131ra Zab\u0131ta M\u00fcd\u00fcrl\u00fc\u011f\u00fc&#8217;n\u00fcn y\u00f6netmeli\u011fine uygun olarak \u00fcniformalar\u0131n\u0131n da \u00fcretimini yap\u0131yoruz. Ba\u015fkan\u0131m\u0131z\u0131n esnafa sundu\u011fu destek kapsam\u0131nda maske \u00fcretimi yapt\u0131k. Berber ve kuaf\u00f6rlere tek kullan\u0131ml\u0131k \u00f6nl\u00fck dikerek teslim ettik. \u015eimdi de Bas\u0131n Yay\u0131n M\u00fcd\u00fcrl\u00fc\u011f\u00fc personelinin i\u015f k\u0131yafetlerinin model tasar\u0131m\u0131n\u0131 yaparak dikimini ger\u00e7ekle\u015ftirdik. Bu at\u00f6lyede kad\u0131n eme\u011fi ve g\u00fcc\u00fc var. Ba\u015fkan\u0131m\u0131za desteklerinden dolay\u0131 te\u015fekk\u00fcr ediyoruz&#8221; diye konu\u015ftu.<\/p>\n<p>Ba\u015fkan Y\u0131lmaz: &#8220;Yerli \u00dcretime Katk\u0131 Sa\u011fl\u0131yoruz. Gururluyuz&#8221;<\/p>\n<p>Toroslar Belediye Ba\u015fkan\u0131 Ats\u0131z Af\u015f\u0131n Y\u0131lmaz, her daim \u00fcretim odakl\u0131 \u00e7al\u0131\u015ft\u0131klar\u0131n\u0131 ifade ederek &#8220;Bu \u00e7al\u0131\u015fmalarla, \u00f6zellikle ev han\u0131mlar\u0131n\u0131n istihdam\u0131na, \u00fclke ekonomisine ve yerli  \u00fcretime \u00f6nemli \u00f6l\u00e7\u00fcde katk\u0131da bulunuyoruz&#8221; dedi.<\/p>\n<p>&#8220;Kendisi \u00fcreten ve \u00fcrettik\u00e7e g\u00fc\u00e7lenen bir Toroslar olu\u015fturduk&#8221; diyen Ba\u015fkan Y\u0131lmaz; &#8220;Kendi at\u00f6lyelerimizde \u00fcretim yapmak ve \u00fclke ekonomisine katk\u0131 sa\u011flamak  en b\u00fcy\u00fck mutluluk.  \u00dcretim, \u00fclkenin ve d\u00fcnyan\u0131n gelece\u011finde \u00f6nemli bir yere sahip. Biz bunun bilincindeyiz. Bu noktada mesleki e\u011fitim kurslar\u0131m\u0131z\u0131n \u00fcretim a\u011f\u0131n\u0131 geni\u015flettik. Eme\u011fi \u00fcretime d\u00f6n\u00fc\u015ft\u00fcren t\u00fcm kad\u0131nlara te\u015fekk\u00fcr ediyorum&#8221; \u015feklinde konu\u015ftu.<\/p>\n","protected":false},"excerpt":{"rendered":"<p>Toroslar Belediye Ba\u015fkan\u0131 Ats\u0131z Af\u015f\u0131n Y\u0131lmaz&#8217;\u0131n &#8220;\u00dcreten Toroslar&#8221; hedefi ile \u00e7al\u0131\u015fmalar\u0131n\u0131 s\u00fcrd\u00fcren Teknik ve Mesleki E\u011fitim Kurslar\u0131 (TORTEK), \u00fcretimde s\u0131n\u0131r tan\u0131m\u0131yor. Personelin i\u015f k\u0131yafeti ve \u00fcniformalar\u0131n\u0131n tasarlanarak dikildi\u011fi TORTEK at\u00f6lyesi, &hellip; <a href=\"https:\/\/akdenizolaygazetesi.com\/?p=10946\" class=\"more-link\">Devam\u0131n\u0131 Oku&#8230;<\/a><\/p>\n","protected":false},"author":2,"featured_media":10947,"comment_status":"open","ping_status":"open","sticky":false,"template":"","format":"standard","meta":[],"categories":[34,1,2,3,5],"tags":[],"_links":{"self":[{"href":"https:\/\/akdenizolaygazetesi.com\/index.php?rest_route=\/wp\/v2\/posts\/10946"}],"collection":[{"href":"https:\/\/akdenizolaygazetesi.com\/index.php?rest_route=\/wp\/v2\/posts"}],"about":[{"href":"https:\/\/akdenizolaygazetesi.com\/index.php?rest_route=\/wp\/v2\/types\/post"}],"author":[{"embeddable":true,"href":"https:\/\/akdenizolaygazetesi.com\/index.php?rest_route=\/wp\/v2\/users\/2"}],"replies":[{"embeddable":true,"href":"https:\/\/akdenizolaygazetesi.com\/index.php?rest_route=%2Fwp%2Fv2%2Fcomments&post=10946"}],"version-history":[{"count":1,"href":"https:\/\/akdenizolaygazetesi.com\/index.php?rest_route=\/wp\/v2\/posts\/10946\/revisions"}],"predecessor-version":[{"id":10948,"href":"https:\/\/akdenizolaygazetesi.com\/index.php?rest_route=\/wp\/v2\/posts\/10946\/revisions\/10948"}],"wp:featuredmedia":[{"embeddable":true,"href":"https:\/\/akdenizolaygazetesi.com\/index.php?rest_route=\/wp\/v2\/media\/10947"}],"wp:attachment":[{"href":"https:\/\/akdenizolaygazetesi.com\/index.php?rest_route=%2Fwp%2Fv2%2Fmedia&parent=10946"}],"wp:term":[{"taxonomy":"category","embeddable":true,"href":"https:\/\/akdenizolaygazetesi.com\/index.php?rest_route=%2Fwp%2Fv2%2Fcategories&post=10946"},{"taxonomy":"post_tag","embeddable":true,"href":"https:\/\/akdenizolaygazetesi.com\/index.php?rest_route=%2Fwp%2Fv2%2Ftags&post=10946"}],"curies":[{"name":"wp","href":"https:\/\/api.w.org\/{rel}","templated":true}]}}