{"id":10949,"date":"2021-02-24T17:38:38","date_gmt":"2021-02-24T14:38:38","guid":{"rendered":"http:\/\/akdenizolaygazetesi.com\/?p=10949"},"modified":"2021-02-24T17:38:38","modified_gmt":"2021-02-24T14:38:38","slug":"santral-dunyanin-en-guvenli-tesisi-olacak","status":"publish","type":"post","link":"https:\/\/akdenizolaygazetesi.com\/?p=10949","title":{"rendered":"&#8216;SANTRAL D\u00dcNYANIN EN G\u00dcVENL\u0130 TES\u0130S\u0130 OLACAK&#8217;"},"content":{"rendered":"<p>Rosatom &#8211; Akkuyu N\u00fckleer A.\u015e. medya semineri d\u00fczenlenen toplant\u0131 ile ger\u00e7ekle\u015ftirildi. Seminere, NGS Yap\u0131 \u0130\u015fleri Direkt\u00f6r\u00fc ve Genel M\u00fcd\u00fcr Birinci Yard\u0131mc\u0131s\u0131 Sergei Borisovich Butchkikh, Frans\u0131z Assystem firmas\u0131n\u0131n \u00dcnite Koordinat\u00f6r\u00fc Alexia Sergeant, N\u00fckleer Enerji Y\u00fcksek M\u00fchendisi Korcan Kayr\u0131n, Mersin \u00dcniversitesi Makine M\u00fchendisli\u011fi B\u00f6l\u00fcm Ba\u015fkan\u0131 Do\u00e7. Dr. G\u00f6khan Arslan ve \u00e7ok say\u0131da bas\u0131n mensubu kat\u0131ld\u0131.<\/p>\n<p>NGS Yap\u0131 \u0130\u015fleri Direkt\u00f6r\u00fc ve Genel M\u00fcd\u00fcr Birinci Yard\u0131mc\u0131s\u0131 Sergei Borisovich Butckikh seminerin a\u00e7\u0131l\u0131\u015f konu\u015fmas\u0131n\u0131 yaparak bir sunum ger\u00e7ekle\u015ftirdi. <\/p>\n<p>KAPAS\u0130TE TOPLAM 4 B\u0130N 800 MEGAWATT <\/p>\n<p>Butckikh, konu\u015fmas\u0131nda \u015fu c\u00fcmleleri kulland\u0131: \u201cBug\u00fcn burada, T\u00fcrk- Rus ortakl\u0131\u011f\u0131 ile en son teknoloji ile in\u015fa edilen Akkuyu N\u00fckleer Santrali ile ilgili en g\u00fcncel bilgileri sizlerle payla\u015fmak i\u00e7in buraday\u0131z. Asl\u0131nda birazda olsa bu projenin tarih\u00e7esine de\u011finmek istiyorum. Bu projenin tarih\u00e7esi 2010 Y\u0131l\u0131na dayan\u0131yor. Bu tarihte Rusya Federasyonu ile T\u00fcrkiye Cumhuriyeti aras\u0131nda anla\u015fman\u0131n yap\u0131lmas\u0131yla bu proje ba\u015flam\u0131\u015f oldu. Bu projenin finansman\u0131 Rusya Federasyonu taraf\u0131ndan sa\u011flan\u0131yor. Proje ile ilgili genel bilgileri payla\u015fmak ad\u0131na sizlere \u015funu bildirmek isterim ki; n\u00fckleer santral d\u00f6rt g\u00fc\u00e7 \u00fcnitesinden olu\u015facak. Toplamda 4800 megawatt toplam kapasiteye sahip olacak. Ben burada bir hususu \u00e7ok net ifade etmek istiyorum. Eminim ki bu santral, d\u00fcnyan\u0131n en g\u00fcvenilir n\u00fckleer tesisi olacak. Bunun gerek\u00e7elerini de \u015funa dayand\u0131rmak istiyorum; kullanaca\u011f\u0131m\u0131z reakt\u00f6r tipleri hali haz\u0131rda ba\u015far\u0131l\u0131 bir \u015fekilde d\u00fcnyada 5 adet i\u015fletmeye sunulmu\u015f durumda. D\u00f6rt tanesi Rusya&#8217;da, bir tanesi de Belarus&#8217;ta kullan\u0131mda. N\u00fckleer santralde kullan\u0131lacak reakt\u00f6r tipi yeni nesil olarak tabir edilen 3+ nesil olacak. Santralin i\u015fletme \u00f6mr\u00fc 60 sene olup, 20 sene daha uzatma imkan\u0131 olacakt\u0131r. \u0130\u015fte bu gerek\u00e7elere dayanarak in\u015fa etmekte oldu\u011fumuz n\u00fckleer santralin en g\u00fcvenilir n\u00fckleer santral olaca\u011f\u0131n\u0131 hi\u00e7 \u00e7ekinmeden s\u00f6yleyebilirim. Proje kapsam\u0131nda ger\u00e7ekle\u015ftirilen i\u015flere ba\u011fl\u0131 olarak bir hususu sizlerle payla\u015fmay\u0131 uygun g\u00f6r\u00fcyorum. Projemizde yerli \u015firketlerin yer almas\u0131 i\u00e7in olanaklar ve f\u0131rsatlar sunulmaktad\u0131r. Halihaz\u0131rda projemizde 400&#8217;\u00fcn \u00fczerinde b\u00fcy\u00fck, orta ve k\u00fc\u00e7\u00fck \u00f6l\u00e7ekte \u015firket yer almaktad\u0131r. Halizarda in\u015faat saham\u0131zda 8 bin i\u015f\u00e7i istihdam edilmektedir. \u0130n\u015faat d\u00f6nemimizin zirveye ula\u015ft\u0131\u011f\u0131 d\u00f6nemde ise saha da 12 binden fazla i\u015f\u00e7inin istihdam edilmesi \u00f6n g\u00f6r\u00fcl\u00fcyor. Bu elbette ki devasa bir g\u00fc\u00e7 anlam\u0131na geliyor. \u0130n\u015faat d\u00f6nemi bitti\u011finde i\u015fletme d\u00f6nemine ge\u00e7ilecek. \u0130\u015fletme d\u00f6neminde de yakla\u015f\u0131k 4 bin ki\u015finin istihdam\u0131 sa\u011flanacak. Projemiz kapsam\u0131nda \u00f6nemli olan bir hususa daha de\u011finmek isterim. Santralimizde istihdam edilecek ki\u015filere y\u00f6nelik \u00f6zel e\u011fitim program\u0131 uygulanmakta olup, bu ki\u015filerin T\u00fcrk vatanda\u015flar\u0131 aras\u0131ndan se\u00e7ilip, e\u011fitime tabi tutularak, daha sonras\u0131nda santralde istihdam edilmesi \u00f6n g\u00f6r\u00fclm\u00fc\u015ft\u00fcr. Bunlardan 600 ki\u015fi Rusya&#8217;da ki e\u011fitim kurumlar\u0131nda yeti\u015ftirilecektir. Bu program kapsam\u0131nda 186 ki\u015fi Rusya&#8217;da ki e\u011fitim kurumlar\u0131nda e\u011fitimlerini tamamlam\u0131\u015f ve \u015firketimiz b\u00fcnyesinde istihdam edilmektedir. Bunlar\u0131n 3 tanesi Mersin b\u00f6lgesindendir.&#8221;<\/p>\n<p>&#8221;B\u0130R\u0130NC\u0130 \u00dcN\u0130TE ARTIK NET OLARAK G\u00d6R\u00dcL\u00dcYOR&#8221;<\/p>\n<p>Konu\u015fmas\u0131n\u0131n devam\u0131nda, Akkuyu NGS faaliyete ge\u00e7ti\u011finde T\u00fcrkiye\u2019nin elektrik ihtiyac\u0131n\u0131n y\u00fczde 10\u2019unu kar\u015f\u0131layacak kapasitede olaca\u011f\u0131n\u0131 vurgulayan Butckikh, &#8221;8 Nisan 2020\u2019de ikinci \u00fcnitenin yap\u0131m\u0131 i\u00e7in resmi olarak ruhsat al\u0131nd\u0131 ve yap\u0131m\u0131na ge\u00e7ildi. 3 May\u0131s 2020\u2019de de 3\u2019\u00fcnc\u00fc \u00fcnitenin \u00e7ukur kaz\u0131s\u0131 i\u00e7in s\u0131n\u0131rl\u0131 \u00e7al\u0131\u015fma izni alarak \u00e7al\u0131\u015fmalara ba\u015flad\u0131k. \u015eu anda in\u015faat saham\u0131zda 3 \u00fcniteyle ilgili \u00e7al\u0131\u015fmalar \u00f6nceden onaylanan program kapsam\u0131nda e\u015f zamanl\u0131 devam ediyor. Bizim i\u00e7in \u00f6nem arz eden bir olay daha var; Haziran 2020\u2019de birinci \u00fcnitenin i\u00e7 koruma binas\u0131n\u0131n montaj\u0131 yap\u0131ld\u0131. \u0130kinci \u00fcnitenin in\u015faat\u0131nda ise \u2018kor tutucu\u2019 dedi\u011fimiz \u00e7ok \u00f6nemli bir ekipman\u0131n Kas\u0131m 2020\u2019de tasar\u0131mda \u00f6ng\u00f6r\u00fclen yerine kurulumu tamamland\u0131. Kor tutucu ekipman\u0131, korun i\u00e7ine yerle\u015ftirilen ve tasar\u0131m d\u0131\u015f\u0131 bir kaza olmas\u0131 durumunda farkl\u0131 maddelerin s\u0131zmas\u0131n\u0131 her t\u00fcrl\u00fc \u00f6nlemeyi sa\u011flayan bir ekipman. Bu zor ve karma\u015f\u0131k in\u015faat s\u00fcrecinde T\u00fcrk in\u015faat\u00e7\u0131lar\u0131n\u0131n, tedarik\u00e7ilerinin maharetlerini, ustal\u0131klar\u0131n\u0131 ve i\u015fe olan hakimiyetlerini vurgulamadan ge\u00e7emeyece\u011fim. \u00d6rne\u011fin, 137 tonun \u00fczerinde a\u011fr\u0131l\u0131\u011fa sahip konsol kiri\u015finin yerine yerle\u015ftirilmesi \u00e7ok zor, ancak T\u00fcrk in\u015faat\u00e7\u0131lar\u0131 bunu ba\u015far\u0131yla yerine getirebiliyorlar. \u0130n\u015faat\u0131n yan\u0131 s\u0131ra ekipman imalat\u0131 da devam ediyor. Bizim i\u00e7in geride b\u0131rakt\u0131\u011f\u0131m\u0131z eyl\u00fcl ay\u0131nda \u00e7ok anahtar bir olay ger\u00e7ekle\u015fti; birinci \u00fcnitenin reakt\u00f6r\u00fcn ana ekipman\u0131 buhar jenerat\u00f6r\u00fc in\u015faat sahas\u0131na tedarik edildi. Bu ekipman 350 tonun \u00fczerindedir ve fabrikada imalat\u0131 36 ay s\u00fcrmektedir. Art\u0131k 400\u2019\u00fcn \u00fczerinde imalat fabrikalar\u0131nda birinci \u00fcnite i\u00e7in ilgili ekipmanlar\u0131n imalat\u0131na ba\u015flanm\u0131\u015f durumda. Ge\u00e7en y\u0131l\u0131n son aylar\u0131nda trib\u00fcn ekipman\u0131n da son a\u015famas\u0131na gelindi, in\u015faat sahas\u0131na sevkiyat\u0131n\u0131n da mart ay\u0131nda ger\u00e7ekle\u015fmesini bekliyoruz. Bir di\u011fer \u00f6nemli ekipman da boru hatlar\u0131 ki, bunlar da Rusya\u2019da imal ediliyor. Yaz aylar\u0131nda bas\u0131n\u00e7 kab\u0131n\u0131n kurulumunu yapt\u0131ktan sonra gerekli elementlerin tasar\u0131mda \u00f6ng\u00f6r\u00fclen yerlere kurulumu yap\u0131lacak. T\u00fcm bu i\u015flerin yan\u0131 s\u0131ra gerekli izin \u00e7al\u0131\u015fmalar\u0131n\u0131 da s\u00fcrd\u00fcr\u00fcyoruz. 4\u2019\u00fcnc\u00fc \u00fcnitenin in\u015faat\u0131na ba\u015flamak i\u00e7in ge\u00e7en y\u0131l 12 May\u0131s\u2019ta N\u00fckleer D\u00fczenleme Kurumuna ba\u015fvuru yap\u0131ld\u0131. Kas\u0131m ay\u0131nda da 3\u2019\u00fcnc\u00fc \u00fcnite i\u00e7in in\u015faat lisans\u0131 al\u0131nd\u0131. \u0130n\u015faat lisanslar\u0131n\u0131n al\u0131nmas\u0131 3\u2019\u00fcnc\u00fc \u00fcnitenin in\u015faat\u0131na ge\u00e7ilmesi i\u00e7in gerekli t\u00fcm haz\u0131rl\u0131klar\u0131n tamamland\u0131\u011f\u0131 anlam\u0131na geliyor. Birinci \u00fcnite art\u0131k net g\u00f6r\u00fcl\u00fcyor. \u0130kinci \u00fcnite s\u00fcr\u00fcyor ve 3\u2019\u00fcnc\u00fc \u00fcnite i\u00e7in kaz\u0131 \u00e7al\u0131\u015fmalar\u0131 s\u00fcr\u00fcyor. Bir n\u00fckleer santral sadece n\u00fckleer g\u00fc\u00e7 \u00fcniteleri veya binalardan bir tesis anlam\u0131na gelmiyor. \u00c7ok say\u0131da yard\u0131mc\u0131 binalar var. Bat\u0131 ve do\u011fu in\u015faat ve montaj \u00fcsleri adeta bir fabrika faaliyette. N\u00fckleer santrali Akdeniz\u2019in k\u0131y\u0131s\u0131ndaki bir b\u00f6lgede yap\u0131yoruz. Bu nedenle deniz hidroteknik yap\u0131lar\u0131n\u0131n da olmas\u0131 gerekiyor. K\u0131y\u0131 koruma yap\u0131lar\u0131 \u00f6rne\u011fin deniz hidroteknik yap\u0131lar\u0131ndand\u0131r. Beton gibi malzemeler y\u00fczde 100 yerli malzemeden tercih ediliyor. \u0130leride yerli piyasadan temin edilmesi \u00f6ng\u00f6r\u00fclen malzemelerin y\u00fczde 40\u2019\u0131n\u0131n yerli piyasadan tedarik edilmesi projede \u00f6ng\u00f6r\u00fcl\u00fcyor. K\u0131y\u0131 koruma yap\u0131lar\u0131nda kullan\u0131lan malzemeler burada \u00fcretilip in\u015faat yerinde de kullan\u0131l\u0131yor.&#8221; \u015feklinde konu\u015ftu.<\/p>\n<p>&#8221;B\u00dcY\u00dcKECEL\u0130\u2019DE SANTRALE 2.5 K\u0130LOMETRE UZAKLIKTA, 3 B\u0130N 500 K\u0130\u015e\u0130L\u0130K YA\u015eAM ALANI KURUYORUZ&#8221;<\/p>\n<p>Konu\u015fmas\u0131n\u0131n ard\u0131ndan gazetecilerin sorular\u0131n\u0131 yan\u0131tlayan Butckikh, &#8216;Proje tamamland\u0131\u011f\u0131nda buras\u0131 yeniden kasaba haline gelecek, bunun \u00fczerine altyap\u0131 \u00e7al\u0131\u015fmalar\u0131 yap\u0131yor musunuz? Ka\u00e7 ki\u015filik bir projeyle ba\u015flad\u0131n\u0131z?&#8217;  sorusunu \u015fu \u015fekilde cevaplad\u0131: &#8221;Asl\u0131nda bu konuya cevap vermeden \u00f6nce sizin vasf\u0131n\u0131zla b\u00fct\u00fcn G\u00fclnar halk\u0131na ve yetkili makamlar\u0131na \u00f6zellikle Belediye Ba\u015fkanlar\u0131na \u00e7ok i\u00e7ten te\u015fekk\u00fcrlerimi iletiyorum. \u00c7\u00fcnk\u00fc onlar duymas\u0131 gerekiyor bizim te\u015fekk\u00fcrlerimizi. Bu konuda bize  \u00e7ok b\u00fcy\u00fck yard\u0131m ve anlay\u0131\u015f g\u00f6sterdikleri i\u00e7in. \u00d6zellikle e\u011fer son d\u00f6nemde i\u00e7inde bulundu\u011fumuz bu pandemi ko\u015fullar\u0131n\u0131 dikkate al\u0131rsak, bu yerli yetkili makamlar\u0131n bize sa\u011flam\u0131\u015f olduklar\u0131 yard\u0131mlar\u0131, att\u0131klar\u0131 kar\u015f\u0131 ad\u0131mlar, i\u00e7inde bulundu\u011fumuz ko\u015fullardan dolay\u0131 bize her t\u00fcrl\u00fc kolayl\u0131klar\u0131 sa\u011flad\u0131klar\u0131 i\u00e7in \u00e7ok \u00e7ok minnettar\u0131z ekibimiz ad\u0131na. \u00c7\u00fcnk\u00fc burada gerek\u00e7eye dayand\u0131r\u0131lan hususlar var. \u00d6zellikle pandemi ko\u015fullar\u0131n\u0131 dikkate ald\u0131\u011f\u0131m\u0131zda. Al\u0131nan \u00f6nlemlere s\u0131k\u0131 bir \u015fekilde riayet etmemiz gerekti\u011fini, zorunlu oldu\u011funu dikkate ald\u0131\u011f\u0131m\u0131zda in\u015faat kapsam\u0131nda \u00e7al\u0131\u015fan bu kadar insan\u0131n gereken \u015fekilde yerle\u015ftirilmesi, ikametgahlar\u0131n\u0131n sa\u011flanmas\u0131 konusunda inan\u0131lmaz yard\u0131mlar\u0131n\u0131 g\u00f6rd\u00fck yerli makamlar\u0131n. Dolay\u0131s\u0131yla bu kadar \u00e7ok in\u015faat kapsam\u0131nda \u00e7al\u0131\u015fan insanlar\u0131m\u0131z\u0131n gereken \u015fekilde ikametinin sa\u011flanmas\u0131 konusunda tedbirlere uygun olarak baz\u0131 ko\u015fullar\u0131n yarat\u0131lmas\u0131, bizim projemizin bir anlamda da ilerlemesinin sebeplerinden biri oldu. \u015eimdi ben bu s\u00f6ylediklerimi rakamlarla sabitlemek istiyorum. Ge\u00e7ti\u011fimiz y\u0131l\u0131n son aylar\u0131nda biz B\u00fcy\u00fckeceli Beldesinde, saham\u0131z\u0131n bulundu\u011fu yere iki bu\u00e7uk kilometre mesafede orada in\u015faat alan\u0131 diye tabir etti\u011fimiz, i\u015f\u00e7ilerimizin kalaca\u011f\u0131 bir ya\u015fam kompleksiyle ilgili proje \u00fczerinde \u00e7al\u0131\u015fmalara ba\u015flad\u0131k. Ya\u015fam merkezinin ilk etab\u0131 tamamland\u0131ktan sonra i\u00e7inde bulundu\u011fu senenin yaz aylar\u0131nda ba\u015flar\u0131nda art\u0131k i\u015fletmeye teslim edilecektir. Yani i\u015f\u00e7ilerimiz orada ya\u015famaya ba\u015flayacak. Toplamda, lojmanlardan olu\u015facak bu ya\u015fam merkezi ve ya\u015fam alan\u0131 3 bin 500 ki\u015fiyi alacak \u015fekilde tasarlanm\u0131\u015ft\u0131r. Asl\u0131nda bu g\u00fcne kadar mevcut ya\u015fam alanlar\u0131m\u0131z vard\u0131r. Sipahili b\u00f6lgesinde, B\u00fcy\u00fckeceli b\u00f6lgesinde baz\u0131 ya\u015fam merkezleri var. \u0130\u015f\u00e7icilerimizin \u015fu anda kald\u0131klar\u0131 yerler. Yeni yap\u0131lacaklar\u0131 da dikkate al\u0131rsak; bahs etti\u011fim gibi in\u015faat\u0131n zirveye ula\u015ft\u0131\u011f\u0131 d\u00f6nemde, hani 12 bin ki\u015finin \u00fczerinde insan istihdam edilecek diyoruz ya, o d\u00f6nemi g\u00f6ze ald\u0131\u011f\u0131m\u0131zda bu ya\u015fam merkezlerinin tamam\u0131n\u0131n kapasitesi bu kadar say\u0131da insan\u0131 ya\u015famas\u0131 i\u00e7in yeterli ko\u015fullar\u0131n sa\u011flanaca\u011f\u0131n\u0131 umuyoruz. Asl\u0131nda burada biz ya\u015fam merkezi dendi\u011finde sadece burada insanlar\u0131n gelip kalaca\u011f\u0131 binay\u0131 g\u00f6z \u00f6n\u00fcnde bulundurmam\u0131z gerekiyor. Burada bir tak\u0131m sosyal, k\u00fclt\u00fcrel etkinliklerin d\u00fczenlenece\u011fi altyap\u0131ya sahip bir tak\u0131m yard\u0131mc\u0131 olan tesislerinde kurulmas\u0131 da \u00f6n g\u00f6r\u00fcl\u00fcyor. Buda orada ya\u015fayacak insanlar\u0131n do\u011fal ihtiya\u00e7lar\u0131n\u0131 kar\u015f\u0131layabilsin.&#8221;<\/p>\n","protected":false},"excerpt":{"rendered":"<p>Rosatom &#8211; Akkuyu N\u00fckleer A.\u015e. medya semineri d\u00fczenlenen toplant\u0131 ile ger\u00e7ekle\u015ftirildi. Seminere, NGS Yap\u0131 \u0130\u015fleri Direkt\u00f6r\u00fc ve Genel M\u00fcd\u00fcr Birinci Yard\u0131mc\u0131s\u0131 Sergei Borisovich Butchkikh, Frans\u0131z Assystem firmas\u0131n\u0131n \u00dcnite Koordinat\u00f6r\u00fc Alexia &hellip; <a href=\"https:\/\/akdenizolaygazetesi.com\/?p=10949\" class=\"more-link\">Devam\u0131n\u0131 Oku&#8230;<\/a><\/p>\n","protected":false},"author":2,"featured_media":10950,"comment_status":"open","ping_status":"open","sticky":false,"template":"","format":"standard","meta":[],"categories":[34,1,2,3,5],"tags":[],"_links":{"self":[{"href":"https:\/\/akdenizolaygazetesi.com\/index.php?rest_route=\/wp\/v2\/posts\/10949"}],"collection":[{"href":"https:\/\/akdenizolaygazetesi.com\/index.php?rest_route=\/wp\/v2\/posts"}],"about":[{"href":"https:\/\/akdenizolaygazetesi.com\/index.php?rest_route=\/wp\/v2\/types\/post"}],"author":[{"embeddable":true,"href":"https:\/\/akdenizolaygazetesi.com\/index.php?rest_route=\/wp\/v2\/users\/2"}],"replies":[{"embeddable":true,"href":"https:\/\/akdenizolaygazetesi.com\/index.php?rest_route=%2Fwp%2Fv2%2Fcomments&post=10949"}],"version-history":[{"count":1,"href":"https:\/\/akdenizolaygazetesi.com\/index.php?rest_route=\/wp\/v2\/posts\/10949\/revisions"}],"predecessor-version":[{"id":10951,"href":"https:\/\/akdenizolaygazetesi.com\/index.php?rest_route=\/wp\/v2\/posts\/10949\/revisions\/10951"}],"wp:featuredmedia":[{"embeddable":true,"href":"https:\/\/akdenizolaygazetesi.com\/index.php?rest_route=\/wp\/v2\/media\/10950"}],"wp:attachment":[{"href":"https:\/\/akdenizolaygazetesi.com\/index.php?rest_route=%2Fwp%2Fv2%2Fmedia&parent=10949"}],"wp:term":[{"taxonomy":"category","embeddable":true,"href":"https:\/\/akdenizolaygazetesi.com\/index.php?rest_route=%2Fwp%2Fv2%2Fcategories&post=10949"},{"taxonomy":"post_tag","embeddable":true,"href":"https:\/\/akdenizolaygazetesi.com\/index.php?rest_route=%2Fwp%2Fv2%2Ftags&post=10949"}],"curies":[{"name":"wp","href":"https:\/\/api.w.org\/{rel}","templated":true}]}}