{"id":1096,"date":"2020-11-04T18:21:41","date_gmt":"2020-11-04T15:21:41","guid":{"rendered":"http:\/\/mersinekonomipolitikagazetesi.com\/?p=1096"},"modified":"2020-11-04T18:21:41","modified_gmt":"2020-11-04T15:21:41","slug":"tarihi-hadra-hamamina-ic-restorasyon-gerekiyor","status":"publish","type":"post","link":"https:\/\/akdenizolaygazetesi.com\/?p=1096","title":{"rendered":"TAR\u0130H\u0130 HADRA HAMAMI&#8217;NA \u0130\u00c7 RESTORASYON GEREK\u0130YOR"},"content":{"rendered":"<p>1907 tarihinde in\u015fa edilen ve Mersin&#8217;in en \u00f6nemli tarihi eserlerinden biri olan Hadra Hamam\u0131&#8217;n\u0131n, i\u00e7 k\u0131s\u0131mdaki b\u00f6l\u00fcmlerinin restorasyonu i\u00e7in gerekli \u00e7al\u0131\u015fmalar\u0131n ba\u015flat\u0131lmas\u0131 bekleniyor.<\/p>\n<div style=\"color: rgb(34, 34, 34); font-family: arial, sans-serif; font-size: 12.8px; font-style: normal; font-variant-ligatures: normal; font-variant-caps: normal; font-weight: normal; letter-spacing: normal; orphans: 2; text-align: start; text-indent: 0px; text-transform: none; white-space: normal; widows: 2; word-spacing: 0px; -webkit-text-stroke-width: 0px; background-color: rgb(255, 255, 255); text-decoration-style: initial; text-decoration-color: initial;\">1907 y\u0131l\u0131nda in\u015fa edilen Hadra Hamam\u0131 1934-35 y\u0131llar\u0131 aras\u0131nda kubbe k\u0131sm\u0131ndan onar\u0131m g\u00f6rerek g\u00fcn\u00fcm\u00fcze kadar ula\u015fm\u0131\u015f durumda. En son d\u0131\u015f cephe restorasyonu 2013 y\u0131l\u0131nda tamamlanan ve Akdeniz Belediyesi taraf\u0131ndan Hadra Hamam\u0131 K\u00fclt\u00fcr ve Sanat evi olarak faaliyete ge\u00e7irilen yap\u0131n\u0131n, i\u00e7 k\u0131sm\u0131n\u0131n restorasyon g\u00f6rmedi\u011fi, duvarlar\u0131ndaki tarihi eser niteli\u011findeki resimlerin koruma alt\u0131na al\u0131nmamas\u0131 nedeniyle g\u00fcn ge\u00e7tik\u00e7e silinip kayboldu\u011fu g\u00f6zler \u00f6n\u00fcne serilmekte. G\u00fcn\u00fcm\u00fczde halen; e\u011fitim, konser ve sergilere ev sahipli\u011fi yapan hamam\u0131n, gerekli onar\u0131mlardan ge\u00e7mesi hususunda taleplerin bulundu\u011fu, ancak i\u015flem a\u015famalar\u0131n\u0131n uzun s\u00fcrmesinden dolay\u0131 ihmale u\u011frad\u0131\u011f\u0131 s\u00f6z konusu.\u00a0<\/div>\n<div style=\"color: rgb(34, 34, 34); font-family: arial, sans-serif; font-size: 12.8px; font-style: normal; font-variant-ligatures: normal; font-variant-caps: normal; font-weight: normal; letter-spacing: normal; orphans: 2; text-align: start; text-indent: 0px; text-transform: none; white-space: normal; widows: 2; word-spacing: 0px; -webkit-text-stroke-width: 0px; background-color: rgb(255, 255, 255); text-decoration-style: initial; text-decoration-color: initial;\">\u00a0<\/div>\n<div style=\"color: rgb(34, 34, 34); font-family: arial, sans-serif; font-size: 12.8px; font-style: normal; font-variant-ligatures: normal; font-variant-caps: normal; font-weight: normal; letter-spacing: normal; orphans: 2; text-align: start; text-indent: 0px; text-transform: none; white-space: normal; widows: 2; word-spacing: 0px; -webkit-text-stroke-width: 0px; background-color: rgb(255, 255, 255); text-decoration-style: initial; text-decoration-color: initial;\">HADRA HAMAMINDAK\u0130 E\u011e\u0130T\u0130MLERE \u0130LG\u0130 DUYULUYOR<\/div>\n<div style=\"color: rgb(34, 34, 34); font-family: arial, sans-serif; font-size: 12.8px; font-style: normal; font-variant-ligatures: normal; font-variant-caps: normal; font-weight: normal; letter-spacing: normal; orphans: 2; text-align: start; text-indent: 0px; text-transform: none; white-space: normal; widows: 2; word-spacing: 0px; -webkit-text-stroke-width: 0px; background-color: rgb(255, 255, 255); text-decoration-style: initial; text-decoration-color: initial;\">\u00a0<\/div>\n<div style=\"color: rgb(34, 34, 34); font-family: arial, sans-serif; font-size: 12.8px; font-style: normal; font-variant-ligatures: normal; font-variant-caps: normal; font-weight: normal; letter-spacing: normal; orphans: 2; text-align: start; text-indent: 0px; text-transform: none; white-space: normal; widows: 2; word-spacing: 0px; -webkit-text-stroke-width: 0px; background-color: rgb(255, 255, 255); text-decoration-style: initial; text-decoration-color: initial;\">Semt, mahalle k\u00fclt\u00fcr\u00fcne g\u00f6re, insanlar\u0131n ilgi duyduklar\u0131 y\u00f6nleri baz al\u0131narak, Hadra Hamam\u0131 y\u00f6netimi taraf\u0131ndan e\u011fitim bran\u015flar\u0131 tespit edilip buna ba\u011fl\u0131 olarak kurslar a\u00e7\u0131l\u0131yor.\u015eu anda sadece \u015ean ve Resim kurslar\u0131n\u0131n a\u00e7\u0131k oldu\u011funu bildiren yetkililer, konuyla ilgili \u00e7al\u0131\u015fmalar\u0131n\u0131n devam etti\u011fini belirtti.\u00a0<\/div>\n<div style=\"color: rgb(34, 34, 34); font-family: arial, sans-serif; font-size: 12.8px; font-style: normal; font-variant-ligatures: normal; font-variant-caps: normal; font-weight: normal; letter-spacing: normal; orphans: 2; text-align: start; text-indent: 0px; text-transform: none; white-space: normal; widows: 2; word-spacing: 0px; -webkit-text-stroke-width: 0px; background-color: rgb(255, 255, 255); text-decoration-style: initial; text-decoration-color: initial;\">Hadra Hamam\u0131 Koordinat\u00f6r\u00fc Ezgi \u00d6zge Tozlu konuyla ilgili a\u00e7\u0131klamas\u0131n\u0131; &#8221;\u00c7al\u0131\u015fma saatlerimizi ve g\u00fcnlerimizi kursiyerlerimize g\u00f6re koordine ediyoruz, e\u011fitim bran\u015flar\u0131m\u0131z\u0131n dolabilmesi i\u00e7in \u015fu anda muhtarlarla g\u00f6r\u00fc\u015f\u00fcyoruz, semt ve mahalle sakinlerinin ilgi duyduklar\u0131 sanat dallar\u0131nda kurslar a\u00e7maya \u00e7al\u0131\u015f\u0131yoruz. D\u00f6nemsel \u00e7al\u0131\u015fmalar\u0131m\u0131z oluyor, \u00f6rne\u011fin yaz d\u00f6nemi kurslar\u0131m\u0131z ba\u015flayacak. Elimizden geldi\u011fince insanlar\u0131 hem Hadra Hamam\u0131 ile hem de sanat ile bulu\u015fturmak i\u00e7in t\u00fcm y\u00f6ntemlerimizi kullanarak \u00e7al\u0131\u015fmalar\u0131m\u0131z\u0131 y\u00fcr\u00fct\u00fcyoruz. E\u011fitimcilerimiz Akdeniz Belediyesi Merkez Halk E\u011fitim Merkezinden taleplerimiz do\u011frultusunda g\u00f6nderiliyor. Burada g\u00f6revli olan herkes i\u015fini lay\u0131k\u0131yla, sanatla icra ediyor. Tarihi bir mekanda \u00e7al\u0131\u015fmak kendi ad\u0131ma i\u00e7e s\u0131\u011fmaz bir duygu, burada olmaktan memnunum.&#8221;ifadeleriyle dile getirdi.<\/div>\n<div style=\"color: rgb(34, 34, 34); font-family: arial, sans-serif; font-size: 12.8px; font-style: normal; font-variant-ligatures: normal; font-variant-caps: normal; font-weight: normal; letter-spacing: normal; orphans: 2; text-align: start; text-indent: 0px; text-transform: none; white-space: normal; widows: 2; word-spacing: 0px; -webkit-text-stroke-width: 0px; background-color: rgb(255, 255, 255); text-decoration-style: initial; text-decoration-color: initial;\">\u00a0<\/div>\n<div style=\"color: rgb(34, 34, 34); font-family: arial, sans-serif; font-size: 12.8px; font-style: normal; font-variant-ligatures: normal; font-variant-caps: normal; font-weight: normal; letter-spacing: normal; orphans: 2; text-align: start; text-indent: 0px; text-transform: none; white-space: normal; widows: 2; word-spacing: 0px; -webkit-text-stroke-width: 0px; background-color: rgb(255, 255, 255); text-decoration-style: initial; text-decoration-color: initial;\">KUBBEY\u0130 M\u0130MAR OLAN BABAM ONARDI<\/div>\n<div style=\"color: rgb(34, 34, 34); font-family: arial, sans-serif; font-size: 12.8px; font-style: normal; font-variant-ligatures: normal; font-variant-caps: normal; font-weight: normal; letter-spacing: normal; orphans: 2; text-align: start; text-indent: 0px; text-transform: none; white-space: normal; widows: 2; word-spacing: 0px; -webkit-text-stroke-width: 0px; background-color: rgb(255, 255, 255); text-decoration-style: initial; text-decoration-color: initial;\">Hadra hamam\u0131n\u0131 incelerken denk geldi\u011fimiz Muharip Kore Gazi&#8217;lerimizden olan Adil Ya\u011fc\u0131, kubbenin daha \u00f6nce y\u0131k\u0131ld\u0131\u011f\u0131n\u0131, 1934-35 y\u0131llar\u0131nda onar\u0131m\u0131n\u0131n d\u00f6nemin mimarlar\u0131ndan olan babas\u0131 Mehmet Ya\u011fc\u0131 taraf\u0131ndan yap\u0131ld\u0131\u011f\u0131n\u0131 belirtti. Adil Ya\u011fc\u0131 a\u00e7\u0131klamas\u0131na; &#8221;Bizim evimiz hemen buradayd\u0131, eski zamanlarda her zaman gelirdik buralara. Birg\u00fcn kubbesi y\u0131k\u0131ld\u0131, benim babam mimard\u0131 ve onar\u0131m i\u00e7in onu g\u00f6revlendirdiler. Eski halini bozmadan yeniden onard\u0131lar kubbeyi. Bundan sonra tarihimize gen\u00e7lerimiz sahip \u00e7\u0131ks\u0131n. Ge\u00e7mi\u015finizi asla unutmay\u0131n, bu topraklar kolay al\u0131nmad\u0131.&#8221; \u015feklinde ifadelere yer verdi.<\/div>\n","protected":false},"excerpt":{"rendered":"<p>1907 tarihinde in\u015fa edilen ve Mersin&#8217;in en \u00f6nemli tarihi eserlerinden biri olan Hadra Hamam\u0131&#8217;n\u0131n, i\u00e7 k\u0131s\u0131mdaki b\u00f6l\u00fcmlerinin restorasyonu i\u00e7in gerekli \u00e7al\u0131\u015fmalar\u0131n ba\u015flat\u0131lmas\u0131 bekleniyor. 1907 y\u0131l\u0131nda in\u015fa edilen Hadra Hamam\u0131 1934-35 &hellip; <a href=\"https:\/\/akdenizolaygazetesi.com\/?p=1096\" class=\"more-link\">Devam\u0131n\u0131 Oku&#8230;<\/a><\/p>\n","protected":false},"author":1,"featured_media":0,"comment_status":"open","ping_status":"open","sticky":false,"template":"","format":"standard","meta":[],"categories":[],"tags":[],"_links":{"self":[{"href":"https:\/\/akdenizolaygazetesi.com\/index.php?rest_route=\/wp\/v2\/posts\/1096"}],"collection":[{"href":"https:\/\/akdenizolaygazetesi.com\/index.php?rest_route=\/wp\/v2\/posts"}],"about":[{"href":"https:\/\/akdenizolaygazetesi.com\/index.php?rest_route=\/wp\/v2\/types\/post"}],"author":[{"embeddable":true,"href":"https:\/\/akdenizolaygazetesi.com\/index.php?rest_route=\/wp\/v2\/users\/1"}],"replies":[{"embeddable":true,"href":"https:\/\/akdenizolaygazetesi.com\/index.php?rest_route=%2Fwp%2Fv2%2Fcomments&post=1096"}],"version-history":[{"count":0,"href":"https:\/\/akdenizolaygazetesi.com\/index.php?rest_route=\/wp\/v2\/posts\/1096\/revisions"}],"wp:attachment":[{"href":"https:\/\/akdenizolaygazetesi.com\/index.php?rest_route=%2Fwp%2Fv2%2Fmedia&parent=1096"}],"wp:term":[{"taxonomy":"category","embeddable":true,"href":"https:\/\/akdenizolaygazetesi.com\/index.php?rest_route=%2Fwp%2Fv2%2Fcategories&post=1096"},{"taxonomy":"post_tag","embeddable":true,"href":"https:\/\/akdenizolaygazetesi.com\/index.php?rest_route=%2Fwp%2Fv2%2Ftags&post=1096"}],"curies":[{"name":"wp","href":"https:\/\/api.w.org\/{rel}","templated":true}]}}