{"id":10961,"date":"2021-02-25T16:30:34","date_gmt":"2021-02-25T13:30:34","guid":{"rendered":"http:\/\/akdenizolaygazetesi.com\/?p=10961"},"modified":"2021-02-25T16:30:34","modified_gmt":"2021-02-25T13:30:34","slug":"baskan-yilmaz-orhun-yazitlarinin-mirasina-sahip-cikiyor","status":"publish","type":"post","link":"https:\/\/akdenizolaygazetesi.com\/?p=10961","title":{"rendered":"BA\u015eKAN YILMAZ, ORHUN YAZITLARININ M\u0130RASINA SAH\u0130P \u00c7IKIYOR"},"content":{"rendered":"<p>Toroslar Belediye Ba\u015fkan\u0131 Ats\u0131z Af\u015f\u0131n Y\u0131lmaz, atalar\u0131m\u0131zdan emanet kalan ve T\u00fcrk dilinin en eski yaz\u0131l\u0131 belgesi olan Orhun Yaz\u0131tlar\u0131&#8217;n\u0131 gelecek nesillere ula\u015ft\u0131rman\u0131n b\u00fcy\u00fck bir sorumluluk oldu\u011fu bilinciyle \u00e7al\u0131\u015fmalar yap\u0131yor.<\/p>\n<p>Ba\u015fkan Y\u0131lmaz, T\u00fcrk dili, k\u00fclt\u00fcr\u00fc ve tarihinin en de\u011ferli an\u0131tlar\u0131ndan olan Orhun Yaz\u0131tlar\u0131&#8217;n\u0131n, minyat\u00fcr \u00f6rne\u011fini ve yaz\u0131tlar ile ilgili bilgilerin yer ald\u0131\u011f\u0131 bir kitap\u00e7\u0131k haz\u0131rlatt\u0131. Bu \u00e7al\u0131\u015fmalar\u0131, kurum ve kurulu\u015flara yapt\u0131\u011f\u0131 ziyaretlerde takdim eden  Ba\u015fkan Y\u0131lmaz, k\u00fclt\u00fcrel mirasa verdi\u011fi \u00f6nemle kamuoyunun takdirini kazand\u0131.<\/p>\n<p>Ba\u015fkan Y\u0131lmaz: &#8220;Orhun Yaz\u0131tlar\u0131, Millet Olma Bilincinin En G\u00fczel Kan\u0131t\u0131&#8221;<\/p>\n<p>&#8220;Milletleri ya\u015fatan onlar\u0131n k\u00fclt\u00fcrleridir. K\u00fclt\u00fcr\u00fcn en temel unsuru da dildir&#8221; diyen Ba\u015fkan Y\u0131lmaz, T\u00fcrk tarihine \u0131\u015f\u0131k tutan Orhun Yaz\u0131tlar\u0131&#8217;n\u0131n T\u00fcrk d\u00fcnyas\u0131na bir rehber oldu\u011funu s\u00f6yledi.<\/p>\n<p>D\u00fcn\u00fc bilmenin, bug\u00fcn\u00fc anlamak ve yar\u0131n\u0131 g\u00f6rmek i\u00e7in son derece \u00f6nemli oldu\u011funu kaydeden Ba\u015fkan  Y\u0131lmaz;  &#8220;T\u00fcrk kelimesinin, T\u00fcrk milletinin ad\u0131 olarak ilk defa kullan\u0131ld\u0131\u011f\u0131 Orhun Yaz\u0131tlar\u0131, tarihimizin ilk yaz\u0131l\u0131 eseri olmas\u0131 bak\u0131m\u0131ndan \u00f6nemli bir kaynakt\u0131r. Biz de Toroslar Belediyesi olarak atalar\u0131m\u0131zdan emanet kalan bu eseri gelecek nesillere ula\u015ft\u0131rman\u0131n b\u00fcy\u00fck bir sorumluluk oldu\u011fu bilinciyle \u00e7al\u0131\u015f\u0131yoruz. Y\u00fczy\u0131llar \u00f6ncesinde yaz\u0131lmas\u0131na ra\u011fmen g\u00fcn\u00fcm\u00fcze \u0131\u015f\u0131k tutan bu eserin, bundan sonra da her daim yol g\u00f6sterici olmas\u0131n\u0131 temenni ediyorum&#8221; ifadelerini kulland\u0131.<\/p>\n","protected":false},"excerpt":{"rendered":"<p>Toroslar Belediye Ba\u015fkan\u0131 Ats\u0131z Af\u015f\u0131n Y\u0131lmaz, atalar\u0131m\u0131zdan emanet kalan ve T\u00fcrk dilinin en eski yaz\u0131l\u0131 belgesi olan Orhun Yaz\u0131tlar\u0131&#8217;n\u0131 gelecek nesillere ula\u015ft\u0131rman\u0131n b\u00fcy\u00fck bir sorumluluk oldu\u011fu bilinciyle \u00e7al\u0131\u015fmalar yap\u0131yor. Ba\u015fkan &hellip; <a href=\"https:\/\/akdenizolaygazetesi.com\/?p=10961\" class=\"more-link\">Devam\u0131n\u0131 Oku&#8230;<\/a><\/p>\n","protected":false},"author":2,"featured_media":10962,"comment_status":"open","ping_status":"open","sticky":false,"template":"","format":"standard","meta":[],"categories":[34,1,2,3,5],"tags":[],"_links":{"self":[{"href":"https:\/\/akdenizolaygazetesi.com\/index.php?rest_route=\/wp\/v2\/posts\/10961"}],"collection":[{"href":"https:\/\/akdenizolaygazetesi.com\/index.php?rest_route=\/wp\/v2\/posts"}],"about":[{"href":"https:\/\/akdenizolaygazetesi.com\/index.php?rest_route=\/wp\/v2\/types\/post"}],"author":[{"embeddable":true,"href":"https:\/\/akdenizolaygazetesi.com\/index.php?rest_route=\/wp\/v2\/users\/2"}],"replies":[{"embeddable":true,"href":"https:\/\/akdenizolaygazetesi.com\/index.php?rest_route=%2Fwp%2Fv2%2Fcomments&post=10961"}],"version-history":[{"count":1,"href":"https:\/\/akdenizolaygazetesi.com\/index.php?rest_route=\/wp\/v2\/posts\/10961\/revisions"}],"predecessor-version":[{"id":10963,"href":"https:\/\/akdenizolaygazetesi.com\/index.php?rest_route=\/wp\/v2\/posts\/10961\/revisions\/10963"}],"wp:featuredmedia":[{"embeddable":true,"href":"https:\/\/akdenizolaygazetesi.com\/index.php?rest_route=\/wp\/v2\/media\/10962"}],"wp:attachment":[{"href":"https:\/\/akdenizolaygazetesi.com\/index.php?rest_route=%2Fwp%2Fv2%2Fmedia&parent=10961"}],"wp:term":[{"taxonomy":"category","embeddable":true,"href":"https:\/\/akdenizolaygazetesi.com\/index.php?rest_route=%2Fwp%2Fv2%2Fcategories&post=10961"},{"taxonomy":"post_tag","embeddable":true,"href":"https:\/\/akdenizolaygazetesi.com\/index.php?rest_route=%2Fwp%2Fv2%2Ftags&post=10961"}],"curies":[{"name":"wp","href":"https:\/\/api.w.org\/{rel}","templated":true}]}}