{"id":10967,"date":"2021-02-26T13:03:36","date_gmt":"2021-02-26T10:03:36","guid":{"rendered":"http:\/\/akdenizolaygazetesi.com\/?p=10967"},"modified":"2021-02-26T13:03:36","modified_gmt":"2021-02-26T10:03:36","slug":"anamurda-orman-yangini","status":"publish","type":"post","link":"https:\/\/akdenizolaygazetesi.com\/?p=10967","title":{"rendered":"ANAMUR&#8217;DA ORMAN YANGINI"},"content":{"rendered":"<p>Mersin Orman B\u00f6lge M\u00fcd\u00fcrl\u00fc\u011f\u00fc, Anamur Orman \u0130\u015fletme M\u00fcd\u00fcrl\u00fc\u011f\u00fc, G\u00fcng\u00f6ren<br \/>\nK\u00f6y\u00fc, A\u011f\u0131lca Mevkiinde 23 \u015eubat saat 23 sular\u0131nda \u00e7\u0131kan orman yang\u0131n\u0131nda 5 hektar<br \/>\normanl\u0131k alan zarar g\u00f6rd\u00fc. Yang\u0131na Anamur, Bozyaz\u0131, G\u00fclnar Orman \u0130\u015fletme<br \/>\nM\u00fcd\u00fcrl\u00fcklerinden araz\u00f6zler s\u00f6nd\u00fcrmede g\u00f6rev al\u0131rken belediye itfaiye ara\u00e7lar\u0131 da su nakil<br \/>\ni\u015flerini y\u00fcr\u00fctt\u00fcler.<\/p>\n<p>Ormandan dikili sat\u0131\u015f yolu ile orman emvali alan firman\u0131n \u00fcr\u00fcnleri zarar g\u00f6rd\u00fc.<br \/>\nMersin Orman B\u00f6lge M\u00fcd\u00fcr\u00fc Kenan Akduman yang\u0131n ve yang\u0131n sonras\u0131 arazide<br \/>\nincelemelerde bulundu. Yap\u0131lmas\u0131 gerekenler konusunda talimat verdi.<\/p>\n","protected":false},"excerpt":{"rendered":"<p>Mersin Orman B\u00f6lge M\u00fcd\u00fcrl\u00fc\u011f\u00fc, Anamur Orman \u0130\u015fletme M\u00fcd\u00fcrl\u00fc\u011f\u00fc, G\u00fcng\u00f6ren K\u00f6y\u00fc, A\u011f\u0131lca Mevkiinde 23 \u015eubat saat 23 sular\u0131nda \u00e7\u0131kan orman yang\u0131n\u0131nda 5 hektar ormanl\u0131k alan zarar g\u00f6rd\u00fc. Yang\u0131na Anamur, Bozyaz\u0131, G\u00fclnar &hellip; <a href=\"https:\/\/akdenizolaygazetesi.com\/?p=10967\" class=\"more-link\">Devam\u0131n\u0131 Oku&#8230;<\/a><\/p>\n","protected":false},"author":2,"featured_media":10968,"comment_status":"open","ping_status":"open","sticky":false,"template":"","format":"standard","meta":[],"categories":[34,1,2,3,5],"tags":[],"_links":{"self":[{"href":"https:\/\/akdenizolaygazetesi.com\/index.php?rest_route=\/wp\/v2\/posts\/10967"}],"collection":[{"href":"https:\/\/akdenizolaygazetesi.com\/index.php?rest_route=\/wp\/v2\/posts"}],"about":[{"href":"https:\/\/akdenizolaygazetesi.com\/index.php?rest_route=\/wp\/v2\/types\/post"}],"author":[{"embeddable":true,"href":"https:\/\/akdenizolaygazetesi.com\/index.php?rest_route=\/wp\/v2\/users\/2"}],"replies":[{"embeddable":true,"href":"https:\/\/akdenizolaygazetesi.com\/index.php?rest_route=%2Fwp%2Fv2%2Fcomments&post=10967"}],"version-history":[{"count":1,"href":"https:\/\/akdenizolaygazetesi.com\/index.php?rest_route=\/wp\/v2\/posts\/10967\/revisions"}],"predecessor-version":[{"id":10969,"href":"https:\/\/akdenizolaygazetesi.com\/index.php?rest_route=\/wp\/v2\/posts\/10967\/revisions\/10969"}],"wp:featuredmedia":[{"embeddable":true,"href":"https:\/\/akdenizolaygazetesi.com\/index.php?rest_route=\/wp\/v2\/media\/10968"}],"wp:attachment":[{"href":"https:\/\/akdenizolaygazetesi.com\/index.php?rest_route=%2Fwp%2Fv2%2Fmedia&parent=10967"}],"wp:term":[{"taxonomy":"category","embeddable":true,"href":"https:\/\/akdenizolaygazetesi.com\/index.php?rest_route=%2Fwp%2Fv2%2Fcategories&post=10967"},{"taxonomy":"post_tag","embeddable":true,"href":"https:\/\/akdenizolaygazetesi.com\/index.php?rest_route=%2Fwp%2Fv2%2Ftags&post=10967"}],"curies":[{"name":"wp","href":"https:\/\/api.w.org\/{rel}","templated":true}]}}