{"id":1097,"date":"2020-11-04T18:21:41","date_gmt":"2020-11-04T15:21:41","guid":{"rendered":"http:\/\/mersinekonomipolitikagazetesi.com\/?p=1097"},"modified":"2020-11-04T18:21:41","modified_gmt":"2020-11-04T15:21:41","slug":"ihmaller-diz-boyu","status":"publish","type":"post","link":"https:\/\/akdenizolaygazetesi.com\/?p=1097","title":{"rendered":"\u0130HMALLER D\u0130Z BOYU"},"content":{"rendered":"<p>Mersin&#8217;de M\u00fcft\u00fc K\u00f6pr\u00fcs\u00fc ba\u015flang\u0131\u00e7 k\u0131sm\u0131nda telle tutturulmu\u015f \u015fekilde bulunan trafik uyar\u0131 levhas\u0131 bir vatanda\u015f\u0131n yaralanmas\u0131na sebep oldu.<\/p>\n<p><span style=\"color: rgb(34, 34, 34); font-family: arial, sans-serif; font-size: 12.8px; font-style: normal; font-variant-ligatures: normal; font-variant-caps: normal; font-weight: normal; letter-spacing: normal; orphans: 2; text-align: start; text-indent: 0px; text-transform: none; white-space: normal; widows: 2; word-spacing: 0px; -webkit-text-stroke-width: 0px; background-color: rgb(255, 255, 255); text-decoration-style: initial; text-decoration-color: initial; display: inline !important; float: none;\">Mersin Silifke Caddesi M\u00fcft\u00fc Deresi \u00fczerinde bulunan M\u00fcft\u00fc K\u00f6pr\u00fcs\u00fc giri\u015findeki k\u00f6pr\u00fcba\u015f\u0131 uyar\u0131 levhas\u0131, Mehmet Kiremit isimli vatanda\u015f\u0131n yaralanmas\u0131na sebebiyet verdi.<\/span><br style=\"color: rgb(34, 34, 34); font-family: arial, sans-serif; font-size: 12.8px; font-style: normal; font-variant-ligatures: normal; font-variant-caps: normal; font-weight: normal; letter-spacing: normal; orphans: 2; text-align: start; text-indent: 0px; text-transform: none; white-space: normal; widows: 2; word-spacing: 0px; -webkit-text-stroke-width: 0px; background-color: rgb(255, 255, 255); text-decoration-style: initial; text-decoration-color: initial;\" \/><br \/>\n<span class=\"im\" style=\"color: rgb(80, 0, 80); font-family: arial, sans-serif; font-size: 12.8px; font-style: normal; font-variant-ligatures: normal; font-variant-caps: normal; font-weight: normal; letter-spacing: normal; orphans: 2; text-align: start; text-indent: 0px; text-transform: none; white-space: normal; widows: 2; word-spacing: 0px; -webkit-text-stroke-width: 0px; background-color: rgb(255, 255, 255); text-decoration-style: initial; text-decoration-color: initial;\">Betona sabitlenmesi gereken levhan\u0131n, ihmaller sonucu, telle ba\u011flanarak ge\u00e7i\u015ftirilmesi nedeniyle meydana gelen olayla ilgili, kazay\u0131 ya\u015fayan Mehmet Kiremit yapt\u0131\u011f\u0131 a\u00e7\u0131klamada; &#8216;Yolda y\u00fcr\u00fcyordum, telle ba\u011flad\u0131klar\u0131 koca tabela kafama d\u00fc\u015ft\u00fc. Tabelan\u0131n sivri ucu kafama sapland\u0131, kafa derim s\u00f6k\u00fcld\u00fc ve tabelan\u0131n \u00fcst\u00fcnde derim ve sa\u00e7\u0131m kald\u0131. iki cm \u00f6ne gelse g\u00f6z\u00fcm\u00fc, \u00fc\u00e7 cm \u00f6ne gelse burnumu koparacakt\u0131, dava s\u00fcrecini ba\u015flatt\u0131k sonucunun hakl\u0131 bir \u015fekilde olmas\u0131n\u0131 umuyorum.&#8221; ifadelerine yer verdi. Hastahanede ba\u015f\u0131na diki\u015f at\u0131lan Mehmet Kiremit taburcu olurken, trafik i\u015faret ve levha kontrollerinin artt\u0131r\u0131lmas\u0131 bekleniyor.<\/span><\/p>\n","protected":false},"excerpt":{"rendered":"<p>Mersin&#8217;de M\u00fcft\u00fc K\u00f6pr\u00fcs\u00fc ba\u015flang\u0131\u00e7 k\u0131sm\u0131nda telle tutturulmu\u015f \u015fekilde bulunan trafik uyar\u0131 levhas\u0131 bir vatanda\u015f\u0131n yaralanmas\u0131na sebep oldu. Mersin Silifke Caddesi M\u00fcft\u00fc Deresi \u00fczerinde bulunan M\u00fcft\u00fc K\u00f6pr\u00fcs\u00fc giri\u015findeki k\u00f6pr\u00fcba\u015f\u0131 uyar\u0131 levhas\u0131, &hellip; <a href=\"https:\/\/akdenizolaygazetesi.com\/?p=1097\" class=\"more-link\">Devam\u0131n\u0131 Oku&#8230;<\/a><\/p>\n","protected":false},"author":1,"featured_media":0,"comment_status":"open","ping_status":"open","sticky":false,"template":"","format":"standard","meta":[],"categories":[],"tags":[],"_links":{"self":[{"href":"https:\/\/akdenizolaygazetesi.com\/index.php?rest_route=\/wp\/v2\/posts\/1097"}],"collection":[{"href":"https:\/\/akdenizolaygazetesi.com\/index.php?rest_route=\/wp\/v2\/posts"}],"about":[{"href":"https:\/\/akdenizolaygazetesi.com\/index.php?rest_route=\/wp\/v2\/types\/post"}],"author":[{"embeddable":true,"href":"https:\/\/akdenizolaygazetesi.com\/index.php?rest_route=\/wp\/v2\/users\/1"}],"replies":[{"embeddable":true,"href":"https:\/\/akdenizolaygazetesi.com\/index.php?rest_route=%2Fwp%2Fv2%2Fcomments&post=1097"}],"version-history":[{"count":0,"href":"https:\/\/akdenizolaygazetesi.com\/index.php?rest_route=\/wp\/v2\/posts\/1097\/revisions"}],"wp:attachment":[{"href":"https:\/\/akdenizolaygazetesi.com\/index.php?rest_route=%2Fwp%2Fv2%2Fmedia&parent=1097"}],"wp:term":[{"taxonomy":"category","embeddable":true,"href":"https:\/\/akdenizolaygazetesi.com\/index.php?rest_route=%2Fwp%2Fv2%2Fcategories&post=1097"},{"taxonomy":"post_tag","embeddable":true,"href":"https:\/\/akdenizolaygazetesi.com\/index.php?rest_route=%2Fwp%2Fv2%2Ftags&post=1097"}],"curies":[{"name":"wp","href":"https:\/\/api.w.org\/{rel}","templated":true}]}}