{"id":10970,"date":"2021-02-26T13:21:15","date_gmt":"2021-02-26T10:21:15","guid":{"rendered":"http:\/\/akdenizolaygazetesi.com\/?p=10970"},"modified":"2021-02-26T13:21:15","modified_gmt":"2021-02-26T10:21:15","slug":"tarihi-bir-mersin-evi-olan-eski-muhakemat-binasi-mersine-ve-gelecege-yeniden-kazandirildi","status":"publish","type":"post","link":"https:\/\/akdenizolaygazetesi.com\/?p=10970","title":{"rendered":"TAR\u0130H\u0130 B\u0130R MERS\u0130N EV\u0130 OLAN ESK\u0130 MUHAKEMAT B\u0130NASI, MERS\u0130N\u2019E VE GELECE\u011eE YEN\u0130DEN KAZANDIRILDI"},"content":{"rendered":"<p>Ba\u015fkan G\u00fcltak; \u201cK\u00fclt\u00fcr Bakanl\u0131\u011f\u0131m\u0131z ile ortak \u00e7al\u0131\u015fmam\u0131z sonucunda, bu tarihi binay\u0131 y\u0131llar sonra kentimize yeniden kazand\u0131rd\u0131k. Her y\u00f6n\u00fcyle muhte\u015fem bir mek\u00e2n olan bu yap\u0131y\u0131; sanatsal ve k\u00fclt\u00fcrel faaliyetler ve tan\u0131t\u0131mlar i\u00e7in sanat\u00e7\u0131lar\u0131m\u0131z\u0131n hizmetine de sunaca\u011f\u0131z\u201d dedi.<\/p>\n<p>Akdeniz Belediye Ba\u015fkan\u0131 M. Mustafa G\u00fcltak, \u201c\u0130plerin Ressam\u0131\u201d olarak tan\u0131nan Mersinli Ressam Ahmet Ye\u015fil, Akdeniz Kent Konseyi Ba\u015fkan\u0131 Mustafa Erim ve Mersin \u0130l K\u00fclt\u00fcr Turizm M\u00fcd\u00fcr\u00fc Emre Duru ile birlikte, Cami\u015ferif Mahallesi Uray Caddesi \u00fczerinde bulunan, yenileme \u00e7al\u0131\u015fmalar\u0131 sonucu yeniden gelece\u011fe kazand\u0131r\u0131lan Tarihi Mersin Evi\u2019ni (Eski Muhakemat Binas\u0131) ziyaret etti.<\/p>\n<p>Ba\u015fkan G\u00fcltak; \u201cY\u0131llard\u0131r unutulmu\u015f, at\u0131l kalm\u0131\u015f bir hazine\u201d<\/p>\n<p>Beraberindekilerle birlikte iki katl\u0131 tarihi yap\u0131y\u0131 gezen ve ard\u0131ndan bir a\u00e7\u0131klama yapan Akdeniz Belediye Ba\u015fkan\u0131 M. Mustafa G\u00fcltak, Mersin\u2019in tarihine sahip \u00e7\u0131kt\u0131klar\u0131n\u0131n alt\u0131n\u0131 \u00e7izerek; \u201c\u015eu an i\u00e7inde bulundu\u011fumuz bina \u00e7ok b\u00fcy\u00fck, kemerli, iki katl\u0131 ve g\u00fczel bir bina. K\u00fclt\u00fcr Bakanl\u0131\u011f\u0131m\u0131z ile Akdeniz Belediyemizin ortak \u00e7al\u0131\u015fmalar\u0131 sonucu binam\u0131z\u0131 yenileyip gelece\u011fe kazand\u0131rd\u0131k.<\/p>\n<p>Tabi ki K\u00fclt\u00fcr Bakan\u0131m\u0131z ve Mersin\u2019in abisi Say\u0131n L\u00fctfi Elvan\u2019\u0131n yo\u011fun destekleri sonucunda bu binan\u0131n bu hale gelmesi sa\u011fland\u0131. Kent Konseyi Ba\u015fkan\u0131m\u0131z Say\u0131n Erim, Mersin \u0130l K\u00fclt\u00fcr ve Turizm M\u00fcd\u00fcr\u00fcm\u00fcz Say\u0131n Duru\u2019ya da te\u015fekk\u00fcr ediyorum. Y\u0131llard\u0131r unutulmu\u015f bir bina idi buras\u0131. At\u0131l vaziyetteydi. H\u00e2lbuki buras\u0131 bir hazine. Bu alan\u0131 Mersin\u2019e kazand\u0131rm\u0131\u015f olmaktan gurur duyuyoruz\u201d diye konu\u015ftu.<\/p>\n<p>Kurul olu\u015fturulacak<\/p>\n<p>G\u00f6reve geldi\u011fi ilk g\u00fcnden beri, Mersin\u2019in modern bir \u015fehir olabilmesi i\u00e7in d\u00f6n\u00fc\u015fmesi; bunun i\u00e7in de kentsel d\u00f6n\u00fc\u015f\u00fcm projelerinin acilen uygulanmas\u0131 gerekti\u011fini kaydeden Ba\u015fkan G\u00fcltak, Mersin\u2019de \u00e7ok fazla tarihi Mersin evi ve tarihi alanlar oldu\u011funu belirtti. <\/p>\n<p>Bu alanlar\u0131n kente ve gelece\u011fe kazand\u0131r\u0131lmas\u0131 i\u00e7in projeler \u00fcrettiklerini ve fiiliyatta hayata ge\u00e7irdiklerini anlatan Ba\u015fkan G\u00fcltak, Akdeniz Belediyesi ile Mersin \u00dcniversitesi\u2019nden hocalar\u0131n i\u00e7inde yer alaca\u011f\u0131 bir kurul olu\u015fturacaklar\u0131n\u0131 da belirterek, binay\u0131, sadece sanat galerisi olarak de\u011fil, belediyenin sanatsal etkinliklerinin d\u00fczenlenece\u011fi bir k\u00fclt\u00fcr merkezi olarak kullanacaklar\u0131n\u0131 ifade etti.<\/p>\n<p>Ressam Ye\u015fil; \u201cMersin\u2019in ihtiyac\u0131 olan bir mek\u00e2n\u201d<\/p>\n<p>Mersin\u2019e g\u00f6n\u00fcl verdi\u011fini, kentin k\u00fclt\u00fcr-sanat ya\u015fam\u0131 i\u00e7erisinde 40 y\u0131l\u0131n\u0131 ge\u00e7irdi\u011fini anlatan Ahmet Ye\u015fil de konu\u015fmas\u0131nda, tarihi binalara sahip \u00e7\u0131k\u0131larak restorasyonlar\u0131n\u0131n yap\u0131lmas\u0131 \u00e7ok \u00f6nemli oldu\u011funu vurgulad\u0131. \u201cBuras\u0131 da Mersin\u2019in ihtiyac\u0131 olan mek\u00e2nlardan biri\u201d diyen Ye\u015fil; \u201cBir sanat\u00e7\u0131 olarak, bu binan\u0131n Mersin\u2019e kazand\u0131r\u0131lmas\u0131 nedeniyle \u00e7ok mutluyum. Mersin\u2019in k\u00fclt\u00fcr ve sanat ya\u015fam\u0131na giden yolda kim bir ta\u015f koyarsa, bizler de ta\u015f \u00fcst\u00fcne ta\u015f koymaya her zaman haz\u0131r\u0131z. Mersin\u2019e b\u00f6yle mek\u00e2nlar kazand\u0131r\u0131ld\u0131\u011f\u0131 zaman inan\u0131lmaz derecede mutlu oluyorum. Mersin bunu hak ediyor\u201d dedi.<\/p>\n<p>\u201cK\u00fclt\u00fcrel ve sanatsal de\u011ferlerini koruyan toplumlar y\u00fckselir\u201d<\/p>\n<p>Ressam Ahmet Ye\u015fil; Akdeniz Belediyesi ile K\u00fclt\u00fcr Bakanl\u0131\u011f\u0131 sayesinde yeniden hayat bulan bu binada yap\u0131lacak etkinliklerin, Mersin\u2019in de s\u0131n\u0131rlar\u0131n\u0131 a\u015farak ulusal ve uluslar aras\u0131 boyutlara ula\u015faca\u011f\u0131na dikkat \u00e7eken bir mek\u00e2n olaca\u011f\u0131na inand\u0131\u011f\u0131n\u0131 ifade etti.<\/p>\n<p>Ressam Ye\u015fil; \u201cK\u00fclt\u00fcrel ve sanatsal de\u011ferlerini koruyan toplumlar y\u00fckselen toplumlard\u0131r. Eme\u011fi ge\u00e7en herkese te\u015fekk\u00fcr ediyorum. Mersin kazanacak, hepimiz kazanaca\u011f\u0131z, T\u00fcrkiye kazanacak\u201d \u015feklinde konu\u015ftu.<\/p>\n<p>Ziyaretin sonunda Ba\u015fkan G\u00fcltak; Akdeniz Kent Konseyi Ba\u015fkan\u0131 Mustafa Erim\u2019in kaleme ald\u0131\u011f\u0131 \u201cMersin Hamidiye K\u0131\u015flas\u0131\u201d adl\u0131 kitab\u0131, Ressam Ahmet Ye\u015fil\u2019e hediye etti.<\/p>\n","protected":false},"excerpt":{"rendered":"<p>Ba\u015fkan G\u00fcltak; \u201cK\u00fclt\u00fcr Bakanl\u0131\u011f\u0131m\u0131z ile ortak \u00e7al\u0131\u015fmam\u0131z sonucunda, bu tarihi binay\u0131 y\u0131llar sonra kentimize yeniden kazand\u0131rd\u0131k. Her y\u00f6n\u00fcyle muhte\u015fem bir mek\u00e2n olan bu yap\u0131y\u0131; sanatsal ve k\u00fclt\u00fcrel faaliyetler ve tan\u0131t\u0131mlar &hellip; <a href=\"https:\/\/akdenizolaygazetesi.com\/?p=10970\" class=\"more-link\">Devam\u0131n\u0131 Oku&#8230;<\/a><\/p>\n","protected":false},"author":2,"featured_media":10972,"comment_status":"open","ping_status":"open","sticky":false,"template":"","format":"standard","meta":[],"categories":[34,1,2,3,5],"tags":[],"_links":{"self":[{"href":"https:\/\/akdenizolaygazetesi.com\/index.php?rest_route=\/wp\/v2\/posts\/10970"}],"collection":[{"href":"https:\/\/akdenizolaygazetesi.com\/index.php?rest_route=\/wp\/v2\/posts"}],"about":[{"href":"https:\/\/akdenizolaygazetesi.com\/index.php?rest_route=\/wp\/v2\/types\/post"}],"author":[{"embeddable":true,"href":"https:\/\/akdenizolaygazetesi.com\/index.php?rest_route=\/wp\/v2\/users\/2"}],"replies":[{"embeddable":true,"href":"https:\/\/akdenizolaygazetesi.com\/index.php?rest_route=%2Fwp%2Fv2%2Fcomments&post=10970"}],"version-history":[{"count":1,"href":"https:\/\/akdenizolaygazetesi.com\/index.php?rest_route=\/wp\/v2\/posts\/10970\/revisions"}],"predecessor-version":[{"id":10973,"href":"https:\/\/akdenizolaygazetesi.com\/index.php?rest_route=\/wp\/v2\/posts\/10970\/revisions\/10973"}],"wp:featuredmedia":[{"embeddable":true,"href":"https:\/\/akdenizolaygazetesi.com\/index.php?rest_route=\/wp\/v2\/media\/10972"}],"wp:attachment":[{"href":"https:\/\/akdenizolaygazetesi.com\/index.php?rest_route=%2Fwp%2Fv2%2Fmedia&parent=10970"}],"wp:term":[{"taxonomy":"category","embeddable":true,"href":"https:\/\/akdenizolaygazetesi.com\/index.php?rest_route=%2Fwp%2Fv2%2Fcategories&post=10970"},{"taxonomy":"post_tag","embeddable":true,"href":"https:\/\/akdenizolaygazetesi.com\/index.php?rest_route=%2Fwp%2Fv2%2Ftags&post=10970"}],"curies":[{"name":"wp","href":"https:\/\/api.w.org\/{rel}","templated":true}]}}