{"id":10974,"date":"2021-02-26T13:26:59","date_gmt":"2021-02-26T10:26:59","guid":{"rendered":"http:\/\/akdenizolaygazetesi.com\/?p=10974"},"modified":"2021-02-26T13:26:59","modified_gmt":"2021-02-26T10:26:59","slug":"gulnarda-kadin-kooperatifleri-kurulma-asamasinda-ilk-toplanti-gerceklestirildi","status":"publish","type":"post","link":"https:\/\/akdenizolaygazetesi.com\/?p=10974","title":{"rendered":"G\u00dcLNAR&#8217;DA KADIN KOOPERAT\u0130FLER\u0130 KURULMA A\u015eAMASINDA \u0130LK TOPLANTI GER\u00c7EKLE\u015eT\u0130R\u0130LD\u0130"},"content":{"rendered":"<p>G\u00fclnar\u2019da Kad\u0131n Kooperatifleri Kurulma A\u015famas\u0131nda \u0130lk Toplant\u0131 Ger\u00e7ekle\u015fti<\/p>\n<p>G\u00fclnar Belediyesi Arge proje ekibi ve ANKA \u00dcreten Kad\u0131nlar Derne\u011fi i\u015f birli\u011fi ile G\u00fclnar\u2019da Kad\u0131n Kooperatifleri kurulum a\u015famas\u0131n\u0131n ilk toplant\u0131s\u0131 Y\u00f6r\u00fck Sofras\u0131nda ger\u00e7ekle\u015ftirildi.<\/p>\n<p>Toplant\u0131ya; G\u00fclnar Belediye Ba\u015fkan\u0131 Alpaslan \u00dcN\u00dcVAR, Milliyet\u00e7i Hareket Partisi \u0130l\u00e7e Ba\u015fkan\u0131 Celal KAD\u0130M, Ak Parti \u0130l\u00e7e Ba\u015fkan\u0131  Tevfik KALEMC\u0130, Milliyet\u00e7i Hareket Partisi \u0130l\u00e7e Kad\u0131n Kollar\u0131 Ba\u015fkan\u0131  Ay\u015fe AYDIN, Ak Parti \u0130l\u00e7e Kad\u0131n Kollar\u0131 Ba\u015fkan\u0131  Selda ARSLAN, G\u00fclnar \u00dclk\u00fc Ocaklar\u0131 Ba\u015fkan\u0131  \u00d6mer L\u00fctfi KAYHAN, kurum amirleri ve \u00fcretici kad\u0131nlar kat\u0131l\u0131m sa\u011flad\u0131lar.<\/p>\n<p>Toplant\u0131da ANKA \u00dcreten Kad\u0131n Derne\u011fi Ba\u015fkan\u0131 Devrim G\u00dcNDE\u015eL\u0130, Ba\u015fkan Yard\u0131mc\u0131s\u0131 Tuna \u015eAH\u0130N, Proje Koordinat\u00f6r\u00fc Emel G\u00dcNG\u00d6R taraf\u0131ndan Belediyemiz ortakl\u0131\u011f\u0131nda kurulacak olan kad\u0131n \u00fcreticiler kooperatifi hakk\u0131nda kat\u0131l\u0131mc\u0131lara seminer verildi. Ayr\u0131ca G\u00fclnar\u2019\u0131m\u0131zda yeti\u015ftirilen \u00fcr\u00fcnlerimize Pazar olu\u015fturulmas\u0131 ve \u00fcreticiden direkt sat\u0131\u015fa sunulmas\u0131 hakk\u0131nda bilgi al\u0131\u015fveri\u015finde bulunuldu. \u0130l\u00e7e Tar\u0131m M\u00fcd\u00fcr\u00fc Naz\u0131m EKEN, Ziraat odas\u0131 Ba\u015fkan\u0131 Emi\u015f I\u015eIK ve G\u00fclnar Ku\u015f \u00dcz\u00fcm\u00fc (Ki\u015fni\u015f) Kooperatifi Ba\u015fkan\u0131 Mehmet ER G\u00fclnar\u2019\u0131m\u0131z\u0131n \u00fcr\u00fcnleri ve y\u0131ll\u0131k rekolteleri hakk\u0131nda bilgi vererek \u00fcr\u00fcn de\u011fer analizi yap\u0131ld\u0131.<\/p>\n<p>G\u00fclnar Belediye Ba\u015fkan\u0131m\u0131z Say\u0131n Alpaslan \u00dcN\u00dcVAR toplant\u0131da yapt\u0131\u011f\u0131 konu\u015fmada; \u201c Kad\u0131n kooperatifi kad\u0131nlar taraf\u0131ndan ve kad\u0131nlar i\u00e7in kurulmu\u015f kooperatiflerdir. Kad\u0131n kooperatifleri yaln\u0131zca ekonomik veya sosyal ama\u00e7larla bir araya gelmi\u015f kurumsal yap\u0131lar de\u011fildir. Kad\u0131n kooperatifleri her iki amac\u0131 da b\u00fcnyesinde bar\u0131nd\u0131rmakla beraber, kad\u0131nlar\u0131n ekonomik olarak g\u00fc\u00e7lenmesini sa\u011flarken geli\u015ftirdi\u011fi dayan\u0131\u015fma duygusu ile bulundu\u011fu yerelde kad\u0131nlar ad\u0131na g\u00fcndem olu\u015fturuyor, kad\u0131nlar\u0131n \u00e7al\u0131\u015fma ko\u015fullar\u0131n\u0131 iyile\u015ftiriyor ve uygun hizmeti \u00fcretiyor. Bizler G\u00fclnar Belediyesi olarak \u00fcreticimizin \u00fcr\u00fcnlerini arac\u0131 olmadan de\u011ferinde Pazara sunmak, \u00e7ift\u00e7ilerimizi \u00fcretime te\u015fvik ederek yerli \u00fcr\u00fcnlerimize sahip \u00e7\u0131kmak amac\u0131yla Kad\u0131n \u00dcreticiler Kooperatifimizi in\u015fallah k\u0131sa zamanda hayata ge\u00e7irece\u011fiz. G\u00fclnar Belediyesi olarak \u00fcreticilerimize ve de\u011ferli kad\u0131nlar\u0131m\u0131za destek olmaya devam edece\u011fiz. Seminerlerinden dolay\u0131 ANKA \u00dcreten Kad\u0131n Derne\u011fi y\u00f6neticilerine ve t\u00fcm kat\u0131l\u0131mc\u0131lara te\u015fekk\u00fcr ediyorum\u201ddedi.<\/p>\n","protected":false},"excerpt":{"rendered":"<p>G\u00fclnar\u2019da Kad\u0131n Kooperatifleri Kurulma A\u015famas\u0131nda \u0130lk Toplant\u0131 Ger\u00e7ekle\u015fti G\u00fclnar Belediyesi Arge proje ekibi ve ANKA \u00dcreten Kad\u0131nlar Derne\u011fi i\u015f birli\u011fi ile G\u00fclnar\u2019da Kad\u0131n Kooperatifleri kurulum a\u015famas\u0131n\u0131n ilk toplant\u0131s\u0131 Y\u00f6r\u00fck Sofras\u0131nda &hellip; <a href=\"https:\/\/akdenizolaygazetesi.com\/?p=10974\" class=\"more-link\">Devam\u0131n\u0131 Oku&#8230;<\/a><\/p>\n","protected":false},"author":2,"featured_media":10975,"comment_status":"open","ping_status":"open","sticky":false,"template":"","format":"standard","meta":[],"categories":[34,1,2,3,5],"tags":[],"_links":{"self":[{"href":"https:\/\/akdenizolaygazetesi.com\/index.php?rest_route=\/wp\/v2\/posts\/10974"}],"collection":[{"href":"https:\/\/akdenizolaygazetesi.com\/index.php?rest_route=\/wp\/v2\/posts"}],"about":[{"href":"https:\/\/akdenizolaygazetesi.com\/index.php?rest_route=\/wp\/v2\/types\/post"}],"author":[{"embeddable":true,"href":"https:\/\/akdenizolaygazetesi.com\/index.php?rest_route=\/wp\/v2\/users\/2"}],"replies":[{"embeddable":true,"href":"https:\/\/akdenizolaygazetesi.com\/index.php?rest_route=%2Fwp%2Fv2%2Fcomments&post=10974"}],"version-history":[{"count":1,"href":"https:\/\/akdenizolaygazetesi.com\/index.php?rest_route=\/wp\/v2\/posts\/10974\/revisions"}],"predecessor-version":[{"id":10976,"href":"https:\/\/akdenizolaygazetesi.com\/index.php?rest_route=\/wp\/v2\/posts\/10974\/revisions\/10976"}],"wp:featuredmedia":[{"embeddable":true,"href":"https:\/\/akdenizolaygazetesi.com\/index.php?rest_route=\/wp\/v2\/media\/10975"}],"wp:attachment":[{"href":"https:\/\/akdenizolaygazetesi.com\/index.php?rest_route=%2Fwp%2Fv2%2Fmedia&parent=10974"}],"wp:term":[{"taxonomy":"category","embeddable":true,"href":"https:\/\/akdenizolaygazetesi.com\/index.php?rest_route=%2Fwp%2Fv2%2Fcategories&post=10974"},{"taxonomy":"post_tag","embeddable":true,"href":"https:\/\/akdenizolaygazetesi.com\/index.php?rest_route=%2Fwp%2Fv2%2Ftags&post=10974"}],"curies":[{"name":"wp","href":"https:\/\/api.w.org\/{rel}","templated":true}]}}