{"id":10983,"date":"2021-02-26T13:37:14","date_gmt":"2021-02-26T10:37:14","guid":{"rendered":"http:\/\/akdenizolaygazetesi.com\/?p=10983"},"modified":"2021-02-26T13:37:14","modified_gmt":"2021-02-26T10:37:14","slug":"baskan-secerden-yogun-silifke-mesaisi","status":"publish","type":"post","link":"https:\/\/akdenizolaygazetesi.com\/?p=10983","title":{"rendered":"BA\u015eKAN SE\u00c7ER\u2019DEN YO\u011eUN S\u0130L\u0130FKE MESA\u0130S\u0130"},"content":{"rendered":"<p>Silifke\u2019yi ziyaret eden Ba\u015fkan Se\u00e7er, program\u0131n\u0131n b\u00fcy\u00fck b\u00f6l\u00fcm\u00fcn\u00fc pandemide zor g\u00fcnler ge\u00e7iren esnafa ay\u0131rd\u0131. Se\u00e7er, program kapsam\u0131nda g\u00f6revine yak\u0131n zamanda ba\u015flayan Silifke Kaymakam\u0131 Nam\u0131k Kemal Nazl\u0131\u2019y\u0131 ziyaret ederken, Gazi Mahallesi\u2019nde \u00e7al\u0131\u015fmalar\u0131 devam eden ya\u011fmur suyu hatt\u0131 imalat sahas\u0131n\u0131 da inceledi.<\/p>\n<p>Se\u00e7er, 1900 metreyi bulan ya\u011fmur suyu hatt\u0131 \u00e7al\u0131\u015fmas\u0131yla Gazi Mahallesi\u2019ndeki su bask\u0131n\u0131 sorununu ortadan kald\u0131racaklar\u0131n\u0131 belirterek, \u201cK\u0131sa s\u00fcrede bu \u00e7al\u0131\u015fmay\u0131 bitirece\u011fiz ve vatanda\u015flar\u0131m\u0131z\u0131n bu rahats\u0131zl\u0131\u011f\u0131n\u0131 ortadan kald\u0131raca\u011f\u0131z\u201d dedi. Hem MESK\u0130\u2019nin altyap\u0131 \u00e7al\u0131\u015fmalar\u0131nda hem de B\u00fcy\u00fck\u015fehir\u2019in \u00fcst yap\u0131 \u00e7al\u0131\u015fmalar\u0131nda dikkat ettikleri en \u00f6nemli \u015feyin kalite oldu\u011funu s\u00f6yleyen Se\u00e7er, \u201cNe i\u015f yap\u0131yorsak yapal\u0131m; o i\u015fin en iyisini yapmaya gayret edece\u011fiz. Kaynak israf\u0131n\u0131 ortadan kald\u0131rmak i\u00e7in de \u00e7ok \u00f6nemli bir y\u00f6ntem oldu\u011funu d\u00fc\u015f\u00fcn\u00fcyorum\u201d diye konu\u015ftu.<\/p>\n<p>Silifke mesaisinde esnaf ziyaretine b\u00fcy\u00fck zaman ay\u0131ran Se\u00e7er, \u201cPandeminin getirdi\u011fi bir ekonomik ve psikolojik tahribat var, bunu g\u00f6rmek laz\u0131m. Biz y\u00f6neticiler olarak imkanlar\u0131m\u0131z\u0131 en azami \u015fekilde kullan\u0131p vatanda\u015f\u0131n bu s\u00fcreci en az tahribatla atlatmas\u0131n\u0131 sa\u011flamak istiyoruz\u201d dedi.<\/p>\n<p>Mersin B\u00fcy\u00fck\u015fehir Belediye Ba\u015fkan\u0131 Vahap Se\u00e7er, kent merkezi ba\u015fta olmak \u00fczere il\u00e7elerde de s\u00fcrd\u00fcrd\u00fc\u011f\u00fc esnaf ziyaretlerine bu kez Silifke\u2019de devam etti. Per\u015fembe g\u00fcn\u00fc mesaisini Silifke\u2019de esnaf gezisi ve saha incelemelerine ay\u0131ran Ba\u015fkan Se\u00e7er, g\u00f6revine yak\u0131n zamanda ba\u015flayan Silifke Kaymakam\u0131 Nam\u0131k Kemal Nazl\u0131\u2019y\u0131 da ziyaret etti. Pandemi d\u00f6neminde ekonomik a\u00e7\u0131dan zor duruma d\u00fc\u015fen esnafa sundu\u011fu desteklerle takdir toplayan Se\u00e7er, Silifke esnaf\u0131 taraf\u0131ndan sevgi ile kar\u015f\u0131land\u0131.<\/p>\n<p>Ba\u015fkan Se\u00e7er, kad\u0131nlarla bakla paketledi<\/p>\n<p>Silifke program\u0131na sabah saatlerinde Atayurt Toptanc\u0131 Hal Kompleksi esnaf\u0131 ve pazar esnaf\u0131 ziyareti ile ba\u015flayan Ba\u015fkan Se\u00e7er, esnafa \u2018Hay\u0131rl\u0131 i\u015fler\u2019 dileklerinde bulundu. Hal esnaf\u0131 ziyaretinde g\u00fczel anlar ya\u015fan\u0131rken, Ba\u015fkan Se\u00e7er kad\u0131nlarla birlikte bakla paketledi.<\/p>\n<p>\u201cPandemi s\u00fcrecini vatanda\u015f\u0131n en az tahribatla atlatmas\u0131n\u0131 istiyoruz\u201d<\/p>\n<p>Ba\u015fkan Se\u00e7er, esnaf ziyaretinin ard\u0131ndan Gazi Mahallesi\u2019nde devam eden ya\u011fmur suyu hatt\u0131 \u00e7al\u0131\u015fmas\u0131n\u0131 yerinde inceleyerek bilgi ald\u0131. Burada esnaf ziyareti ve ya\u011fmur suyu hatt\u0131 \u00e7al\u0131\u015fmas\u0131 hakk\u0131nda konu\u015fan Se\u00e7er, \u201cPandemi \u015fartlar\u0131 sokak \u00e7al\u0131\u015fmalar\u0131m\u0131z\u0131 biraz k\u0131s\u0131tlad\u0131. Ancak \u015fartlar\u0131 zorluyoruz. Zaman zaman sokakta neler oluyor, \u00e7al\u0131\u015fmalar\u0131m\u0131z nas\u0131l gidiyor, vatanda\u015f nelerden \u015fikayet\u00e7i, neler talep ediyor? Bunlar\u0131 yerinde g\u00f6rmeyi arzu ediyoruz. Bug\u00fcn de bu d\u00fc\u015f\u00fcnce ile Silifke\u2019deyiz. Sabah Toptanc\u0131 Sebze Hali\u2019ni ve oradaki pazar yerini gezdik. Vatanda\u015flar\u0131m\u0131zla, esnaf\u0131m\u0131zla g\u00f6r\u00fc\u015fme imkan\u0131m\u0131z oldu. Pandeminin getirdi\u011fi bir ekonomik ve psikolojik tahribat var, bunu g\u00f6rmek laz\u0131m. Biz y\u00f6neticiler olarak imkanlar\u0131m\u0131z\u0131 en azami \u015fekilde kullan\u0131p vatanda\u015f\u0131n bu s\u00fcreci en az tahribatla atlatmas\u0131n\u0131 sa\u011flamak istiyoruz\u201d dedi.<\/p>\n<p>\u201cNe i\u015f yaparsak yapal\u0131m o i\u015fin en iyisini yapmaya gayret edece\u011fiz\u201d<\/p>\n<p>Gazi Mahallesi\u2019ndeki ya\u011fmur suyu hatt\u0131 \u00e7al\u0131\u015fmas\u0131na da de\u011finen Ba\u015fkan Se\u00e7er, \u015fu ifadeleri kulland\u0131:<\/p>\n<p>\u201cSilifke\u2019nin Gazi Mahallesi\u2019nde 1557 metrelik bir ya\u011fmur suyu hatt\u0131 \u00e7al\u0131\u015fmas\u0131 yap\u0131l\u0131yor. Bu b\u00f6lgenin kotundan kaynakl\u0131 ya\u011f\u0131\u015fl\u0131 havalarda su basma s\u0131k\u0131nt\u0131s\u0131 ya\u015fan\u0131yordu. Daha \u00e7ok kotun a\u015fa\u011f\u0131s\u0131nda kalan konutlarda, i\u015fyerlerinde y\u0131llard\u0131r s\u00fcregelen bir sorun. Yapt\u0131\u011f\u0131m\u0131z bu \u00e7al\u0131\u015fma ile bu sorunu ortadan kald\u0131raca\u011f\u0131z. Toplamda da ba\u011flant\u0131lar\u0131yla 1900 metreyi bulacak bir ya\u011fmur suyu hatt\u0131 \u00e7al\u0131\u015fmam\u0131z var. \u0130malatta biraz gecikmeler oldu ama y\u00fcklenici firman\u0131n yetkilisi arkada\u015f\u0131m\u0131zla da g\u00f6r\u00fc\u015ft\u00fcm. K\u0131sa s\u00fcrede bu \u00e7al\u0131\u015fmay\u0131 bitirece\u011fiz ve vatanda\u015flar\u0131m\u0131z\u0131n bu rahats\u0131zl\u0131\u011f\u0131n\u0131 ortadan kald\u0131raca\u011f\u0131z. Biz de arzu ediyoruz, yapt\u0131\u011f\u0131m\u0131z i\u015fleri zaman\u0131nda yapal\u0131m, hatta m\u00fcmk\u00fcnse en k\u0131sa zamanda yapal\u0131m. G\u00f6z boyamak i\u00e7in yapmayal\u0131m. \u0130nsanlara \u2018lafta i\u015f yap\u0131yor\u2019 dedirtmek i\u00e7in de\u011fil, ger\u00e7ekten hizmet gerekli oldu\u011fu i\u00e7in yapal\u0131m ve zaman\u0131nda i\u015fi bitirelim.\u201d<\/p>\n<p>\u201cYat\u0131r\u0131mlar\u0131m\u0131za ara vermeden devam edece\u011fiz\u201d<\/p>\n<p>Se\u00e7er, Yeni\u015fehir\u2019de k\u0131sa s\u00fcre \u00f6nce trafi\u011fe a\u00e7t\u0131klar\u0131 katl\u0131 kav\u015fa\u011fa da de\u011finerek, \u201cSevgi Katl\u0131 Kav\u015fa\u011f\u0131\u2019n\u0131n in\u015faat\u0131n\u0131 87 g\u00fcn gibi k\u0131sa bir s\u00fcrede bitirdik. Bundan sonra \u00e7al\u0131\u015fmalar\u0131m\u0131z b\u00f6yle olacak. G\u00f6reve geldi\u011fimiz yakla\u015f\u0131k 2 y\u0131ld\u0131r buna dikkat ediyordum zaten ama bundan sonra da hem MESK\u0130\u2019nin altyap\u0131 \u00e7al\u0131\u015fmalar\u0131nda hem de B\u00fcy\u00fck\u015fehir Belediyesi\u2019nin \u00fcst yap\u0131 \u00e7al\u0131\u015fmalar\u0131nda; ya\u011fmur suyu hatt\u0131 yap\u0131yorsan\u0131z, i\u00e7me suyu \u015febekesi d\u00f6\u015f\u00fcyorsan\u0131z, kanalizasyon, ar\u0131tma yap\u0131yorsan\u0131z, ya da yol-asfalt yap\u0131yorsan\u0131z, ne i\u015f yap\u0131yorsak yapal\u0131m; o i\u015fin en iyisini yapmaya gayret edece\u011fiz. Kaynak israf\u0131n\u0131 ortadan kald\u0131rmak i\u00e7in de \u00e7ok \u00f6nemli bir y\u00f6ntem oldu\u011funu d\u00fc\u015f\u00fcn\u00fcyorum. Bug\u00fcne kadar \u00f6nemli mali s\u0131k\u0131nt\u0131lar\u0131n \u00fcstesinden gelmek i\u00e7in baz\u0131 tedbirler ald\u0131k. Bundan sonra da mevcut ko\u015fullar\u0131 en iyi \u015fekilde de\u011ferlendirece\u011fiz ve yat\u0131r\u0131mlar\u0131m\u0131za ara vermeden devam edece\u011fiz\u201d diye konu\u015ftu.<\/p>\n<p>Ba\u015fkan Se\u00e7er, B\u00fcy\u00fck\u015fehir Belediyesi Silifke \u0130tfaiye Grup Amirli\u011fi\u2019nde itfaiye personeli ile bir araya geldi. Silifke program\u0131n\u0131 yine esnaf ziyareti ile tamamlayan Se\u00e7er, Ta\u015fucu Mahallesi\u2019ndeki esnaf\u0131 tek tek gezerek, \u201cHay\u0131rl\u0131 i\u015fler\u201d dile\u011finde bulundu.<\/p>\n","protected":false},"excerpt":{"rendered":"<p>Silifke\u2019yi ziyaret eden Ba\u015fkan Se\u00e7er, program\u0131n\u0131n b\u00fcy\u00fck b\u00f6l\u00fcm\u00fcn\u00fc pandemide zor g\u00fcnler ge\u00e7iren esnafa ay\u0131rd\u0131. Se\u00e7er, program kapsam\u0131nda g\u00f6revine yak\u0131n zamanda ba\u015flayan Silifke Kaymakam\u0131 Nam\u0131k Kemal Nazl\u0131\u2019y\u0131 ziyaret ederken, Gazi Mahallesi\u2019nde &hellip; <a href=\"https:\/\/akdenizolaygazetesi.com\/?p=10983\" class=\"more-link\">Devam\u0131n\u0131 Oku&#8230;<\/a><\/p>\n","protected":false},"author":2,"featured_media":10984,"comment_status":"open","ping_status":"open","sticky":false,"template":"","format":"standard","meta":[],"categories":[34,1,2,3,5],"tags":[],"_links":{"self":[{"href":"https:\/\/akdenizolaygazetesi.com\/index.php?rest_route=\/wp\/v2\/posts\/10983"}],"collection":[{"href":"https:\/\/akdenizolaygazetesi.com\/index.php?rest_route=\/wp\/v2\/posts"}],"about":[{"href":"https:\/\/akdenizolaygazetesi.com\/index.php?rest_route=\/wp\/v2\/types\/post"}],"author":[{"embeddable":true,"href":"https:\/\/akdenizolaygazetesi.com\/index.php?rest_route=\/wp\/v2\/users\/2"}],"replies":[{"embeddable":true,"href":"https:\/\/akdenizolaygazetesi.com\/index.php?rest_route=%2Fwp%2Fv2%2Fcomments&post=10983"}],"version-history":[{"count":1,"href":"https:\/\/akdenizolaygazetesi.com\/index.php?rest_route=\/wp\/v2\/posts\/10983\/revisions"}],"predecessor-version":[{"id":10985,"href":"https:\/\/akdenizolaygazetesi.com\/index.php?rest_route=\/wp\/v2\/posts\/10983\/revisions\/10985"}],"wp:featuredmedia":[{"embeddable":true,"href":"https:\/\/akdenizolaygazetesi.com\/index.php?rest_route=\/wp\/v2\/media\/10984"}],"wp:attachment":[{"href":"https:\/\/akdenizolaygazetesi.com\/index.php?rest_route=%2Fwp%2Fv2%2Fmedia&parent=10983"}],"wp:term":[{"taxonomy":"category","embeddable":true,"href":"https:\/\/akdenizolaygazetesi.com\/index.php?rest_route=%2Fwp%2Fv2%2Fcategories&post=10983"},{"taxonomy":"post_tag","embeddable":true,"href":"https:\/\/akdenizolaygazetesi.com\/index.php?rest_route=%2Fwp%2Fv2%2Ftags&post=10983"}],"curies":[{"name":"wp","href":"https:\/\/api.w.org\/{rel}","templated":true}]}}