{"id":1099,"date":"2020-11-04T18:21:41","date_gmt":"2020-11-04T15:21:41","guid":{"rendered":"http:\/\/mersinekonomipolitikagazetesi.com\/?p=1099"},"modified":"2020-11-04T18:21:41","modified_gmt":"2020-11-04T15:21:41","slug":"uray-caddesi-uzerindeki-tarihi-binalar-kaderine-terkedildi","status":"publish","type":"post","link":"https:\/\/akdenizolaygazetesi.com\/?p=1099","title":{"rendered":"URAY CADDES\u0130 \u00dcZER\u0130NDEK\u0130 TAR\u0130H\u0130 B\u0130NALAR KADER\u0130NE TERKED\u0130LD\u0130"},"content":{"rendered":"<p>Mersin Uray Caddesi \u00fczerinde bulunan, Latin Katolik Kilisesi \u00e7evresindeki tarihi binalar kaderine terk edilmi\u015f durumda.<\/p>\n<p>Mersin&#8217;in en eski yerle\u015fim yerlerinden birisi olan Uray Caddesi \u00fczerindeki tarihi binalar, bak\u0131ms\u0131zl\u0131ktan g\u00fcn ge\u00e7tik\u00e7e y\u0131k\u0131lmaya devam ediyor. Sit alan\u0131 olarak ilan edilen b\u00f6lgede, 2013 y\u0131l\u0131nda &#8221;Tarihe G\u00fcl\u00fcmseyen Mersin projesi kapsam\u0131nda ele al\u0131nan yap\u0131lar\u0131n onar\u0131m\u0131, d\u00f6nemin Vali&#8217;sinin de\u011fi\u015fmesiyle ask\u0131da kald\u0131. Yap\u0131lar aras\u0131nda \u00f6nemli yerlere sahip olan Karamanc\u0131lar Kona\u011f\u0131 ve Mersin 3 Ocak Ortaokulu olarak bilinen ancak \u015fu anda kullan\u0131lmayan binalar da yer al\u0131yor. Mersin tarihi a\u00e7\u0131s\u0131ndan \u00f6nemli bir yere sahip olan yap\u0131lar, g\u00fcn y\u00fcz\u00fcne \u00e7\u0131kmay\u0131 bekliyor.<\/p>\n<p>\u00a0<\/p>\n<p>KARAMANCILAR KONA\u011eI&#8217;NIN \u00d6NEM\u0130<\/p>\n<p>Mustafa Kemal Atat\u00fcrk 5 Kas\u0131m 1918&#8217;de \u0130mparatorlu\u011fun g\u00f6revli \u00fcst d\u00fczey subaylar\u0131ndan biri iken Y\u0131ld\u0131r\u0131m Ordular\u0131 Grup Komutan\u0131 ve yeni kurulan 7. Ordu kumandan\u0131 s\u0131fat\u0131yla Mersin&#8217;e geldi.O zamanlarda Mersin&#8217;de ikamet eden 23. T\u00fcmen Komutan\u0131 Albay Bahattin Bey&#8217;in konu\u011fu oldu. Mustafa Kemal Atat\u00fcrk&#8217;\u00fcn konuk olarak kald\u0131\u011f\u0131 konak istasyon istikametinden Uray caddesi ba\u015flang\u0131c\u0131na do\u011fru kar\u015f\u0131n\u0131zda t\u00fcm yorgunlu\u011fuyla ayakta durmaya \u00e7al\u0131\u015fan &#8221;Karamanc\u0131lar Kona\u011f\u0131&#8217;d\u0131r.&#8221; Konakta ge\u00e7ti\u011fimiz y\u0131llarda bilinmeyen bir sebepten yang\u0131n \u00e7\u0131km\u0131\u015f ve kuzey \u00e7at\u0131 k\u0131sm\u0131 tamamen yok olmu\u015f bir \u015fekilde duruyor. Bu t\u00fcr yap\u0131lar\u0131m\u0131z\u0131n korunmas\u0131 ve muhafaza alt\u0131na al\u0131nmas\u0131, hem tarihimiz, hem de gelecekteki nesillere aktar\u0131lmas\u0131 a\u00e7\u0131s\u0131ndan b\u00fcy\u00fck \u00f6nem ta\u015f\u0131mas\u0131 niteli\u011finde olup tekrar ya\u015fama kavu\u015fturulmas\u0131 i\u00e7in gerekli \u00e7al\u0131\u015fmalar\u0131n ba\u015flat\u0131lmas\u0131 bekleniyor.<\/p>\n","protected":false},"excerpt":{"rendered":"<p>Mersin Uray Caddesi \u00fczerinde bulunan, Latin Katolik Kilisesi \u00e7evresindeki tarihi binalar kaderine terk edilmi\u015f durumda. Mersin&#8217;in en eski yerle\u015fim yerlerinden birisi olan Uray Caddesi \u00fczerindeki tarihi binalar, bak\u0131ms\u0131zl\u0131ktan g\u00fcn ge\u00e7tik\u00e7e &hellip; <a href=\"https:\/\/akdenizolaygazetesi.com\/?p=1099\" class=\"more-link\">Devam\u0131n\u0131 Oku&#8230;<\/a><\/p>\n","protected":false},"author":1,"featured_media":0,"comment_status":"open","ping_status":"open","sticky":false,"template":"","format":"standard","meta":[],"categories":[],"tags":[],"_links":{"self":[{"href":"https:\/\/akdenizolaygazetesi.com\/index.php?rest_route=\/wp\/v2\/posts\/1099"}],"collection":[{"href":"https:\/\/akdenizolaygazetesi.com\/index.php?rest_route=\/wp\/v2\/posts"}],"about":[{"href":"https:\/\/akdenizolaygazetesi.com\/index.php?rest_route=\/wp\/v2\/types\/post"}],"author":[{"embeddable":true,"href":"https:\/\/akdenizolaygazetesi.com\/index.php?rest_route=\/wp\/v2\/users\/1"}],"replies":[{"embeddable":true,"href":"https:\/\/akdenizolaygazetesi.com\/index.php?rest_route=%2Fwp%2Fv2%2Fcomments&post=1099"}],"version-history":[{"count":0,"href":"https:\/\/akdenizolaygazetesi.com\/index.php?rest_route=\/wp\/v2\/posts\/1099\/revisions"}],"wp:attachment":[{"href":"https:\/\/akdenizolaygazetesi.com\/index.php?rest_route=%2Fwp%2Fv2%2Fmedia&parent=1099"}],"wp:term":[{"taxonomy":"category","embeddable":true,"href":"https:\/\/akdenizolaygazetesi.com\/index.php?rest_route=%2Fwp%2Fv2%2Fcategories&post=1099"},{"taxonomy":"post_tag","embeddable":true,"href":"https:\/\/akdenizolaygazetesi.com\/index.php?rest_route=%2Fwp%2Fv2%2Ftags&post=1099"}],"curies":[{"name":"wp","href":"https:\/\/api.w.org\/{rel}","templated":true}]}}