{"id":10992,"date":"2021-02-26T13:52:59","date_gmt":"2021-02-26T10:52:59","guid":{"rendered":"http:\/\/akdenizolaygazetesi.com\/?p=10992"},"modified":"2021-02-26T13:52:59","modified_gmt":"2021-02-26T10:52:59","slug":"tedbir-alamazsak-susuz-kalacagiz","status":"publish","type":"post","link":"https:\/\/akdenizolaygazetesi.com\/?p=10992","title":{"rendered":"\u2018TEDB\u0130R ALAMAZSAK SUSUZ KALACA\u011eIZ\u2019"},"content":{"rendered":"<p>Do\u011fal su kaynaklar\u0131n\u0131n g\u00fcn ge\u00e7tik\u00e7e azald\u0131\u011f\u0131 d\u00fcnyam\u0131zda, alternatif tedbirler ile ileride ya\u015fanabilecek su k\u0131tl\u0131\u011f\u0131na kar\u015f\u0131 \u00e7\u00f6z\u00fcm \u00f6nerileri \u00f6n plana \u00e7\u0131kmaya ba\u015flad\u0131. T\u00fcrkiye\u2019de bulunan su kaynaklar\u0131n\u0131n yeterince de\u011ferlendirilmemesi ve azalmas\u0131 nedeniyle Mezitli Belediye Ba\u015fkan\u0131 Ne\u015fet Tarhan, ya\u011fmur sular\u0131n\u0131n yer alt\u0131nda depolanabilmesi i\u00e7in alternatif bir projenin uygulanmas\u0131 konusunda hassas davranacaklar\u0131 bilgisini verdi. <\/p>\n<p>Ya\u011fmur sular\u0131n\u0131n \u00fcretimde kullan\u0131labilmesi amac\u0131yla al\u0131nan karar\u0131n uygulanabilirli\u011finin \u00f6nemli oldu\u011funu belirten Ba\u015fkan Tarhan, yenilik\u00e7i teknolojilere sahip sa\u011fl\u0131k gere\u00e7leri ile su t\u00fcketiminin azalt\u0131lmas\u0131, binalardaki su tesisatlar\u0131ndaki kay\u0131p ve ka\u00e7aklar\u0131n giderilmesi, ya\u011fmur suyu gibi alternatif kaynaklar\u0131n kullan\u0131lmas\u0131, evsel nitelikli at\u0131k sular\u0131n ar\u0131t\u0131larak tekrar kullan\u0131lmas\u0131, su s\u0131k\u0131nt\u0131s\u0131n\u0131n yo\u011fun olarak ya\u015fand\u0131\u011f\u0131 b\u00f6lgelerde deniz suyundan tatl\u0131 su elde edilerek kullan\u0131lmas\u0131 gibi y\u00f6ntemlerle sular\u0131n yeniden kullan\u0131ma sunulabilece\u011fine dikkat \u00e7eken Ba\u015fkan Tarhan, \u201cBundan sonra belediyemize gelecek projelerde ya\u011fmur suyunun tekrar kullan\u0131labilmesi i\u00e7in yer alt\u0131nda depolanmas\u0131 konusunda hassas davranaca\u011f\u0131z. G\u00fcn\u00fcm\u00fczde tatl\u0131 su kaynaklar\u0131n\u0131n h\u0131zl\u0131 bi\u00e7imde t\u00fcketilmesi ve kirlenmesi gibi sebeplerden \u00f6t\u00fcr\u00fc gri suyun ar\u0131t\u0131larak kullan\u0131lmas\u0131n\u0131n yan\u0131nda alternatif bir kaynak olan ya\u011fmur suyunun da kullan\u0131lmas\u0131 g\u00fcndeme gelmi\u015ftir. \u00c7at\u0131 alan\u0131 yeterince b\u00fcy\u00fck olan binalarda ya\u011fmur sular\u0131n\u0131n toplanarak, basit ar\u0131tma i\u015flemlerinden ge\u00e7irilip kullan\u0131ma sunulmas\u0131 binalarda su korunumu i\u00e7in al\u0131nabilecek \u00f6nlemler aras\u0131ndad\u0131r. Bir\u00e7ok \u00fclkede bu y\u00f6ntem ile kullan\u0131m suyundan b\u00fcy\u00fck \u00f6l\u00e7\u00fcde tasarruf edilerek, su t\u00fcketim oranlar\u0131 daha alt s\u0131n\u0131rlara \u00e7ekilmi\u015ftir. Ya\u011fmur suyunun toplan\u0131larak binalarda kullan\u0131m\u0131n\u0131n yayg\u0131nla\u015ft\u0131r\u0131lmas\u0131, farkl\u0131 \u00fclkelerde farkl\u0131 te\u015fvik ve yasalarla desteklenmektedir\u201d dedi.<\/p>\n<p>\u2018SUYU DA D\u00d6N\u00dc\u015eT\u00dcREREK KULLANAB\u0130L\u0130R\u0130Z\u2019<\/p>\n<p>T\u00fcm d\u00fcnya genelinde alternatif su kaynaklar\u0131n\u0131n \u00fcretilmesi ad\u0131na \u00e7al\u0131\u015fmalar yap\u0131ld\u0131\u011f\u0131na vurgu yaparak \u201c23 Ocak 2021 tarihinden itibaren y\u00fcr\u00fcrl\u00fc\u011fe girmi\u015f olan; 2 bin metrekareden b\u00fcy\u00fck parsellerde yap\u0131lacak yap\u0131larda, \u00e7at\u0131 y\u00fczeyi ya\u011fmur sular\u0131n\u0131n, tabii zemin alt\u0131nda tesis edilerek ya\u011fmursuyu toplama tank\u0131nda toplanmas\u0131 ve gerekmesi halinde filtre edilerek yeniden kullan\u0131m amac\u0131yla tesis edilecek \u2018ya\u011fmursuyu toplama sistemi\u2019 uygulamalar\u0131na Mezitli Belediyesi olarak tam destek veriyoruz\u201d diyen Ba\u015fkan Tarhan, 2 bin metrekareden k\u00fc\u00e7\u00fck parsellerde de s\u00fcre\u00e7 i\u00e7erisinde uygulamalar ba\u015flayabilece\u011fini ifade etti.<\/p>\n","protected":false},"excerpt":{"rendered":"<p>Do\u011fal su kaynaklar\u0131n\u0131n g\u00fcn ge\u00e7tik\u00e7e azald\u0131\u011f\u0131 d\u00fcnyam\u0131zda, alternatif tedbirler ile ileride ya\u015fanabilecek su k\u0131tl\u0131\u011f\u0131na kar\u015f\u0131 \u00e7\u00f6z\u00fcm \u00f6nerileri \u00f6n plana \u00e7\u0131kmaya ba\u015flad\u0131. T\u00fcrkiye\u2019de bulunan su kaynaklar\u0131n\u0131n yeterince de\u011ferlendirilmemesi ve azalmas\u0131 nedeniyle &hellip; <a href=\"https:\/\/akdenizolaygazetesi.com\/?p=10992\" class=\"more-link\">Devam\u0131n\u0131 Oku&#8230;<\/a><\/p>\n","protected":false},"author":2,"featured_media":10994,"comment_status":"open","ping_status":"open","sticky":false,"template":"","format":"standard","meta":[],"categories":[34,1,2,3,5],"tags":[],"_links":{"self":[{"href":"https:\/\/akdenizolaygazetesi.com\/index.php?rest_route=\/wp\/v2\/posts\/10992"}],"collection":[{"href":"https:\/\/akdenizolaygazetesi.com\/index.php?rest_route=\/wp\/v2\/posts"}],"about":[{"href":"https:\/\/akdenizolaygazetesi.com\/index.php?rest_route=\/wp\/v2\/types\/post"}],"author":[{"embeddable":true,"href":"https:\/\/akdenizolaygazetesi.com\/index.php?rest_route=\/wp\/v2\/users\/2"}],"replies":[{"embeddable":true,"href":"https:\/\/akdenizolaygazetesi.com\/index.php?rest_route=%2Fwp%2Fv2%2Fcomments&post=10992"}],"version-history":[{"count":1,"href":"https:\/\/akdenizolaygazetesi.com\/index.php?rest_route=\/wp\/v2\/posts\/10992\/revisions"}],"predecessor-version":[{"id":10995,"href":"https:\/\/akdenizolaygazetesi.com\/index.php?rest_route=\/wp\/v2\/posts\/10992\/revisions\/10995"}],"wp:featuredmedia":[{"embeddable":true,"href":"https:\/\/akdenizolaygazetesi.com\/index.php?rest_route=\/wp\/v2\/media\/10994"}],"wp:attachment":[{"href":"https:\/\/akdenizolaygazetesi.com\/index.php?rest_route=%2Fwp%2Fv2%2Fmedia&parent=10992"}],"wp:term":[{"taxonomy":"category","embeddable":true,"href":"https:\/\/akdenizolaygazetesi.com\/index.php?rest_route=%2Fwp%2Fv2%2Fcategories&post=10992"},{"taxonomy":"post_tag","embeddable":true,"href":"https:\/\/akdenizolaygazetesi.com\/index.php?rest_route=%2Fwp%2Fv2%2Ftags&post=10992"}],"curies":[{"name":"wp","href":"https:\/\/api.w.org\/{rel}","templated":true}]}}