{"id":10996,"date":"2021-02-26T13:57:07","date_gmt":"2021-02-26T10:57:07","guid":{"rendered":"http:\/\/akdenizolaygazetesi.com\/?p=10996"},"modified":"2021-02-26T13:57:07","modified_gmt":"2021-02-26T10:57:07","slug":"erdemli-camligi-yaza-hazirlaniyor","status":"publish","type":"post","link":"https:\/\/akdenizolaygazetesi.com\/?p=10996","title":{"rendered":"ERDEML\u0130 \u00c7AMLI\u011eI YAZA HAZIRLANIYOR"},"content":{"rendered":"<p>Erdemli Belediyesi, yaza haz\u0131rl\u0131k \u00e7al\u0131\u015fmalar\u0131 kapsam\u0131nda, il\u00e7e genelinde budama, bak\u0131m, onar\u0131m \u00e7al\u0131\u015fmalar\u0131n\u0131 aral\u0131ks\u0131z s\u00fcrd\u00fcr\u00fcyor. Ekiplerin bu seferki \u00e7al\u0131\u015fma adresi, Erdemli Talat G\u00f6ktepe \u00c7aml\u0131\u011f\u0131 oldu.<\/p>\n<p>Erdemli Belediyesi Park ve Bah\u00e7eler M\u00fcd\u00fcrl\u00fc\u011f\u00fc ekipleri, yaza haz\u0131rl\u0131k \u00e7al\u0131\u015fmalar\u0131 kapsam\u0131nda hummal\u0131 bir \u00e7al\u0131\u015fma y\u00fcr\u00fct\u00fcyor. Ekipler, bir taraftan seralarda \u00e7i\u00e7ek dikim \u00e7al\u0131\u015fmalar\u0131n\u0131 s\u00fcrd\u00fcr\u00fcrken,  di\u011fer taraftan da, il\u00e7enin \u00f6ne \u00e7\u0131kan turizm yerlerinde \u00e7al\u0131\u015fmalar s\u00fcrd\u00fcr\u00fcyor.<\/p>\n<p>15 Nisan\u2019da ba\u015flayacak turizm sezonu i\u00e7in hummal\u0131 bir \u00e7al\u0131\u015fma s\u00fcrd\u00fcren ekipler, b\u00f6lgenin \u00f6nemli turizm merkezlerinden Talat G\u00f6ktepe \u00c7aml\u0131\u011f\u0131nda budama, \u00e7im bi\u00e7me ve bak\u0131m gibi \u00e7al\u0131\u015fmalar yapt\u0131.<\/p>\n<p>S\u0131f\u0131r rak\u0131m\u0131ndan iki bin be\u015f y\u00fcz rak\u0131m\u0131na kadar her alanda aral\u0131ks\u0131z \u00e7al\u0131\u015fma s\u00fcrd\u00fcrd\u00fcklerini ifade eden Erdemli Belediye Ba\u015fkan\u0131 M\u00fckerrem Tollu,  yaza haz\u0131rl\u0131k \u00e7al\u0131\u015fmalar\u0131nda hummal\u0131 bir \u00e7al\u0131\u015fma y\u00fcr\u00fctt\u00fcklerini belirtti. Ba\u015fkan Tollu, \u201cBiz Erdemli Belediyesi olarak il\u00e7emizin daha ye\u015fil daha ya\u015fan\u0131labilir bir kent olmas\u0131 ad\u0131na her alanda \u00e7al\u0131\u015fmalar y\u00fcr\u00fct\u00fcyoruz. 15 Nisan\u2019da a\u00e7\u0131lacak turizm sezonu i\u00e7inde Park ve Bah\u00e7eler M\u00fcd\u00fcrl\u00fc\u011f\u00fc ekiplerimiz, kentimizin her b\u00f6lgesinde \u00e7al\u0131\u015fmalar y\u00fcr\u00fct\u00fcyor. Ge\u00e7en y\u0131l belediyemiz kontrol\u00fcne ge\u00e7en Talat G\u00f6ktepe \u00c7aml\u0131\u011f\u0131da bu yerlerden bir tanesi. Kentimizin g\u00f6z bebe\u011fi \u00c7aml\u0131\u011f\u0131m\u0131z\u0131, vatanda\u015f\u0131m\u0131z\u0131n hizmetine en iyi \u015fekilde sunmak i\u00e7in gayret ediyoruz\u201d diye konu\u015ftu.<\/p>\n","protected":false},"excerpt":{"rendered":"<p>Erdemli Belediyesi, yaza haz\u0131rl\u0131k \u00e7al\u0131\u015fmalar\u0131 kapsam\u0131nda, il\u00e7e genelinde budama, bak\u0131m, onar\u0131m \u00e7al\u0131\u015fmalar\u0131n\u0131 aral\u0131ks\u0131z s\u00fcrd\u00fcr\u00fcyor. Ekiplerin bu seferki \u00e7al\u0131\u015fma adresi, Erdemli Talat G\u00f6ktepe \u00c7aml\u0131\u011f\u0131 oldu. Erdemli Belediyesi Park ve Bah\u00e7eler M\u00fcd\u00fcrl\u00fc\u011f\u00fc &hellip; <a href=\"https:\/\/akdenizolaygazetesi.com\/?p=10996\" class=\"more-link\">Devam\u0131n\u0131 Oku&#8230;<\/a><\/p>\n","protected":false},"author":2,"featured_media":10997,"comment_status":"open","ping_status":"open","sticky":false,"template":"","format":"standard","meta":[],"categories":[34,1,2,3,5],"tags":[],"_links":{"self":[{"href":"https:\/\/akdenizolaygazetesi.com\/index.php?rest_route=\/wp\/v2\/posts\/10996"}],"collection":[{"href":"https:\/\/akdenizolaygazetesi.com\/index.php?rest_route=\/wp\/v2\/posts"}],"about":[{"href":"https:\/\/akdenizolaygazetesi.com\/index.php?rest_route=\/wp\/v2\/types\/post"}],"author":[{"embeddable":true,"href":"https:\/\/akdenizolaygazetesi.com\/index.php?rest_route=\/wp\/v2\/users\/2"}],"replies":[{"embeddable":true,"href":"https:\/\/akdenizolaygazetesi.com\/index.php?rest_route=%2Fwp%2Fv2%2Fcomments&post=10996"}],"version-history":[{"count":1,"href":"https:\/\/akdenizolaygazetesi.com\/index.php?rest_route=\/wp\/v2\/posts\/10996\/revisions"}],"predecessor-version":[{"id":10998,"href":"https:\/\/akdenizolaygazetesi.com\/index.php?rest_route=\/wp\/v2\/posts\/10996\/revisions\/10998"}],"wp:featuredmedia":[{"embeddable":true,"href":"https:\/\/akdenizolaygazetesi.com\/index.php?rest_route=\/wp\/v2\/media\/10997"}],"wp:attachment":[{"href":"https:\/\/akdenizolaygazetesi.com\/index.php?rest_route=%2Fwp%2Fv2%2Fmedia&parent=10996"}],"wp:term":[{"taxonomy":"category","embeddable":true,"href":"https:\/\/akdenizolaygazetesi.com\/index.php?rest_route=%2Fwp%2Fv2%2Fcategories&post=10996"},{"taxonomy":"post_tag","embeddable":true,"href":"https:\/\/akdenizolaygazetesi.com\/index.php?rest_route=%2Fwp%2Fv2%2Ftags&post=10996"}],"curies":[{"name":"wp","href":"https:\/\/api.w.org\/{rel}","templated":true}]}}