{"id":1100,"date":"2020-11-04T18:21:41","date_gmt":"2020-11-04T15:21:41","guid":{"rendered":"http:\/\/mersinekonomipolitikagazetesi.com\/?p=1100"},"modified":"2020-11-04T18:21:41","modified_gmt":"2020-11-04T15:21:41","slug":"baskan-kocamaz-mersini-engelsiz-kent-yapma-gayretindeyiz","status":"publish","type":"post","link":"https:\/\/akdenizolaygazetesi.com\/?p=1100","title":{"rendered":"Ba\u015fkan Kocamaz: &#8220;Mersin&#8217;i engelsiz kent yapma gayretindeyiz&#8221;"},"content":{"rendered":"<p>Mersin B\u00fcy\u00fck\u015fehir Belediye Ba\u015fkan\u0131 Burhanettin Kocamaz, H\u00fcseyin Polat \u00d6zel E\u011fitim ve Uygulama Merkezi\u2019nde Engelliler Haftas\u0131 sebebiyle d\u00fczenlenen programa kat\u0131ld\u0131. Kocamaz, Mersin\u2019i engelsiz bir kent yapma gayreti i\u00e7erisinde olduklar\u0131n\u0131 belirterek, \u201cMersin\u2019i engelsiz kent bir yapma gayretimiz artarak devam ediyor. \u0130n\u015fallah Mersin\u2019in fark\u0131n\u0131 hem T\u00fcrkiye\u2019ye hem de t\u00fcm d\u00fcnyaya g\u00f6sterece\u011fiz&#8221; dedi.<\/p>\n<p>H\u00fcseyin Polat \u00d6zel E\u011fitim ve Uygulama Merkezi\u2019nin bah\u00e7esinde d\u00fczenlenen programa, Ba\u015fkan Kocamaz\u2019\u0131n yan\u0131 s\u0131ra Yeni\u015fehir \u0130l\u00e7e Milli E\u011fitim M\u00fcd\u00fcr\u00fc Kamil \u00c7elebiy\u0131lmaz, H\u00fcseyin Polat \u00d6zel E\u011fitim ve Uygulama Merkezi M\u00fcd\u00fcr\u00fc B\u00fclent \u015eeng\u00fcl, \u00f6\u011frenciler ve velileri kat\u0131ld\u0131. Programda konu\u015fan Ba\u015fkan Kocamaz, \u00f6zellikle engellilerin bir hafta de\u011fil her g\u00fcn ilgi ve alaka g\u00f6rmesi gerekti\u011fini vurgulayarak, &#8220;Burada sizlerle beraber olmaktan b\u00fcy\u00fck bir mutluluk duydu\u011fumu belirtmek istiyorum. Sadece Engelliler Haftas\u0131\u2019nda de\u011fil, her g\u00fcn fark\u0131ndal\u0131k olu\u015fturulmal\u0131. Hi\u00e7 kimse durup dururken engelli olmad\u0131, bunun bir nedeni var. Asl\u0131nda b\u00fcy\u00fck bir k\u0131sm\u0131 maalesef insanlar\u0131n kendinden kaynaklan\u0131yor. Ya akraba evlili\u011fi, ya trafik kazas\u0131 ya da ba\u015fka bir \u015fekilde insanlar\u0131n dikkatsizli\u011fi sonucunda \u00e7ocuklar\u0131m\u0131z engelli do\u011fuyor. Yeterli tedbirler \u00f6nceden al\u0131nmad\u0131\u011f\u0131 i\u00e7in engelli do\u011fabiliyor ama onlar\u0131n elinde olmayan b\u00f6yle bir olaydan dolay\u0131 onlar\u0131n toplumdan d\u0131\u015flanmamas\u0131 gerekti\u011fini, toplumun asli birer unsuru olduklar\u0131 bilinciyle hareket edilmesi gerekti\u011fi, herkesin potansiyel birer engelli oldu\u011fu d\u00fc\u015f\u00fcncesiyle bu t\u00fcr olaylarda \u00f6zellikle \u00e7ocuklar\u0131m\u0131z\u0131n topluma kazand\u0131r\u0131lmas\u0131 konusunda sorumluluk \u00fcstlenilmesi gerekti\u011fini belirtmek istiyorum\u201d diye konu\u015ftu.<br \/>\nMersin B\u00fcy\u00fck\u015fehir Belediyesi olarak g\u00f6reve geldikleri g\u00fcnden itibaren, Mersin\u2019i engelsiz bir kent yapma gayreti i\u00e7erisinde olduklar\u0131n\u0131 vurgulayan Kocamaz, \u201cMersin\u2019i engelsiz kent bir yapma gayretimiz artarak devam ediyor. \u0130n\u015fallah Mersin\u2019in fark\u0131n\u0131 hem T\u00fcrkiye\u2019ye hem de t\u00fcm d\u00fcnyaya g\u00f6sterece\u011fiz. Bu konuda uluslararas\u0131 alanda ve Birle\u015fmi\u015f Milletler\u2019den yapt\u0131\u011f\u0131m\u0131z \u00e7al\u0131\u015fmalarla \u00f6d\u00fcller alm\u0131\u015f durumday\u0131z. Ama biz bu i\u015fi \u00f6d\u00fcl i\u00e7in de\u011fil, gerekti\u011fi i\u00e7in, bu insanlar\u0131n, bu gen\u00e7lerin toplumun bir par\u00e7as\u0131 ve asli bir unsuru oldu\u011fu bilinciyle yap\u0131yoruz\u201d \u015feklinde konu\u015ftu.<br \/>\nB\u00fcy\u00fck\u015fehir Belediyesi olarak kent genelinde yapm\u0131\u015f olduklar\u0131 d\u00fczenlemelerle Mersin\u2019i engelsiz bir kent haline getirmek i\u00e7in gayret ettiklerini dile getiren Kocamaz, \u201cAyn\u0131 zamanda toplu ta\u015f\u0131ma ara\u00e7lar\u0131m\u0131z\u0131 b\u00fct\u00fcn karde\u015flerimiz i\u00e7in engelsiz hale getirmeyi planl\u0131yoruz. Ald\u0131\u011f\u0131m\u0131z b\u00fct\u00fcn otob\u00fcsler \u00f6zellikle bu karde\u015flerimizin rahatl\u0131kla kullanabilece\u011fi \u015fekilde dizayn edilmi\u015f. Bu karde\u015flerimize yeni yeni mekanlar olu\u015fturuyoruz. Otistik \u00c7ocuklar E\u011fitim Merkezi\u2019ni olu\u015fturduk, hayata ge\u00e7irdik, Milli E\u011fitim M\u00fcd\u00fcrl\u00fc\u011f\u00fc\u2019ne teslim ettik. \u015eu anda bu karde\u015flerimiz i\u00e7in Toroslar b\u00f6lgesinde, T\u00fcrkiye\u2019ye \u00f6rnek olacak Meslek Edindirme Merkezi olu\u015fturuyoruz. Hemen arkas\u0131ndan Engelsiz Ya\u015fam Merkezi olu\u015fturaca\u011f\u0131z. Bu karde\u015flerimizin rahat\u00e7a hareket edebilmesine y\u00f6nelik ihtiya\u00e7 duyduklar\u0131 ara\u00e7 ve gere\u00e7 konusunda gerek B\u00fcy\u00fck\u015fehir Belediyesi olarak gerekse de Mersin\u2019deki kurum ve kurulu\u015flar duyarl\u0131 hale geldi ve b\u00fct\u00fcn karde\u015flerimizin ihtiya\u00e7lar\u0131n\u0131 kar\u015f\u0131lamak gayreti g\u00fcd\u00fcyoruz\u201d dedi.<br \/>\nKonu\u015fmalar\u0131n ard\u0131ndan okul \u00f6\u011frencilerinden olu\u015fan Silifke y\u00f6resi halk oyunlar\u0131 ekibinin ve G\u00f6\u00e7men H\u00fcseyin Polat \u00d6zel E\u011fitim \u0130\u015f Uygulama Merkezi \u00f6\u011frencilerinin Zeybek g\u00f6sterisi seyirciler taraf\u0131ndan ilgiyle izlendi. \u201cMersin Engel Tan\u0131mayanlar\u201d \u00f6d\u00fcl t\u00f6reninde, Kocamaz\u2019a, Yeni\u015fehir \u0130l\u00e7e Milli E\u011fitim M\u00fcd\u00fcr\u00fc Kamil \u00c7elebiy\u0131lmaz taraf\u0131ndan engelli bireylere yapm\u0131\u015f oldu\u011fu katk\u0131lardan dolay\u0131 plaket verildi.<\/p>\n","protected":false},"excerpt":{"rendered":"<p>Mersin B\u00fcy\u00fck\u015fehir Belediye Ba\u015fkan\u0131 Burhanettin Kocamaz, H\u00fcseyin Polat \u00d6zel E\u011fitim ve Uygulama Merkezi\u2019nde Engelliler Haftas\u0131 sebebiyle d\u00fczenlenen programa kat\u0131ld\u0131. Kocamaz, Mersin\u2019i engelsiz bir kent yapma gayreti i\u00e7erisinde olduklar\u0131n\u0131 belirterek, \u201cMersin\u2019i &hellip; <a href=\"https:\/\/akdenizolaygazetesi.com\/?p=1100\" class=\"more-link\">Devam\u0131n\u0131 Oku&#8230;<\/a><\/p>\n","protected":false},"author":1,"featured_media":0,"comment_status":"open","ping_status":"open","sticky":false,"template":"","format":"standard","meta":[],"categories":[],"tags":[],"_links":{"self":[{"href":"https:\/\/akdenizolaygazetesi.com\/index.php?rest_route=\/wp\/v2\/posts\/1100"}],"collection":[{"href":"https:\/\/akdenizolaygazetesi.com\/index.php?rest_route=\/wp\/v2\/posts"}],"about":[{"href":"https:\/\/akdenizolaygazetesi.com\/index.php?rest_route=\/wp\/v2\/types\/post"}],"author":[{"embeddable":true,"href":"https:\/\/akdenizolaygazetesi.com\/index.php?rest_route=\/wp\/v2\/users\/1"}],"replies":[{"embeddable":true,"href":"https:\/\/akdenizolaygazetesi.com\/index.php?rest_route=%2Fwp%2Fv2%2Fcomments&post=1100"}],"version-history":[{"count":0,"href":"https:\/\/akdenizolaygazetesi.com\/index.php?rest_route=\/wp\/v2\/posts\/1100\/revisions"}],"wp:attachment":[{"href":"https:\/\/akdenizolaygazetesi.com\/index.php?rest_route=%2Fwp%2Fv2%2Fmedia&parent=1100"}],"wp:term":[{"taxonomy":"category","embeddable":true,"href":"https:\/\/akdenizolaygazetesi.com\/index.php?rest_route=%2Fwp%2Fv2%2Fcategories&post=1100"},{"taxonomy":"post_tag","embeddable":true,"href":"https:\/\/akdenizolaygazetesi.com\/index.php?rest_route=%2Fwp%2Fv2%2Ftags&post=1100"}],"curies":[{"name":"wp","href":"https:\/\/api.w.org\/{rel}","templated":true}]}}