{"id":1101,"date":"2020-11-04T18:21:41","date_gmt":"2020-11-04T15:21:41","guid":{"rendered":"http:\/\/mersinekonomipolitikagazetesi.com\/?p=1101"},"modified":"2020-11-04T18:21:41","modified_gmt":"2020-11-04T15:21:41","slug":"baro-baskani-erden-hizmet-odakli-calisma-vurgusu","status":"publish","type":"post","link":"https:\/\/akdenizolaygazetesi.com\/?p=1101","title":{"rendered":"Baro Ba\u015fkan\u0131 Er\u2019den \u2018hizmet odakl\u0131 \u00e7al\u0131\u015fma\u2019 vurgusu"},"content":{"rendered":"<p>Mersin Barosu Ba\u015fkan\u0131 Ali Er, hafta sonunda yap\u0131lacak T\u00fcrkiye Barolar Birli\u011fi Genel Kurulu ile birlikte hizmet odakl\u0131, mesleki sorunlar\u0131n\u0131n \u00e7\u00f6z\u00fcme kavu\u015fturuldu\u011fu bir d\u00f6nemin ba\u015flamas\u0131n\u0131 diledi.<\/p>\n<p>Baro Ba\u015fkan\u0131 Er, T\u00fcrkiye Barolar Birli\u011fi\u2019nin (TBB), 13-14 May\u0131s 2017 tarihlerinde Ankara\u2019da yap\u0131lacak 34. ola\u011fan genel kurulu ile ilgili yaz\u0131l\u0131 bir a\u00e7\u0131klama yapt\u0131. 34. ola\u011fan genel kurulun avukatl\u0131k mesle\u011fine, meslekta\u015flar\u0131na ve \u00fclkeye hay\u0131rl\u0131 olmas\u0131 temennisinde bulunan Er, genel kurul sonunda TBB\u2019nin yeni ba\u015fkan\u0131, y\u00f6netim kurulu, disiplin kurulu ve denetleme kurulu \u00fcyelerinin belli olaca\u011f\u0131n\u0131 belirtti. Er, \u201cGenel kurulda ba\u015fkanl\u0131k i\u00e7in mevcut ba\u015fkan Metin Feyzio\u011flu d\u0131\u015f\u0131nda \u015fu ana kadar aday oldu\u011funu a\u00e7\u0131klayan ba\u015fka bir isim olmad\u0131. Ba\u015fkanl\u0131k se\u00e7imi ile birlikte genel kurul sonunda 10 as\u0131l, 10 yedek \u00fcyeli y\u00f6netim kurulu, 7 as\u0131l, 7 yedek \u00fcyeli disiplin kurulu ve 3 as\u0131l, 3 yedek \u00fcyeli denetleme kurulu se\u00e7imi de yap\u0131lacak\u201d ifadelerini kulland\u0131.<br \/>\nAvukatl\u0131k mesle\u011finin i\u00e7inde bulundu\u011fu zor durumun t\u00fcm meslekta\u015flar\u0131 taraf\u0131ndan bilindi\u011fini belirten Er, \u015f\u00f6yle devam etti:<br \/>\n\u201cZorlu piyasa ko\u015fullar\u0131 kar\u015f\u0131s\u0131nda mesle\u011fimiz g\u00fcnden g\u00fcne kan kaybetmektedir. Mesle\u011fimizin ve meslekta\u015flar\u0131m\u0131z\u0131n sorunlar\u0131n\u0131n \u00e7\u00f6z\u00fcm\u00fc i\u00e7in hizmet odakl\u0131, fedakar ve etkin bir \u00e7al\u0131\u015fma ger\u00e7ekle\u015ftirilmesi gerekmektedir. Bu anlamda yap\u0131lacak olan se\u00e7imlerin mesle\u011fimize, meslekta\u015flar\u0131m\u0131za, \u00fclkemize hay\u0131rl\u0131 olmas\u0131n\u0131, mesleki sorunlar\u0131m\u0131z\u0131n \u00e7\u00f6z\u00fcme kavu\u015fturuldu\u011fu bir d\u00f6nemin ba\u015flamas\u0131n\u0131 temenni ediyorum.\u201d<br \/>\nYarg\u0131n\u0131n olmazsa olmaz\u0131 savunman\u0131n kutsal temsilcileri olan avukatlar\u0131n, maddi, manevi anlamda hak ettikleri refaha ve itibara kavu\u015fturulmalar\u0131 gerekti\u011fini vurgulayan Er, bunun i\u00e7in de ba\u015fta Avukatl\u0131k Yasas\u0131nda de\u011fi\u015fiklikler olmak \u00fczere acil gerekli yasal d\u00fczenlemelerin yap\u0131lmas\u0131, T\u00fcrkiye Barolar Birli\u011fi ve barolar\u0131n da bu anlamda hizmet odakl\u0131 bir anlay\u0131\u015fla gerekli \u00e7al\u0131\u015fmalar\u0131 yapmas\u0131 gerekti\u011fini kaydetti.<\/p>\n","protected":false},"excerpt":{"rendered":"<p>Mersin Barosu Ba\u015fkan\u0131 Ali Er, hafta sonunda yap\u0131lacak T\u00fcrkiye Barolar Birli\u011fi Genel Kurulu ile birlikte hizmet odakl\u0131, mesleki sorunlar\u0131n\u0131n \u00e7\u00f6z\u00fcme kavu\u015fturuldu\u011fu bir d\u00f6nemin ba\u015flamas\u0131n\u0131 diledi. Baro Ba\u015fkan\u0131 Er, T\u00fcrkiye Barolar &hellip; <a href=\"https:\/\/akdenizolaygazetesi.com\/?p=1101\" class=\"more-link\">Devam\u0131n\u0131 Oku&#8230;<\/a><\/p>\n","protected":false},"author":1,"featured_media":0,"comment_status":"open","ping_status":"open","sticky":false,"template":"","format":"standard","meta":[],"categories":[],"tags":[],"_links":{"self":[{"href":"https:\/\/akdenizolaygazetesi.com\/index.php?rest_route=\/wp\/v2\/posts\/1101"}],"collection":[{"href":"https:\/\/akdenizolaygazetesi.com\/index.php?rest_route=\/wp\/v2\/posts"}],"about":[{"href":"https:\/\/akdenizolaygazetesi.com\/index.php?rest_route=\/wp\/v2\/types\/post"}],"author":[{"embeddable":true,"href":"https:\/\/akdenizolaygazetesi.com\/index.php?rest_route=\/wp\/v2\/users\/1"}],"replies":[{"embeddable":true,"href":"https:\/\/akdenizolaygazetesi.com\/index.php?rest_route=%2Fwp%2Fv2%2Fcomments&post=1101"}],"version-history":[{"count":0,"href":"https:\/\/akdenizolaygazetesi.com\/index.php?rest_route=\/wp\/v2\/posts\/1101\/revisions"}],"wp:attachment":[{"href":"https:\/\/akdenizolaygazetesi.com\/index.php?rest_route=%2Fwp%2Fv2%2Fmedia&parent=1101"}],"wp:term":[{"taxonomy":"category","embeddable":true,"href":"https:\/\/akdenizolaygazetesi.com\/index.php?rest_route=%2Fwp%2Fv2%2Fcategories&post=1101"},{"taxonomy":"post_tag","embeddable":true,"href":"https:\/\/akdenizolaygazetesi.com\/index.php?rest_route=%2Fwp%2Fv2%2Ftags&post=1101"}],"curies":[{"name":"wp","href":"https:\/\/api.w.org\/{rel}","templated":true}]}}