{"id":11021,"date":"2021-02-27T14:21:13","date_gmt":"2021-02-27T11:21:13","guid":{"rendered":"http:\/\/akdenizolaygazetesi.com\/?p=11021"},"modified":"2021-02-27T14:21:13","modified_gmt":"2021-02-27T11:21:13","slug":"baskan-secer-soz-verdi-cocuklar-karbogazinda-keyifli-bir-gun-gecirdi","status":"publish","type":"post","link":"https:\/\/akdenizolaygazetesi.com\/?p=11021","title":{"rendered":"BA\u015eKAN SE\u00c7ER S\u00d6Z VERD\u0130, \u00c7OCUKLAR KARBO\u011eAZI\u2019NDA KEY\u0130FL\u0130 B\u0130R G\u00dcN GE\u00c7\u0130RD\u0130"},"content":{"rendered":"<p>Ba\u015fkan Se\u00e7er, ge\u00e7ti\u011fimiz g\u00fcnlerde kendisinden kar gezisi talebinde bulunan \u00e7ocuklar\u0131 k\u0131rmad\u0131. Kad\u0131n ve Aile Hizmetleri Dairesi\u2019nin \u00f6nc\u00fcl\u00fc\u011f\u00fcnde bir araya gelen \u00e7ocuklar, G\u00fclek Karbo\u011faz\u0131 mesire alan\u0131ndaki etkinlikte g\u00f6n\u00fcllerince e\u011flendi. Aralar\u0131nda daha \u00f6nce kar g\u00f6rmeyen \u00e7ocuklar\u0131n da oldu\u011fu grup, karla oynad\u0131, m\u00fczikli etkinliklerle temiz havan\u0131n tad\u0131n\u0131 \u00e7\u0131kard\u0131. Yemek ikram\u0131n\u0131n ard\u0131ndan \u00e7ocuklar, Karbo\u011faz\u0131 mesire alan\u0131nda \u00e7evre temizli\u011fi yapt\u0131.<\/p>\n<p>Mersin B\u00fcy\u00fck\u015fehir Belediyesi, \u00f6zellikle dezavantajl\u0131 mahallelerde ya\u015fayan \u00e7ocuklar\u0131n sosyal hayata daha fazla dahil olmas\u0131 ve k\u00fclt\u00fcrel etkinliklere kat\u0131l\u0131m sa\u011flayabilmeleri ad\u0131na \u00e7al\u0131\u015fmalar\u0131na devam ediyor. Ge\u00e7ti\u011fimiz g\u00fcnlerde Gen\u00e7lik Kamp\u0131\u2019nda a\u011f\u0131rlanan Tarsus \u0130l\u00e7esi \u015eahin Mahallesi\u2019nde ya\u015fayan \u00e7ocuklar, bu kez de tarihi \u00f6zelli\u011finin yan\u0131 s\u0131ra do\u011fal g\u00fczellikleriyle de dikkat \u00e7eken G\u00fclek Karbo\u011faz\u0131 mesire alan\u0131na g\u00f6t\u00fcr\u00fcld\u00fc.<\/p>\n<p>Ba\u015fkan Vahap Se\u00e7er\u2019den talepte bulunmu\u015flard\u0131<\/p>\n<p>Ge\u00e7ti\u011fimiz g\u00fcnlerde Gen\u00e7lik Kamp\u0131\u2019nda ger\u00e7ekle\u015ftirilen etkinlikte \u00e7ocuklar, kendilerini ziyarete gelen Ba\u015fkan Vahap Se\u00e7er\u2019den kar gezisi talebinde bulunmu\u015ftu. Ba\u015fkan Se\u00e7er de \u00e7ocuklara s\u00f6z vererek, bir etkinlik daha d\u00fczenlenece\u011finin m\u00fcjdesini vermi\u015fti. B\u00fcy\u00fck\u015fehir Belediyesi Kad\u0131n ve Aile Hizmetleri Dairesi Ba\u015fkanl\u0131\u011f\u0131 taraf\u0131ndan ger\u00e7ekle\u015ftirilen etkinlik i\u00e7in otob\u00fcslerle mahalleden al\u0131nan \u00e7ocuklar ve aileleri, keyifli bir yolculu\u011fun ard\u0131ndan Karbo\u011faz\u0131\u2019na ula\u015ft\u0131.<\/p>\n<p>Oyun oynay\u0131p \u00e7evre temizli\u011fi yapt\u0131lar<\/p>\n<p>Aralar\u0131nda daha \u00f6nce kar g\u00f6rmeyen \u00e7ocuklar\u0131n da oldu\u011fu grup, karla oynad\u0131, m\u00fczikli etkinliklerle temiz havada g\u00f6n\u00fcllerince e\u011flendi. Yemek ikram\u0131n\u0131n ard\u0131ndan \u00e7ocuklar, Karbo\u011faz\u0131 mesire alan\u0131nda \u00e7evre temizli\u011fi yapt\u0131. \u00c7ocuklar, Kurtulu\u015f Sava\u015f\u0131 s\u0131ras\u0131nda \u00c7ukurova\u2019n\u0131n d\u00fc\u015fman i\u015fgalinden kurtulu\u015funda kahramanca \u00e7arp\u0131\u015fmalara da sahne olan Karbo\u011faz\u0131\u2019ndaki an\u0131t\u0131 da ziyaret etti. Ekipler, \u00e7ocuklara B\u00fcy\u00fck\u015fehir taraf\u0131ndan \u00f6zel olarak haz\u0131rlanan maske ve kupa bardaklardan hediye etti. <\/p>\n<p>\u201cMahallemizde kar g\u00f6rmeyen \u00e7ocuklar vard\u0131\u201d<\/p>\n<p>\u015eahin Mahallesi Muhtar\u0131 H\u00fcseyin Ayd\u0131n, yakla\u015f\u0131k 100 \u00e7ocu\u011fun kat\u0131l\u0131m g\u00f6sterdi\u011fi etkinlik i\u00e7in Ba\u015fkan Se\u00e7er\u2019e te\u015fekk\u00fcr ederek, \u201cMahallemizde kar g\u00f6rmeyen \u00e7ocuklar vard\u0131. Zaten pandemi nedeniyle \u00e7ocuklar s\u0131k\u0131lm\u0131\u015flard\u0131. \u2018Muhtar amca bizleri kara g\u00f6t\u00fcr\u00fcr m\u00fcs\u00fcn?\u2019 dediler. Ben de \u00e7ocuklar\u0131m\u0131z\u0131n bu isteklerini Vahap Ba\u015fkan\u0131m\u0131z\u2019a ilettim. Ba\u015fkan\u0131m\u0131z da \u00e7ocuklar\u0131 \u00e7ok sever. \u00c7ocuklar\u0131 k\u0131rmad\u0131 ve bizlere gerekli kolayl\u0131\u011f\u0131 sa\u011flad\u0131, bizi Karbo\u011faz\u0131\u2019na g\u00f6nderdi. \u00c7ocuklar\u0131m\u0131z\u0131n mutlulu\u011fu g\u00f6r\u00fcl\u00fcyor. Vahap Ba\u015fkan\u0131m\u0131z\u2019a \u00e7ok te\u015fekk\u00fcr ediyoruz\u201d dedi.<\/p>\n<p>Ailelerden Ba\u015fkan Se\u00e7er\u2019e te\u015fekk\u00fcr<\/p>\n<p>3 \u00e7ocu\u011fuyla birlikte etkinli\u011fe kat\u0131lan Dilek Y\u0131ld\u0131r\u0131m ise \u201cMuhtar\u0131m\u0131z\u0131n \u00f6nc\u00fcl\u00fc\u011f\u00fcyle ve Vahap Ba\u015fkan\u0131m\u0131z\u2019\u0131n yard\u0131m\u0131yla geldik buraya. \u00c7ok mutluyuz, \u00e7ocuklar\u0131m\u0131z da \u00e7ok mutlu. Her zaman bu etkinlikleri istiyoruz. \u0130n\u015fallah bu pandemiden de kurtuluruz. \u00c7ok te\u015fekk\u00fcr ediyoruz Vahap Ba\u015fkan\u201d diye konu\u015ftu.<\/p>\n<p>\u00c7ocu\u011fuyla etkinli\u011fe kat\u0131lan bir ba\u015fka anne Mavi\u015f Avl\u0131k da \u201cG\u00fczel bir yer, \u00e7ocuklar\u0131m\u0131z\u0131 e\u011flendiriyoruz\u201d dedi. \u00c7evre temizli\u011fine kat\u0131lan Defne \u00c7a\u011flar ise \u201c\u00c7\u00f6pleri kutulara atmam\u0131z gerekiyor. \u00c7\u00f6pleri yere atarak b\u00f6yle bir do\u011fay\u0131 kirletmememiz gerekiyor. Arkada\u015flar\u0131m\u0131zla birlikte buralar\u0131 temizliyoruz\u201d diye konu\u015ftu.<\/p>\n","protected":false},"excerpt":{"rendered":"<p>Ba\u015fkan Se\u00e7er, ge\u00e7ti\u011fimiz g\u00fcnlerde kendisinden kar gezisi talebinde bulunan \u00e7ocuklar\u0131 k\u0131rmad\u0131. Kad\u0131n ve Aile Hizmetleri Dairesi\u2019nin \u00f6nc\u00fcl\u00fc\u011f\u00fcnde bir araya gelen \u00e7ocuklar, G\u00fclek Karbo\u011faz\u0131 mesire alan\u0131ndaki etkinlikte g\u00f6n\u00fcllerince e\u011flendi. Aralar\u0131nda daha &hellip; <a href=\"https:\/\/akdenizolaygazetesi.com\/?p=11021\" class=\"more-link\">Devam\u0131n\u0131 Oku&#8230;<\/a><\/p>\n","protected":false},"author":2,"featured_media":11022,"comment_status":"open","ping_status":"open","sticky":false,"template":"","format":"standard","meta":[],"categories":[34,1,2,3,5],"tags":[],"_links":{"self":[{"href":"https:\/\/akdenizolaygazetesi.com\/index.php?rest_route=\/wp\/v2\/posts\/11021"}],"collection":[{"href":"https:\/\/akdenizolaygazetesi.com\/index.php?rest_route=\/wp\/v2\/posts"}],"about":[{"href":"https:\/\/akdenizolaygazetesi.com\/index.php?rest_route=\/wp\/v2\/types\/post"}],"author":[{"embeddable":true,"href":"https:\/\/akdenizolaygazetesi.com\/index.php?rest_route=\/wp\/v2\/users\/2"}],"replies":[{"embeddable":true,"href":"https:\/\/akdenizolaygazetesi.com\/index.php?rest_route=%2Fwp%2Fv2%2Fcomments&post=11021"}],"version-history":[{"count":1,"href":"https:\/\/akdenizolaygazetesi.com\/index.php?rest_route=\/wp\/v2\/posts\/11021\/revisions"}],"predecessor-version":[{"id":11023,"href":"https:\/\/akdenizolaygazetesi.com\/index.php?rest_route=\/wp\/v2\/posts\/11021\/revisions\/11023"}],"wp:featuredmedia":[{"embeddable":true,"href":"https:\/\/akdenizolaygazetesi.com\/index.php?rest_route=\/wp\/v2\/media\/11022"}],"wp:attachment":[{"href":"https:\/\/akdenizolaygazetesi.com\/index.php?rest_route=%2Fwp%2Fv2%2Fmedia&parent=11021"}],"wp:term":[{"taxonomy":"category","embeddable":true,"href":"https:\/\/akdenizolaygazetesi.com\/index.php?rest_route=%2Fwp%2Fv2%2Fcategories&post=11021"},{"taxonomy":"post_tag","embeddable":true,"href":"https:\/\/akdenizolaygazetesi.com\/index.php?rest_route=%2Fwp%2Fv2%2Ftags&post=11021"}],"curies":[{"name":"wp","href":"https:\/\/api.w.org\/{rel}","templated":true}]}}