{"id":11024,"date":"2021-02-27T14:26:39","date_gmt":"2021-02-27T11:26:39","guid":{"rendered":"http:\/\/akdenizolaygazetesi.com\/?p=11024"},"modified":"2021-02-27T14:26:39","modified_gmt":"2021-02-27T11:26:39","slug":"baskan-gultak-yesilcimen-mahallesi-ziyareti","status":"publish","type":"post","link":"https:\/\/akdenizolaygazetesi.com\/?p=11024","title":{"rendered":"BA\u015eKAN G\u00dcLTAK YE\u015e\u0130L\u00c7\u0130MEN MAHALLES\u0130 Z\u0130YARET\u0130"},"content":{"rendered":"<p>Akdeniz\u2019de; ziyaret etmedik mahalle b\u0131rakmayan Ba\u015fkan G\u00fcltak; son olarak Ye\u015fil\u00e7imen Mahallesi\u2019ne misafir oldu. Mahalleye sunulan hizmetleri yerinde inceleyip bilgi alan Ba\u015fkan G\u00fcltak, yak\u0131n zamanda yap\u0131m\u0131na ba\u015flanacak hizmet ve \u00e7al\u0131\u015fmalar hakk\u0131nda da mahalle sakinlerine a\u00e7\u0131klamalarda bulundu.<\/p>\n<p>Akdeniz Belediye Ba\u015fkan\u0131 M. Mustafa G\u00fcltak, mahalle ziyaretleri kapsam\u0131nda bu kez Ye\u015fil\u00e7imen\u2019e konuk oldu. Ziyarete; AK Parti Akdeniz \u0130l\u00e7e Ba\u015fkan\u0131 Emin Gen\u00e7 ve y\u00f6netimi, ba\u015fkan yard\u0131mc\u0131lar\u0131<br \/>\nve meclis \u00fcyeleri ve birim m\u00fcd\u00fcrleri, Ye\u015fil\u00e7imen Mahalle Muhtar\u0131 Cemal Ak\u00e7ay, \u00d6zg\u00fcrl\u00fck Mahalle Muhtar\u0131 \u00d6mer Erguvan da e\u015flik etti. <\/p>\n<p>Ye\u015fil\u00e7imen\u2019e sunulan hizmetler\u2026<\/p>\n<p>Yakla\u015f\u0131k 2 y\u0131lda, Ye\u015fil\u00e7imen Mahallesi\u2019ne sunulan hizmetleri anlatan Ba\u015fkan G\u00fcltak; ekiplerin, sokaklara 319 ton asfalt d\u00f6kt\u00fc\u011f\u00fcn\u00fc, bir\u00e7ok soka\u011f\u0131n kald\u0131r\u0131mlar\u0131n\u0131n yap\u0131ld\u0131\u011f\u0131n\u0131 ve yenilendi\u011fini belirtti. Mahallenin asfalt ve kald\u0131r\u0131m sorununun b\u00fcy\u00fck oranda \u00e7\u00f6z\u00fcld\u00fc\u011f\u00fcn\u00fc kaydeden Ba\u015fkan G\u00fcltak, ayr\u0131ca sokaklara h\u0131z kesici kasislerin montaj\u0131n\u0131n yap\u0131ld\u0131\u011f\u0131n\u0131, muhtarl\u0131k binas\u0131n\u0131n \u00e7at\u0131s\u0131n\u0131n<br \/>\nyenilendi\u011fini, ho\u015f geldin bebek projesi ile de 44 aileye ula\u015f\u0131ld\u0131\u011f\u0131n\u0131, 24 aileye hijyen paketi ve k\u0131rtasiye malzemeleri da\u011f\u0131t\u0131ld\u0131\u011f\u0131n\u0131 anlatt\u0131.<\/p>\n<p>\u201cAkdeniz\u2019in imar s\u0131k\u0131nt\u0131lar\u0131 \u00e7\u00f6z\u00fclecek\u201d<\/p>\n<p>Ye\u015fil\u00e7imen Mahallesi\u2019nin sanayi tesisleri aras\u0131nda kalm\u0131\u015f, ge\u00e7mi\u015fte imar s\u0131k\u0131nt\u0131s\u0131 ya\u015fayan birb\u00f6lge oldu\u011funu da ifade eden Ba\u015fkan Mustafa G\u00fcltak, \u201c\u015eu anda Gazi Mustafa Kemal Bulvar\u0131\u2019n\u0131n<br \/>\n(GMK) alt\u0131 ile ilgili 1\/5000\u2019lik plan\u0131 b\u00fcy\u00fck ihtimalle Mart ay\u0131 i\u00e7erisinde B\u00fcy\u00fck\u015fehir Belediye Meclisi\u2019ne gelecek. Bu plan\u0131n Meclis\u2019ten onaylan\u0131p ge\u00e7ece\u011fini d\u00fc\u015f\u00fcn\u00fcyorum. Tabi biz de binlik plan\u0131m\u0131z\u0131 haz\u0131rlad\u0131k. B\u00fcy\u00fck\u015fehir Meclisi\u2019nden ge\u00e7ecek olan 5000\u2019lik plan ile birlikte biz de 1000\u2019lik plan\u0131m\u0131z\u0131 yapaca\u011f\u0131z. Hemen sonras\u0131nda da GMK\u2019n\u0131n \u00fcst\u00fc i\u00e7in s\u00fcre\u00e7 ba\u015flayacak\u201d diye<br \/>\nkonu\u015ftu.<\/p>\n<p>\u201cMersin\u2019in ikinci etap imar plan\u0131 onayland\u0131\u201d<\/p>\n<p>Mersin\u2019in, ikinci etap imar planlar\u0131n\u0131n, tar\u0131m g\u00f6r\u00fc\u015fleri \u00e7\u0131kmad\u0131\u011f\u0131 i\u00e7in 15 y\u0131ld\u0131r bekledi\u011fini kaydeden Ba\u015fkan G\u00fcltak, \u015f\u00f6yle konu\u015ftu; \u201cSay\u0131n L\u00fctfi Elvan Bakan\u0131m\u0131z\u0131n yo\u011fun ilgisi sonucu 2 bin hektar\u0131n \u00fczerinde tar\u0131msal \u00fcretimden \u00e7\u0131km\u0131\u015f araziye, Tar\u0131m Bakanl\u0131\u011f\u0131m\u0131z taraf\u0131ndan onay verildi.<\/p>\n<p>\u015eu anda B\u00fcy\u00fck\u015fehir Belediyesi de bu alan\u0131n 5 binlik plan\u0131n\u0131 haz\u0131rl\u0131yor. Bu plan, Yeni\u015fehir, Toroslar ama en \u00e7ok da Akdeniz\u2019i ilgilendiriyor. \u0130\u015fte bu ikinci etap ile GMK \u00fcst\u00fc imar \u00e7al\u0131\u015fmalar\u0131n\u0131n bitmesiyle birlikte mahallelerimizin tapu s\u0131k\u0131nt\u0131lar\u0131n\u0131 da \u00e7ok b\u00fcy\u00fck oranda \u00e7\u00f6zm\u00fc\u015f olaca\u011f\u0131z.\u201d<\/p>\n<p>Evi yanan aileye destek<\/p>\n<p>Mersin ve Akdeniz\u2019de art\u0131k bar\u0131\u015f\u0131n, huzur ve karde\u015fli\u011fin h\u00e2kim oldu\u011funu s\u00f6zlerine ekleyen Ba\u015fkan G\u00fcltak, belediyenin b\u00fct\u00e7e ve kaynaklar\u0131n\u0131 hi\u00e7bir ay\u0131r\u0131m yapmadan t\u00fcm mahallelere e\u015fit<br \/>\nhizmet i\u00e7in kulland\u0131klar\u0131n\u0131n da alt\u0131n\u0131 \u00e7izdi. Ziyaretinin devam\u0131nda vatanda\u015flar\u0131n taleplerini dinleyen, esnaflar\u0131 da ziyaret eden Akdeniz Belediye Ba\u015fkan\u0131 Mustafa G\u00fcltak, \u00e7\u0131kan yang\u0131n sonucu evi zarar g\u00f6ren bir aileyi de ziyaret ederek, evin yenilenmesi noktas\u0131nda aileye gereken deste\u011fin verilmesi i\u00e7in ekiplere talimat verdi.<\/p>\n","protected":false},"excerpt":{"rendered":"<p>Akdeniz\u2019de; ziyaret etmedik mahalle b\u0131rakmayan Ba\u015fkan G\u00fcltak; son olarak Ye\u015fil\u00e7imen Mahallesi\u2019ne misafir oldu. Mahalleye sunulan hizmetleri yerinde inceleyip bilgi alan Ba\u015fkan G\u00fcltak, yak\u0131n zamanda yap\u0131m\u0131na ba\u015flanacak hizmet ve \u00e7al\u0131\u015fmalar hakk\u0131nda &hellip; <a href=\"https:\/\/akdenizolaygazetesi.com\/?p=11024\" class=\"more-link\">Devam\u0131n\u0131 Oku&#8230;<\/a><\/p>\n","protected":false},"author":2,"featured_media":11025,"comment_status":"open","ping_status":"open","sticky":false,"template":"","format":"standard","meta":[],"categories":[34,1,2,3,5],"tags":[],"_links":{"self":[{"href":"https:\/\/akdenizolaygazetesi.com\/index.php?rest_route=\/wp\/v2\/posts\/11024"}],"collection":[{"href":"https:\/\/akdenizolaygazetesi.com\/index.php?rest_route=\/wp\/v2\/posts"}],"about":[{"href":"https:\/\/akdenizolaygazetesi.com\/index.php?rest_route=\/wp\/v2\/types\/post"}],"author":[{"embeddable":true,"href":"https:\/\/akdenizolaygazetesi.com\/index.php?rest_route=\/wp\/v2\/users\/2"}],"replies":[{"embeddable":true,"href":"https:\/\/akdenizolaygazetesi.com\/index.php?rest_route=%2Fwp%2Fv2%2Fcomments&post=11024"}],"version-history":[{"count":1,"href":"https:\/\/akdenizolaygazetesi.com\/index.php?rest_route=\/wp\/v2\/posts\/11024\/revisions"}],"predecessor-version":[{"id":11026,"href":"https:\/\/akdenizolaygazetesi.com\/index.php?rest_route=\/wp\/v2\/posts\/11024\/revisions\/11026"}],"wp:featuredmedia":[{"embeddable":true,"href":"https:\/\/akdenizolaygazetesi.com\/index.php?rest_route=\/wp\/v2\/media\/11025"}],"wp:attachment":[{"href":"https:\/\/akdenizolaygazetesi.com\/index.php?rest_route=%2Fwp%2Fv2%2Fmedia&parent=11024"}],"wp:term":[{"taxonomy":"category","embeddable":true,"href":"https:\/\/akdenizolaygazetesi.com\/index.php?rest_route=%2Fwp%2Fv2%2Fcategories&post=11024"},{"taxonomy":"post_tag","embeddable":true,"href":"https:\/\/akdenizolaygazetesi.com\/index.php?rest_route=%2Fwp%2Fv2%2Ftags&post=11024"}],"curies":[{"name":"wp","href":"https:\/\/api.w.org\/{rel}","templated":true}]}}