{"id":1103,"date":"2020-11-04T18:21:41","date_gmt":"2020-11-04T15:21:41","guid":{"rendered":"http:\/\/mersinekonomipolitikagazetesi.com\/?p=1103"},"modified":"2020-11-04T18:21:41","modified_gmt":"2020-11-04T15:21:41","slug":"mersin-giad-baskani-izol-abdnin-tutumu-yanlis","status":"publish","type":"post","link":"https:\/\/akdenizolaygazetesi.com\/?p=1103","title":{"rendered":"Mersin G\u0130AD Ba\u015fkan\u0131 \u0130zol: \u201cABD\u2019nin tutumu yanl\u0131\u015f\u201d"},"content":{"rendered":"<p>Mersin Giri\u015fimci \u0130\u015fadamlar\u0131 Derne\u011fi (G\u0130AD) Y\u00f6netim Kurulu Ba\u015fkan\u0131 Mehmet Serkan \u0130zol, ABD y\u00f6netiminin YPG&#8217;ye silah yard\u0131m\u0131na onay vermesine tepki g\u00f6stererek, \u201cB\u00f6lgede yap\u0131lacak bu t\u00fcr hareketlerde T\u00fcrkiye\u2019nin fikri mutlaka al\u0131nmal\u0131d\u0131r\u201d dedi.<\/p>\n<p>Mersin G\u0130AD Ba\u015fkan\u0131 \u0130zol, ABD y\u00f6netiminin YPG&#8217;ye silah yard\u0131m\u0131na onay vermesini yapt\u0131\u011f\u0131 yaz\u0131l\u0131 a\u00e7\u0131klamayla de\u011ferlendirdi. \u201cBir ter\u00f6r \u00f6rg\u00fct\u00fc kullan\u0131larak, ba\u015fka bir ter\u00f6r \u00f6rg\u00fct\u00fc ile m\u00fccadele etmek do\u011fru de\u011fildir\u201d diyen \u0130zol, bug\u00fcn b\u00f6lgenin en g\u00fc\u00e7l\u00fc devleti olan T\u00fcrkiye\u2019nin fikri al\u0131nmadan bu t\u00fcr kararlar alman\u0131n koalisyon g\u00fc\u00e7lerine hi\u00e7bir \u015fey kazand\u0131rmayaca\u011f\u0131n\u0131 vurgulad\u0131. \u0130zol, \u201cDEA\u015e ter\u00f6r \u00f6rg\u00fct\u00fc ile m\u00fccadele ederken, ba\u015fka bir ter\u00f6r \u00f6rg\u00fct\u00fcn\u00fcn kullan\u0131lmas\u0131 kabul edilemez bir olayd\u0131r. Bir de bu ter\u00f6r \u00f6rg\u00fct\u00fcne silah yard\u0131m\u0131nda bulunulmas\u0131, bu yanl\u0131\u015fa daha b\u00fcy\u00fck bir yanl\u0131\u015f\u0131n eklenmesi anlam\u0131na gelir\u201d ifadelerini kulland\u0131.<br \/>\nT\u00fcrkiye\u2019nin onay\u0131 al\u0131nmadan yap\u0131lan her geli\u015fmenin operasyonlar\u0131n olumsuzlukla sonu\u00e7lanmas\u0131na neden olaca\u011f\u0131n\u0131 belirten \u0130zol, \u015funlar\u0131 kaydetti: \u201cBug\u00fcn DEA\u015e\u2019a kar\u015f\u0131 kullan\u0131lan ter\u00f6r \u00f6rg\u00fct\u00fc ilerleyen g\u00fcnlerde yine sizin ba\u015f\u0131n\u0131za bela olur. YPG&#8217;ye g\u00f6nderilecek silahlar aras\u0131nda a\u011f\u0131r makineli t\u00fcfekler ve z\u0131rhl\u0131 ara\u00e7lar da bulundu\u011fu s\u00f6yleniyor. Bu silahlar geri al\u0131nacak m\u0131? Operasyonlar ne kadar devam edecek? Bu silahlar\u0131n farkl\u0131 yerlerde kullan\u0131lmayaca\u011f\u0131n\u0131n garantisini kim veriyor? Bir\u00e7ok bilinmeyen soru bulunurken, T\u00fcrkiye\u2019nin onay\u0131 al\u0131nmadan yap\u0131lan her geli\u015fme, ilerleyen g\u00fcnlerde birlikte y\u00fcr\u00fct\u00fclen operasyonlar\u0131n olumsuz sonu\u00e7lanmas\u0131 ile son bulacakt\u0131r.\u201d<\/p>\n","protected":false},"excerpt":{"rendered":"<p>Mersin Giri\u015fimci \u0130\u015fadamlar\u0131 Derne\u011fi (G\u0130AD) Y\u00f6netim Kurulu Ba\u015fkan\u0131 Mehmet Serkan \u0130zol, ABD y\u00f6netiminin YPG&#8217;ye silah yard\u0131m\u0131na onay vermesine tepki g\u00f6stererek, \u201cB\u00f6lgede yap\u0131lacak bu t\u00fcr hareketlerde T\u00fcrkiye\u2019nin fikri mutlaka al\u0131nmal\u0131d\u0131r\u201d dedi. &hellip; <a href=\"https:\/\/akdenizolaygazetesi.com\/?p=1103\" class=\"more-link\">Devam\u0131n\u0131 Oku&#8230;<\/a><\/p>\n","protected":false},"author":1,"featured_media":0,"comment_status":"open","ping_status":"open","sticky":false,"template":"","format":"standard","meta":[],"categories":[],"tags":[],"_links":{"self":[{"href":"https:\/\/akdenizolaygazetesi.com\/index.php?rest_route=\/wp\/v2\/posts\/1103"}],"collection":[{"href":"https:\/\/akdenizolaygazetesi.com\/index.php?rest_route=\/wp\/v2\/posts"}],"about":[{"href":"https:\/\/akdenizolaygazetesi.com\/index.php?rest_route=\/wp\/v2\/types\/post"}],"author":[{"embeddable":true,"href":"https:\/\/akdenizolaygazetesi.com\/index.php?rest_route=\/wp\/v2\/users\/1"}],"replies":[{"embeddable":true,"href":"https:\/\/akdenizolaygazetesi.com\/index.php?rest_route=%2Fwp%2Fv2%2Fcomments&post=1103"}],"version-history":[{"count":0,"href":"https:\/\/akdenizolaygazetesi.com\/index.php?rest_route=\/wp\/v2\/posts\/1103\/revisions"}],"wp:attachment":[{"href":"https:\/\/akdenizolaygazetesi.com\/index.php?rest_route=%2Fwp%2Fv2%2Fmedia&parent=1103"}],"wp:term":[{"taxonomy":"category","embeddable":true,"href":"https:\/\/akdenizolaygazetesi.com\/index.php?rest_route=%2Fwp%2Fv2%2Fcategories&post=1103"},{"taxonomy":"post_tag","embeddable":true,"href":"https:\/\/akdenizolaygazetesi.com\/index.php?rest_route=%2Fwp%2Fv2%2Ftags&post=1103"}],"curies":[{"name":"wp","href":"https:\/\/api.w.org\/{rel}","templated":true}]}}