{"id":11039,"date":"2021-02-28T14:05:01","date_gmt":"2021-02-28T11:05:01","guid":{"rendered":"http:\/\/akdenizolaygazetesi.com\/?p=11039"},"modified":"2021-02-28T14:05:01","modified_gmt":"2021-02-28T11:05:01","slug":"baskan-secer-travel-turkey-izmir-fuarinda-mersini-tanitti","status":"publish","type":"post","link":"https:\/\/akdenizolaygazetesi.com\/?p=11039","title":{"rendered":"BA\u015eKAN SE\u00c7ER, TRAVEL TURKEY \u0130ZM\u0130R FUARI\u2019NDA MERS\u0130N\u2019\u0130 TANITTI"},"content":{"rendered":"<p>Mersin B\u00fcy\u00fck\u015fehir Belediyesi, T\u00fcrkiye\u2019nin turizm de\u011ferlerini d\u00fcnya ile bulu\u015fturan ve bu y\u0131l pandemi dolay\u0131s\u0131yla dijital olarak ger\u00e7ekle\u015ftirilen Travel Turkey \u0130zmir Turizm Fuar\u0131\u2019na kat\u0131ld\u0131. Fuarda, Mersin B\u00fcy\u00fck\u015fehir Belediyesi \u0130l Sunumu\u2019nu Ba\u015fkan Se\u00e7er yapt\u0131. Mersin\u2019in k\u00fclt\u00fcr, sanat, turizm ve spor gibi bir\u00e7ok alandaki potansiyelini anlatan Se\u00e7er, \u201cHerkesi Mersin\u2019e, Mersin\u2019in g\u00fczelliklerini g\u00f6rmeye davet ediyorum\u201d dedi.<\/p>\n<p>MERS\u0130N\/ (FOTO\u011eRAFLI-G\u00d6R\u00dcNT\u00dcL\u00dc)<\/p>\n<p>Mersin B\u00fcy\u00fck\u015fehir Belediyesi, T\u00fcrkiye\u2019nin turizm de\u011ferlerini d\u00fcnya ile bulu\u015fturan Travel Turkey \u0130zmir Turizm Fuar\u0131\u2019na kat\u0131ld\u0131. Bu y\u0131l 14\u2019\u00fcnc\u00fcs\u00fc d\u00fczenlenen fuar, pandemi dolay\u0131s\u0131yla dijital olarak ger\u00e7ekle\u015ftirildi.<\/p>\n<p>Fuarda; Mersin B\u00fcy\u00fck\u015fehir Belediyesi \u0130l Sunumu\u2019nu B\u00fcy\u00fck\u015fehir Belediye Ba\u015fkan\u0131 Vahap Se\u00e7er yapt\u0131. Mersin\u2019in k\u00fclt\u00fcr, sanat, turizm, spor, gastronomi gibi bir\u00e7ok farkl\u0131 alandaki potansiyelinden s\u00f6z eden Ba\u015fkan Se\u00e7er, B\u00fcy\u00fck\u015fehir Belediyesi taraf\u0131ndan bu alanlarda hayata ge\u00e7irilen ve ge\u00e7irilmesi planlanan projeleri anlatt\u0131. Se\u00e7er, \u201cHerkesi Mersin\u2019e, Mersin\u2019in g\u00fczelliklerini g\u00f6rmeye davet ediyorum\u201d dedi.<\/p>\n<p>Se\u00e7er: \u201cMersin ola\u011fan\u00fcst\u00fc \u00f6zelliklere sahip bir kent\u201d<\/p>\n<p>Fuar, pandemi ko\u015fullar\u0131 ve sekt\u00f6r talebi \u00e7er\u00e7evesinde 14. Travel Turkey \u0130zmir Digital olarak 25-27 \u015eubat\u2019ta \u0130ZFA\u015e\u2019\u0131n kendi dijital altyap\u0131s\u0131 ile sadece sanal olarak d\u00fczenlendi ve d\u00fcnya \u00e7ap\u0131ndaki dijital fuarlar aras\u0131nda yerini ald\u0131. Ba\u015fkan Se\u00e7er, Mersin\u2019in g\u00fczelliklerini anlatt\u0131\u011f\u0131 fuardaki sunumunda, \u015funlar\u0131 s\u00f6yledi:<\/p>\n<p>\u201cMersin ola\u011fan\u00fcst\u00fc \u00f6zelliklere sahip bir kent. Asl\u0131nda bir turizm kenti ama geldi\u011fimiz noktada tam olarak turizm potansiyellerinin a\u00e7\u0131\u011fa \u00e7\u0131kar\u0131ld\u0131\u011f\u0131ndan s\u00f6z edemeyiz. Oysa ki muazzam bir sahil kenti. 320 kilometre ku\u015f u\u00e7u\u015fu sahili olan bir kent. \u0130klim olarak Akdeniz ikliminin h\u00fck\u00fcm s\u00fcrd\u00fc\u011f\u00fc bir kent. Toros Da\u011flar\u0131&#8217;n\u0131n eteklerinde, s\u0131rt\u0131n\u0131 Toros Da\u011flar\u0131\u2019na dayam\u0131\u015f, muazzam do\u011fa g\u00fczelliklerine sahip bir kentimiz. Bunun yan\u0131nda tarihi, k\u00fclt\u00fcrel birikimleri olan bir kent. Bunlar\u0131 insanl\u0131\u011f\u0131n hizmetine sunam\u0131yoruz. Bu da bir realite. Umut ediyorum \u00f6n\u00fcm\u00fczdeki g\u00fcnlerde hem merkezi y\u00f6netimin hem yerel y\u00f6netimlerin katk\u0131lar\u0131yla bu de\u011ferleri, bu potansiyelleri a\u00e7\u0131\u011fa \u00e7\u0131karaca\u011f\u0131z. 9 turizm b\u00f6lgemiz var. 8 Mavi Bayrak sahibi plaj\u0131m\u0131z var. Bunun yan\u0131nda bir\u00e7ok \u00f6ren yerimiz var. \u00d6zellikle belediyemizin ilgilendi\u011fi, Mersin\u2019in merkezinde bulunan Yumuktepe \u00d6ren Yerleri var. Orada arkeoloji \u00e7al\u0131\u015fmalar\u0131 devam ediyor. Ancak yeni yapt\u0131\u011f\u0131m\u0131z bir proje ile oray\u0131 insanl\u0131\u011f\u0131n hizmetine sunabiliriz diye d\u00fc\u015f\u00fcnd\u00fck ve \u00e7al\u0131\u015fmalar\u0131m\u0131z\u0131 bu anlamda yo\u011funla\u015ft\u0131rd\u0131k.\u201d<\/p>\n<p>\u201cMersin&#8217;in tan\u0131t\u0131m\u0131na tesir etmek istiyoruz\u201d<\/p>\n<p>Mersin\u2019i tan\u0131tman\u0131n yollar\u0131ndan bir tanesinin de k\u00fclt\u00fcre ve sanata gerekli \u00f6nemi vermek oldu\u011funu aktaran Se\u00e7er, \u201cBiz de bu anlamda k\u00fclt\u00fcr ve sanat etkinliklerini \u00f6nemsiyoruz. \u00d6nemli ve zengin bir tiyatro toplulu\u011fu olu\u015fturduk. T\u00fcrkiye&#8217;nin ger\u00e7ekten yetenekli gen\u00e7lerini Mersin&#8217;de toplad\u0131k. \u015eu anda bir\u00e7ok oyun sergilemek \u00fczere \u00e7al\u0131\u015fmalar\u0131n\u0131 devam ettiriyorlar. Ancak sizin de bildi\u011finiz gibi pandemi ko\u015fullar\u0131 bu oyunlar\u0131n halka a\u00e7\u0131k sergilenmesini engelliyor. Ancak radyo ve sosyal medya arac\u0131l\u0131\u011f\u0131yla tiyatrocular\u0131m\u0131z oyunlar\u0131n\u0131 vatanda\u015flar\u0131m\u0131zla, hem\u015fehrilerimizle payla\u015fma imk\u00e2n\u0131 buluyor. Mersin&#8217;de k\u00fclt\u00fcr ve sanat etkinliklerini yo\u011funla\u015ft\u0131rarak Mersin&#8217;in tan\u0131t\u0131m\u0131na tesir etmek istiyoruz. \u0130nsanlar\u0131n Mersin\u2019i g\u00f6rmesini istiyoruz, Mersin\u2019i tan\u0131mas\u0131n\u0131 istiyoruz. Bu sebeple de MEDEKA Projemizi hayata ge\u00e7irdik. Bunun a\u00e7\u0131l\u0131m\u0131; Mersin&#8217;e De\u011fer Katanlar. Turizmden k\u00fclt\u00fcre, k\u00fclt\u00fcrden sanata bir\u00e7ok alanda 15 kurul olu\u015fturduk ve buradaki otoriteler, bu konuda s\u00f6ylenecek s\u00f6z\u00fc olan, fikir sahibi, emek sahibi, g\u00f6rg\u00fc sahibi, Mersinli, sanat alan\u0131nda, k\u00fclt\u00fcr alan\u0131nda ve di\u011fer bir\u00e7ok alanda iddial\u0131 isimleri bir araya getirerek, Mersin\u2019in tan\u0131t\u0131m\u0131na katk\u0131 sunmalar\u0131n\u0131 sa\u011fl\u0131yoruz\u201d diye konu\u015ftu.<\/p>\n<p>Mersin\u2019in Uluslararas\u0131 M\u00fczik Festivali\u2019ne ev sahipli\u011fi yapt\u0131\u011f\u0131n\u0131, geleneksel Narenciye Festivali\u2019nin pandemi nedeniyle ge\u00e7en y\u0131l ger\u00e7ekle\u015ftirilemedi\u011fini ifade eden Se\u00e7er, \u201c\u00dcmit ediyorum 2021 y\u0131l\u0131 sonbahar\u0131nda tekrar kald\u0131\u011f\u0131 yerden bu etkinliklerimizi devam ettirece\u011fiz. Ayr\u0131ca Uluslararas\u0131 Turun\u00e7gil Sempozyumu\u2019na da Mersin bu y\u0131l ev sahipli\u011fi yapacak. \u00d6nemli bir organizasyon. D\u00fcnya \u00e7ap\u0131nda turun\u00e7gil \u00fcretiminde iddial\u0131 \u00fclkeler, \u00fcniversite hocalar\u0131 ya da bu konuda d\u00fcnya ticaretine konu \u00fcr\u00fcnleri pazarlayan profesyonel insanlar\u0131n bir araya gelece\u011fi \u00f6nemli bir \u00e7al\u0131\u015fma olaca\u011f\u0131n\u0131 d\u00fc\u015f\u00fcn\u00fcyorum\u201d dedi.<\/p>\n<p>\u201cHerkesi Mersin\u2019in g\u00fczelliklerini g\u00f6rmeye davet ediyorum\u201d<\/p>\n<p>Mersin\u2019in bir\u00e7ok etnik yap\u0131ya ve inan\u00e7 grubuna ev sahipli\u011fi yapt\u0131\u011f\u0131n\u0131, kentte Arap mutfa\u011f\u0131ndan Rum mutfa\u011f\u0131na kadar her t\u00fcrl\u00fc medeniyetin lezzetlerini g\u00f6rmenin m\u00fcmk\u00fcn oldu\u011funu ifade eden Se\u00e7er, Gastronomi M\u00fczesi \u00e7al\u0131\u015fmalar\u0131n\u0131n devam etti\u011fini aktard\u0131. Kentin tan\u0131t\u0131m\u0131nda k\u00fclt\u00fcr ve sanat kadar sporun da b\u00fcy\u00fck \u00f6nem ta\u015f\u0131d\u0131\u011f\u0131n\u0131 s\u00f6zlerine ekleyen Se\u00e7er, Mersin B\u00fcy\u00fck\u015fehir Belediyesi Gen\u00e7lik ve Spor Kul\u00fcb\u00fc arac\u0131l\u0131\u011f\u0131yla bir\u00e7ok bran\u015fta gen\u00e7 yetenekleri yeti\u015ftirdiklerini anlatt\u0131. Se\u00e7er, \u201cT\u00fcrkiye&#8217;nin ilk Sanal Turizm Fuar\u0131\u2019na ev sahipli\u011fi yapan Tun\u00e7 Ba\u015fkan\u0131m\u2019a \u00e7ok te\u015fekk\u00fcr ediyorum. Travel Turkey Turizm Fuar\u0131\u2019na kat\u0131lan kat\u0131l\u0131mc\u0131lara ba\u015far\u0131lar diliyorum. 2021 y\u0131l\u0131n\u0131 \u2018Sevgi ve \u0130yile\u015fme Y\u0131l\u0131\u2019 olarak de\u011ferlendiriyorum. \u0130n\u015fallah umut ediyorum 2021 y\u0131l\u0131 \u2018Sevgi ve \u0130yile\u015fme Y\u0131l\u0131\u2019 olur. Tabi her \u015feyden \u00f6nemlisi herkesi Mersin&#8217;e, Mersin&#8217;in g\u00fczelliklerini g\u00f6rmeye davet ediyorum\u201d dedi.<\/p>\n<p>B\u00fcy\u00fck\u015fehir t\u00fcm y\u00f6nleriyle fuarda yerini ald\u0131<\/p>\n<p>Mersin B\u00fcy\u00fck\u015fehir Belediyesi, gastronomi, arkeoloji, k\u00fclt\u00fcr ve sanat etkinlikleri, tarihi turistik t\u00fcm \u00f6ren yerleri bilgi ve foto\u011fraflar\u0131yla fuarda yerini ald\u0131. Sekt\u00f6r temsilcilerinin online ortamda bulu\u015ftu\u011fu fuarda, K\u00fclt\u00fcr ve Sosyal \u0130\u015fler Dairesi\u2019nin koordinesinde B\u00fcy\u00fck\u015fehir Belediyesi, Mersin\u2019in turizm alan\u0131ndaki potansiyelini ve geli\u015fim hedefini ortaya koyma f\u0131rsat\u0131 buldu. B\u00fcy\u00fck\u015fehir, turizm ve tan\u0131t\u0131m anlam\u0131nda yapt\u0131\u011f\u0131 t\u00fcm faaliyetleri, gastronomisi, arkeolojik kaz\u0131 \u00e7al\u0131\u015fmalar\u0131 ile k\u00fclt\u00fcr-sanat, kad\u0131n ve aile hizmetleri, gen\u00e7lik ve spor hizmetleri ile fuarda yerini ald\u0131. B\u00fcy\u00fck\u015fehir ayr\u0131ca; VR Mersin tan\u0131t\u0131m videosu ve haz\u0131rlanan birbirinden farkl\u0131 tan\u0131t\u0131m videolar\u0131yla Mersin\u2019i farkl\u0131 y\u00f6nleriyle tan\u0131tt\u0131.<\/p>\n","protected":false},"excerpt":{"rendered":"<p>Mersin B\u00fcy\u00fck\u015fehir Belediyesi, T\u00fcrkiye\u2019nin turizm de\u011ferlerini d\u00fcnya ile bulu\u015fturan ve bu y\u0131l pandemi dolay\u0131s\u0131yla dijital olarak ger\u00e7ekle\u015ftirilen Travel Turkey \u0130zmir Turizm Fuar\u0131\u2019na kat\u0131ld\u0131. Fuarda, Mersin B\u00fcy\u00fck\u015fehir Belediyesi \u0130l Sunumu\u2019nu Ba\u015fkan &hellip; <a href=\"https:\/\/akdenizolaygazetesi.com\/?p=11039\" class=\"more-link\">Devam\u0131n\u0131 Oku&#8230;<\/a><\/p>\n","protected":false},"author":2,"featured_media":11040,"comment_status":"open","ping_status":"open","sticky":false,"template":"","format":"standard","meta":[],"categories":[34,1,2,3,5],"tags":[],"_links":{"self":[{"href":"https:\/\/akdenizolaygazetesi.com\/index.php?rest_route=\/wp\/v2\/posts\/11039"}],"collection":[{"href":"https:\/\/akdenizolaygazetesi.com\/index.php?rest_route=\/wp\/v2\/posts"}],"about":[{"href":"https:\/\/akdenizolaygazetesi.com\/index.php?rest_route=\/wp\/v2\/types\/post"}],"author":[{"embeddable":true,"href":"https:\/\/akdenizolaygazetesi.com\/index.php?rest_route=\/wp\/v2\/users\/2"}],"replies":[{"embeddable":true,"href":"https:\/\/akdenizolaygazetesi.com\/index.php?rest_route=%2Fwp%2Fv2%2Fcomments&post=11039"}],"version-history":[{"count":1,"href":"https:\/\/akdenizolaygazetesi.com\/index.php?rest_route=\/wp\/v2\/posts\/11039\/revisions"}],"predecessor-version":[{"id":11041,"href":"https:\/\/akdenizolaygazetesi.com\/index.php?rest_route=\/wp\/v2\/posts\/11039\/revisions\/11041"}],"wp:featuredmedia":[{"embeddable":true,"href":"https:\/\/akdenizolaygazetesi.com\/index.php?rest_route=\/wp\/v2\/media\/11040"}],"wp:attachment":[{"href":"https:\/\/akdenizolaygazetesi.com\/index.php?rest_route=%2Fwp%2Fv2%2Fmedia&parent=11039"}],"wp:term":[{"taxonomy":"category","embeddable":true,"href":"https:\/\/akdenizolaygazetesi.com\/index.php?rest_route=%2Fwp%2Fv2%2Fcategories&post=11039"},{"taxonomy":"post_tag","embeddable":true,"href":"https:\/\/akdenizolaygazetesi.com\/index.php?rest_route=%2Fwp%2Fv2%2Ftags&post=11039"}],"curies":[{"name":"wp","href":"https:\/\/api.w.org\/{rel}","templated":true}]}}