{"id":11054,"date":"2021-03-01T14:38:37","date_gmt":"2021-03-01T11:38:37","guid":{"rendered":"http:\/\/akdenizolaygazetesi.com\/?p=11054"},"modified":"2021-03-01T14:38:37","modified_gmt":"2021-03-01T11:38:37","slug":"toroslarda-online-mevlid","status":"publish","type":"post","link":"https:\/\/akdenizolaygazetesi.com\/?p=11054","title":{"rendered":"TOROSLAR&#8217;DA ONL\u0130NE MEVL\u0130D"},"content":{"rendered":"<p>Mersin&#8217;in Toroslar \u0130l\u00e7esi&#8217;nde, vatani g\u00f6revini yerine getirmek \u00fczere askere gidecek olan Alperen \u015eahpaz i\u00e7in online mevlid okutuldu.<\/p>\n<p>Avustralya&#8217;da ya\u015fayan askerin kuzeni Yasin G\u00f6ng\u00f6r&#8217;\u00fcn online ba\u011flant\u0131 ile Kuran-\u0131 Kerim okudu\u011fu mevlide, Toroslar Belediye Ba\u015fkan\u0131 Ats\u0131z Af\u015f\u0131n Y\u0131lmaz da kat\u0131larak gence hay\u0131rl\u0131 tezkereler diledi. Mevlid-i \u015eerif&#8217;te , mesafelerin, g\u00f6n\u00fcllerin bir olmas\u0131na engel olmad\u0131\u011f\u0131na bir kez daha dikkat \u00e7ekildi.<\/p>\n<p>Mersin Toroslar Muhtarlar Derne\u011fi Y\u00f6netim Kurulu Ba\u015fkan\u0131 ve Osmaniye Mahalle Muhtar\u0131 Cengiz \u015eahpaz&#8217;\u0131n o\u011flu Alperen \u015eahpaz i\u00e7in online asker mevlidi yap\u0131ld\u0131.<\/p>\n<p>Toroslar Belediye Ba\u015fkan\u0131 Ats\u0131z Af\u015f\u0131n Y\u0131lmaz, Cumhur \u0130ttifak\u0131 Mersin B\u00fcy\u00fck\u015fehir Belediye Ba\u015fkan Aday\u0131 ve Toroslar Belediye eski Ba\u015fkan\u0131 Hamit Tuna ile askerin yak\u0131nlar\u0131n\u0131n kat\u0131ld\u0131\u011f\u0131 mevlid, koronavir\u00fcs tedbirleri kapsam\u0131nda ger\u00e7ekle\u015ftirildi.<\/p>\n<p>BA\u015eKAN YILMAZ: &#8220;ASKER\u0130M\u0130Z\u0130 DUALARLA U\u011eURLADIK&#8221;<\/p>\n<p>Ba\u015fkan Y\u0131lmaz, online mevlidin ard\u0131ndan vatani g\u00f6revini yapacak olan \u015eahpaz&#8217;a, Toroslar Belediyesi olarak haz\u0131rlatt\u0131klar\u0131 asker setini takdim ederek, heyecan\u0131n\u0131 y\u00fcrekten payla\u015ft\u0131klar\u0131n\u0131 belirtti.<\/p>\n<p>Askerlik vazifesinin en kutsal vatanda\u015fl\u0131k g\u00f6revi oldu\u011funu kaydeden Ba\u015fkan Y\u0131lmaz; &#8220;Gen\u00e7 karde\u015fimiz Alperen&#8217;i vatani g\u00f6revini yapmak \u00fczere Toroslar&#8217;dan u\u011furluyoruz. Allah&#8217;\u0131n izniyle sa\u011f salim g\u00f6revini yap\u0131p d\u00f6nmesini diliyorum. Allah t\u00fcm askerlerimizin yolunu baht\u0131n\u0131 a\u00e7\u0131k eylesin&#8221; diye konu\u015ftu.<\/p>\n<p>Asker \u015eahpaz da kendisini bu mutlu g\u00fcn\u00fcnde yaln\u0131z b\u0131rakmad\u0131\u011f\u0131 i\u00e7in Toroslar Belediye Ba\u015fkan\u0131 Ats\u0131z Af\u015f\u0131n Y\u0131lmaz&#8217;a te\u015fekk\u00fcr etti.<\/p>\n","protected":false},"excerpt":{"rendered":"<p>Mersin&#8217;in Toroslar \u0130l\u00e7esi&#8217;nde, vatani g\u00f6revini yerine getirmek \u00fczere askere gidecek olan Alperen \u015eahpaz i\u00e7in online mevlid okutuldu. Avustralya&#8217;da ya\u015fayan askerin kuzeni Yasin G\u00f6ng\u00f6r&#8217;\u00fcn online ba\u011flant\u0131 ile Kuran-\u0131 Kerim okudu\u011fu mevlide, &hellip; <a href=\"https:\/\/akdenizolaygazetesi.com\/?p=11054\" class=\"more-link\">Devam\u0131n\u0131 Oku&#8230;<\/a><\/p>\n","protected":false},"author":2,"featured_media":11055,"comment_status":"open","ping_status":"open","sticky":false,"template":"","format":"standard","meta":[],"categories":[34,1,2,3,5],"tags":[],"_links":{"self":[{"href":"https:\/\/akdenizolaygazetesi.com\/index.php?rest_route=\/wp\/v2\/posts\/11054"}],"collection":[{"href":"https:\/\/akdenizolaygazetesi.com\/index.php?rest_route=\/wp\/v2\/posts"}],"about":[{"href":"https:\/\/akdenizolaygazetesi.com\/index.php?rest_route=\/wp\/v2\/types\/post"}],"author":[{"embeddable":true,"href":"https:\/\/akdenizolaygazetesi.com\/index.php?rest_route=\/wp\/v2\/users\/2"}],"replies":[{"embeddable":true,"href":"https:\/\/akdenizolaygazetesi.com\/index.php?rest_route=%2Fwp%2Fv2%2Fcomments&post=11054"}],"version-history":[{"count":1,"href":"https:\/\/akdenizolaygazetesi.com\/index.php?rest_route=\/wp\/v2\/posts\/11054\/revisions"}],"predecessor-version":[{"id":11056,"href":"https:\/\/akdenizolaygazetesi.com\/index.php?rest_route=\/wp\/v2\/posts\/11054\/revisions\/11056"}],"wp:featuredmedia":[{"embeddable":true,"href":"https:\/\/akdenizolaygazetesi.com\/index.php?rest_route=\/wp\/v2\/media\/11055"}],"wp:attachment":[{"href":"https:\/\/akdenizolaygazetesi.com\/index.php?rest_route=%2Fwp%2Fv2%2Fmedia&parent=11054"}],"wp:term":[{"taxonomy":"category","embeddable":true,"href":"https:\/\/akdenizolaygazetesi.com\/index.php?rest_route=%2Fwp%2Fv2%2Fcategories&post=11054"},{"taxonomy":"post_tag","embeddable":true,"href":"https:\/\/akdenizolaygazetesi.com\/index.php?rest_route=%2Fwp%2Fv2%2Ftags&post=11054"}],"curies":[{"name":"wp","href":"https:\/\/api.w.org\/{rel}","templated":true}]}}